{"id":27234,"date":"2023-01-30T20:23:14","date_gmt":"2023-01-30T23:23:14","guid":{"rendered":"https:\/\/radiorevelacionfm.cl\/?p=27234"},"modified":"2023-01-30T20:23:14","modified_gmt":"2023-01-30T23:23:14","slug":"presentan-al-nuevo-director-de-junaeb-en-la-region-de-aysen","status":"publish","type":"post","link":"https:\/\/radiorevelacionfm.cl\/?p=27234","title":{"rendered":"Presentan al nuevo director de Junaeb en la regi\u00f3n de Ays\u00e9n"},"content":{"rendered":"<div class=\"flex_column av_one_full  flex_column_div av-zero-column-padding first  avia-builder-el-0  el_before_av_one_full  avia-builder-el-first  \" style='border-radius:0px; '><div  class='avia-image-container  av-styling-    avia-builder-el-1  avia-builder-el-no-sibling  avia-align-center '  itemprop=\"image\" itemscope=\"itemscope\" itemtype=\"https:\/\/schema.org\/ImageObject\"  ><div class='avia-image-container-inner'><div class='avia-image-overlay-wrap'><img decoding=\"async\" class='wp-image-27235 avia-img-lazy-loading-not-27235 avia_image' src=\"https:\/\/radiorevelacionfm.cl\/wp-content\/uploads\/2023\/01\/nuevo-director-junaeb-02-1-1.jpg\" alt='' title='nuevo director junaeb 02 (1) (1)' height=\"600\" width=\"800\"  itemprop=\"thumbnailUrl\" srcset=\"https:\/\/radiorevelacionfm.cl\/wp-content\/uploads\/2023\/01\/nuevo-director-junaeb-02-1-1.jpg 800w, https:\/\/radiorevelacionfm.cl\/wp-content\/uploads\/2023\/01\/nuevo-director-junaeb-02-1-1-300x225.jpg 300w, https:\/\/radiorevelacionfm.cl\/wp-content\/uploads\/2023\/01\/nuevo-director-junaeb-02-1-1-768x576.jpg 768w, https:\/\/radiorevelacionfm.cl\/wp-content\/uploads\/2023\/01\/nuevo-director-junaeb-02-1-1-705x529.jpg 705w, https:\/\/radiorevelacionfm.cl\/wp-content\/uploads\/2023\/01\/nuevo-director-junaeb-02-1-1-600x450.jpg 600w\" sizes=\"(max-width: 800px) 100vw, 800px\" \/><\/div><\/div><\/div><\/div><div class=\"flex_column av_one_full  flex_column_div av-zero-column-padding first  avia-builder-el-2  el_after_av_one_full  el_before_av_one_full  column-top-margin\" style='border-radius:0px; '><section class=\"av_textblock_section \"  itemscope=\"itemscope\" itemtype=\"https:\/\/schema.org\/BlogPosting\" itemprop=\"blogPost\" ><div class='avia_textblock  '   itemprop=\"text\" ><p style=\"text-align: center;\"><strong><span style=\"font-size: 18pt;\">Presentan al nuevo director de Junaeb en la regi\u00f3n de Ays\u00e9n <\/span><\/strong><\/p>\n<div id=\"gtx-trans\" style=\"position: absolute; left: -50px; top: 4.31534px;\">\n<div class=\"gtx-trans-icon\"><\/div>\n<\/div>\n<\/div><\/section><\/div><div class=\"flex_column av_one_full  flex_column_div av-zero-column-padding first  avia-builder-el-4  el_after_av_one_full  el_before_av_hr  column-top-margin\" style='border-radius:0px; '><section class=\"av_textblock_section \"  itemscope=\"itemscope\" itemtype=\"https:\/\/schema.org\/BlogPosting\" itemprop=\"blogPost\" ><div class='avia_textblock  '   itemprop=\"text\" ><p class=\"v1MsoNormal v1ContentPasted0\" style=\"text-align: justify;\">En dependencias de la Delegaci\u00f3n Presidencial de Ays\u00e9n, el delegado Rodrigo Araya Morales, junto a la Seremi de Educaci\u00f3n, Isabel Garrido Casassa, anunciaron oficialmente al nuevo director de la Junta Nacional de Auxilio Escolar y Becas (Junaeb) para nuestro territorio austral, don Manuel Vivar \u00c1guila, quien fue designado por concurso de Alta Direcci\u00f3n P\u00fablica. Manuel Vivar es de profesi\u00f3n Ingeniero Civil Industrial, Doctor en Gobierno y Administraci\u00f3n P\u00fablica y M\u00e1ster en Econom\u00eda Aplicada con especialidad en Econom\u00eda Regional, ambos grados de la Universidad Complutense de Madrid, los que desarroll\u00f3 gracias a la obtenci\u00f3n de la Beca MAEC AECID de la Agencia de Cooperaci\u00f3n Espa\u00f1ola y la Beca Gesti\u00f3n Propia para Estudios de Doctorado en el Extranjero de CONICYT Chile.<\/p>\n<p class=\"v1MsoNormal v1ContentPasted0\" style=\"text-align: justify;\">En su trayectoria profesional, destacan sus m\u00e1s de 20 a\u00f1os de experiencia trabajando en la Regi\u00f3n de Ays\u00e9n, en la direcci\u00f3n de equipos de trabajo multidisciplinarios vinculados a la gesti\u00f3n p\u00fablica en diferentes \u00e1mbitos, resaltando en particular su labor como directivo p\u00fablico en la Direcci\u00f3n Regional del INE entre los a\u00f1os 2012-2019, y como Director Regional del Programa Servicio Pa\u00eds dependiente de la Fundaci\u00f3n para la Superaci\u00f3n de la Pobreza, entre los a\u00f1os 2002-2005. Su historia laboral en diferentes instituciones de Ays\u00e9n le ha permitido desarrollar un amplio conocimiento del territorio y de la institucionalidad regional.<\/p>\n<p class=\"v1MsoNormal v1ContentPasted0\" style=\"text-align: justify;\">En la oportunidad el Delegado Presidencial, Rodrigo Araya, manifest\u00f3 \u00abHemos conversado sobre los principales desaf\u00edos que tiene la Junaeb en nuestra regi\u00f3n, tanto en la l\u00ednea de alimentaci\u00f3n, becas, y de salud. Hay una serie de tareas que hay que cumplir sobre todo ahora, antes de iniciar el a\u00f1o escolar, que son tremendamente relevantes. El compromiso de Manuel Vivar es evidente, y tiene un manejo acabado de la situaci\u00f3n actual del servicio, por lo tanto, confiamos que tendr\u00e1 un desempe\u00f1o \u00f3ptimo y adecuado para esta labor\u00bb.<\/p>\n<p class=\"v1MsoNormal v1ContentPasted0\" style=\"text-align: justify;\">Por su parte, la Seremi de Educaci\u00f3n, Isabel Garrido motiv\u00f3 al nuevo director y a trav\u00e9s de \u00e9l a sus funcionarios a seguir realizando los mejores esfuerzos para que el trabajo de Junaeb llegue a todos los hogares que m\u00e1s lo necesitan y con los mejores resultados. \u00abEstamos muy felices de incorporar al equipo del Ministerio de Educaci\u00f3n a don Manuel Vivar, a la Junta Nacional de Auxilio Escolar y Becas. Es una persona con amplia trayectoria en el sector p\u00fablico, especializaciones en el \u00e1rea de econom\u00eda y pol\u00edticas p\u00fablicas; tenemos plena confianza que desarrollar\u00e1 muy bien su labor, ya que la Junta Nacional de Auxilio Escolar y Becas es esencial en el resguardo del derecho a la educaci\u00f3n de los ni\u00f1os y ni\u00f1as\u00bb.<\/p>\n<p class=\"v1MsoNormal v1ContentPasted0\" style=\"text-align: justify;\">En relaci\u00f3n a los mayores retos del cargo, el nuevo director de Junaeb Ays\u00e9n, Manuel Vivar, se\u00f1al\u00f3 \u00abMuy contento y orgulloso de estar asumiendo el desaf\u00edo como director de la Junaeb, considerando que efectivamente es un servicio clave para garantizar los derechos y el acceso para nuestros ni\u00f1os, ni\u00f1as y adolescentes ac\u00e1 en la regi\u00f3n, particularmente en una regi\u00f3n compleja d\u00f3nde la ruralidad y el aislamiento coloca desaf\u00edos especiales para que puedan tener acceso a la educaci\u00f3n. Asumo el cargo con mucho compromiso y responsabilidad para apoyar la implementaci\u00f3n de distintas pol\u00edticas p\u00fablicas que fortalezcan el acceso a la educaci\u00f3n de nuestros ni\u00f1os y ni\u00f1as\u00bb.<\/p>\n<\/div><\/section><\/div><div  style='height:50px' class='hr hr-invisible   avia-builder-el-6  el_after_av_one_full  el_before_av_social_share '><span class='hr-inner ' ><span class='hr-inner-style'><\/span><\/span><\/div><\/p>\n<div  class='av-social-sharing-box  avia-builder-el-7  el_after_av_hr  el_before_av_hr  '><div class='av-share-box'><h5 class='av-share-link-description av-no-toc '>Compartir esta noticia<\/h5><ul class='av-share-box-list noLightbox'><li class='av-share-link av-social-link-facebook' ><a target=\"_blank\" aria-label=\"Compartir en Facebook\" href='https:\/\/www.facebook.com\/sharer.php?u=https:\/\/radiorevelacionfm.cl\/?p=27234&#038;t=Presentan%20al%20nuevo%20director%20de%20Junaeb%20en%20la%20regi%C3%B3n%20de%20Ays%C3%A9n' aria-hidden='false' data-av_icon='\ue8f3' data-av_iconfont='entypo-fontello' title='' data-avia-related-tooltip='Compartir en Facebook' rel=\"noopener\"><span class='avia_hidden_link_text'>Compartir en Facebook<\/span><\/a><\/li><li class='av-share-link av-social-link-twitter' ><a target=\"_blank\" aria-label=\"Compartir en Twitter\" href='https:\/\/twitter.com\/share?text=Presentan%20al%20nuevo%20director%20de%20Junaeb%20en%20la%20regi%C3%B3n%20de%20Ays%C3%A9n&#038;url=https:\/\/radiorevelacionfm.cl\/?p=27234' aria-hidden='false' data-av_icon='\ue8f1' data-av_iconfont='entypo-fontello' title='' data-avia-related-tooltip='Compartir en Twitter' rel=\"noopener\"><span class='avia_hidden_link_text'>Compartir en Twitter<\/span><\/a><\/li><li class='av-share-link av-social-link-whatsapp' ><a target=\"_blank\" aria-label=\"Compartir en Whatsapp\" href='https:\/\/api.whatsapp.com\/send?text=https:\/\/radiorevelacionfm.cl\/?p=27234' aria-hidden='false' data-av_icon='\uf232' data-av_iconfont='entypo-fontello' title='' data-avia-related-tooltip='Compartir en Whatsapp' rel=\"noopener\"><span class='avia_hidden_link_text'>Compartir en Whatsapp<\/span><\/a><\/li><li class='av-share-link av-social-link-linkedin' ><a target=\"_blank\" aria-label=\"Compartir en LinkedIn\" href='https:\/\/linkedin.com\/shareArticle?mini=true&#038;title=Presentan%20al%20nuevo%20director%20de%20Junaeb%20en%20la%20regi%C3%B3n%20de%20Ays%C3%A9n&#038;url=https:\/\/radiorevelacionfm.cl\/?p=27234' aria-hidden='false' data-av_icon='\ue8fc' data-av_iconfont='entypo-fontello' title='' data-avia-related-tooltip='Compartir en LinkedIn' rel=\"noopener\"><span class='avia_hidden_link_text'>Compartir en LinkedIn<\/span><\/a><\/li><li class='av-share-link av-social-link-mail' ><a  aria-label=\"Compartir por correo\" href='mailto:?subject=Presentan%20al%20nuevo%20director%20de%20Junaeb%20en%20la%20regi%C3%B3n%20de%20Ays%C3%A9n&#038;body=https:\/\/radiorevelacionfm.cl\/?p=27234' aria-hidden='false' data-av_icon='\ue805' data-av_iconfont='entypo-fontello' title='' data-avia-related-tooltip='Compartir por correo'><span class='avia_hidden_link_text'>Compartir por correo<\/span><\/a><\/li><\/ul><\/div><\/div>\n<div  style='height:50px' class='hr hr-invisible   avia-builder-el-8  el_after_av_social_share  el_before_av_comments_list '><span class='hr-inner ' ><span class='hr-inner-style'><\/span><\/span><\/div>\n<div  class='av-buildercomment  av-blog-meta-html-info-disabled av-blog-meta-tag-disabled  '><\/div>\n","protected":false},"excerpt":{"rendered":"","protected":false},"author":1,"featured_media":27235,"comment_status":"open","ping_status":"open","sticky":false,"template":"","format":"standard","meta":{"footnotes":""},"categories":[38],"tags":[],"class_list":["post-27234","post","type-post","status-publish","format-standard","has-post-thumbnail","hentry","category-regional"],"jetpack_featured_media_url":"https:\/\/radiorevelacionfm.cl\/wp-content\/uploads\/2023\/01\/nuevo-director-junaeb-02-1-1.jpg","_links":{"self":[{"href":"https:\/\/radiorevelacionfm.cl\/index.php?rest_route=\/wp\/v2\/posts\/27234","targetHints":{"allow":["GET"]}}],"collection":[{"href":"https:\/\/radiorevelacionfm.cl\/index.php?rest_route=\/wp\/v2\/posts"}],"about":[{"href":"https:\/\/radiorevelacionfm.cl\/index.php?rest_route=\/wp\/v2\/types\/post"}],"author":[{"embeddable":true,"href":"https:\/\/radiorevelacionfm.cl\/index.php?rest_route=\/wp\/v2\/users\/1"}],"replies":[{"embeddable":true,"href":"https:\/\/radiorevelacionfm.cl\/index.php?rest_route=%2Fwp%2Fv2%2Fcomments&post=27234"}],"version-history":[{"count":2,"href":"https:\/\/radiorevelacionfm.cl\/index.php?rest_route=\/wp\/v2\/posts\/27234\/revisions"}],"predecessor-version":[{"id":27257,"href":"https:\/\/radiorevelacionfm.cl\/index.php?rest_route=\/wp\/v2\/posts\/27234\/revisions\/27257"}],"wp:featuredmedia":[{"embeddable":true,"href":"https:\/\/radiorevelacionfm.cl\/index.php?rest_route=\/wp\/v2\/media\/27235"}],"wp:attachment":[{"href":"https:\/\/radiorevelacionfm.cl\/index.php?rest_route=%2Fwp%2Fv2%2Fmedia&parent=27234"}],"wp:term":[{"taxonomy":"category","embeddable":true,"href":"https:\/\/radiorevelacionfm.cl\/index.php?rest_route=%2Fwp%2Fv2%2Fcategories&post=27234"},{"taxonomy":"post_tag","embeddable":true,"href":"https:\/\/radiorevelacionfm.cl\/index.php?rest_route=%2Fwp%2Fv2%2Ftags&post=27234"}],"curies":[{"name":"wp","href":"https:\/\/api.w.org\/{rel}","templated":true}]}}