{"id":27225,"date":"2023-01-30T15:51:28","date_gmt":"2023-01-30T18:51:28","guid":{"rendered":"https:\/\/radiorevelacionfm.cl\/?p=27225"},"modified":"2023-01-31T10:49:22","modified_gmt":"2023-01-31T13:49:22","slug":"carabineros-recibio-a-182-aspirantes-a-oficiales-quienes-ingresaron-a-la-institucion","status":"publish","type":"post","link":"https:\/\/radiorevelacionfm.cl\/?p=27225","title":{"rendered":"Carabineros recibi\u00f3 a 182 aspirantes a oficiales, quienes ingresaron a la Instituci\u00f3n"},"content":{"rendered":"<div class=\"flex_column av_one_full  flex_column_div av-zero-column-padding first  avia-builder-el-0  el_before_av_one_full  avia-builder-el-first  \" style='border-radius:0px; '><div  class='avia-image-container  av-styling-    avia-builder-el-1  avia-builder-el-no-sibling  avia-align-center '  itemprop=\"image\" itemscope=\"itemscope\" itemtype=\"https:\/\/schema.org\/ImageObject\"  ><div class='avia-image-container-inner'><div class='avia-image-overlay-wrap'><img decoding=\"async\" class='wp-image-27226 avia-img-lazy-loading-not-27226 avia_image' src=\"https:\/\/radiorevelacionfm.cl\/wp-content\/uploads\/2023\/01\/05c86276-4b03-4f8d-8013-2a4eda94b9ff-1-1.jpg\" alt='' title='05c86276-4b03-4f8d-8013-2a4eda94b9ff (1) (1)' height=\"600\" width=\"899\"  itemprop=\"thumbnailUrl\" srcset=\"https:\/\/radiorevelacionfm.cl\/wp-content\/uploads\/2023\/01\/05c86276-4b03-4f8d-8013-2a4eda94b9ff-1-1.jpg 899w, https:\/\/radiorevelacionfm.cl\/wp-content\/uploads\/2023\/01\/05c86276-4b03-4f8d-8013-2a4eda94b9ff-1-1-300x200.jpg 300w, https:\/\/radiorevelacionfm.cl\/wp-content\/uploads\/2023\/01\/05c86276-4b03-4f8d-8013-2a4eda94b9ff-1-1-768x513.jpg 768w, https:\/\/radiorevelacionfm.cl\/wp-content\/uploads\/2023\/01\/05c86276-4b03-4f8d-8013-2a4eda94b9ff-1-1-705x471.jpg 705w, https:\/\/radiorevelacionfm.cl\/wp-content\/uploads\/2023\/01\/05c86276-4b03-4f8d-8013-2a4eda94b9ff-1-1-600x400.jpg 600w\" sizes=\"(max-width: 899px) 100vw, 899px\" \/><\/div><\/div><\/div><\/div><div class=\"flex_column av_one_full  flex_column_div av-zero-column-padding first  avia-builder-el-2  el_after_av_one_full  el_before_av_one_full  column-top-margin\" style='border-radius:0px; '><section class=\"av_textblock_section \"  itemscope=\"itemscope\" itemtype=\"https:\/\/schema.org\/BlogPosting\" itemprop=\"blogPost\" ><div class='avia_textblock  '   itemprop=\"text\" ><p style=\"text-align: center;\"><span style=\"font-size: 18pt;\"><b>Carabineros recibi\u00f3 a 182 aspirantes a oficiales, quienes ingresaron a la Instituci\u00f3n<\/b><\/span><\/p>\n<div id=\"gtx-trans\" style=\"position: absolute; left: -50px; top: 4.31534px;\">\n<div class=\"gtx-trans-icon\"><\/div>\n<\/div>\n<\/div><\/section><\/div><div class=\"flex_column av_one_full  flex_column_div av-zero-column-padding first  avia-builder-el-4  el_after_av_one_full  el_before_av_hr  column-top-margin\" style='border-radius:0px; '><section class=\"av_textblock_section \"  itemscope=\"itemscope\" itemtype=\"https:\/\/schema.org\/BlogPosting\" itemprop=\"blogPost\" ><div class='avia_textblock  '   itemprop=\"text\" ><p class=\"v1MsoNormal\" style=\"text-align: justify;\">Con la ilusi\u00f3n de pertenecer a Carabineros de Chile, 182 aspirantes a oficiales, 122 hombres y 60 mujeres -junto con sus padres y apoderados- ingresaron a la Escuela del General Carlos Ib\u00e1\u00f1ez Del Campo, ubicada en la comuna de Providencia para comenzar su formaci\u00f3n, la que culminar\u00e1 en el a\u00f1o 2026, justo a las puertas del Centenario.<\/p>\n<p class=\"v1MsoNormal\" style=\"text-align: justify;\">Uno a uno los y las aspirantes se iban despidiendo de sus familiares y amigos m\u00e1s cercanos, para comenzar este camino de cuatro a\u00f1os donde recibir\u00e1n las ense\u00f1anzas y la doctrina necesaria para as\u00ed ser parte del Carabinero del Centenario, ya que su periodo de formaci\u00f3n comprende entre 2023-2026.<\/p>\n<p class=\"v1MsoNormal\" style=\"text-align: justify;\">El discurso de bienvenida en el Anfiteatro, fue del General Inspector Marcelo Araya Zapata, quien como General Director (s), quien remarc\u00f3 el sentido familiar que tiene esta fecha. \u00abSin duda, este es un d\u00eda que quedar\u00e1 marcado en los nuevos aspirantes, es una tradici\u00f3n que se traspasa de generaci\u00f3n en generaci\u00f3n, volver a sentir ese primer d\u00eda. Los que ya hace m\u00e1s de tres d\u00e9cadas, volvemos a recordar aquel momento. El ambiente familiar en esta etapa es fundamental para el crecimiento y formaci\u00f3n de nuestros futuros oficiales. En nombre del General Director, Ricardo Y\u00e1\u00f1ez Reveco, les envi\u00f3 un saludo afectuoso a cada uno y una de los aspirantes y agradecer el esfuerzo de cada familia por pertenecer a esta gran Instituci\u00f3n que avanza a pasos agigantados a sus 100 a\u00f1os, el pr\u00f3ximo a\u00f1o 2027\u00bb, expres\u00f3 Araya.<\/p>\n<p class=\"v1MsoNormal\" style=\"text-align: justify;\">Para las familias presentes es un gran orgullo que sus hijos formen desde hoy las filas de Carabineros de Chile. \u00abBien emotivas las palabras del General Araya, se refiri\u00f3 bastante a las familias y nos deja tranquilos con la experiencia que mi hijo va a tener en su carrera profesional\u00bb, dijo Arturo Espinoza, quien fue a dejar a su hijo a la Escuela de Carabineros.<\/p>\n<p class=\"v1MsoNormal\" style=\"text-align: justify;\">La madre, en tanto, Magdalena Colombre, se mostr\u00f3 orgullosa de su hijo y les dese\u00f3 \u00e9xito a todos los oficiales que ingresaron, \u00abya que es la carrera que eligieron y nosotros como padres debemos apoyarlos y estar con ellos hasta que salgan a la calle a vestir el uniforme y ayudar a la comunidad\u00bb.<\/p>\n<\/div><\/section><\/div><div  style='height:50px' class='hr hr-invisible   avia-builder-el-6  el_after_av_one_full  el_before_av_social_share '><span class='hr-inner ' ><span class='hr-inner-style'><\/span><\/span><\/div><\/p>\n<div  class='av-social-sharing-box  avia-builder-el-7  el_after_av_hr  el_before_av_hr  '><div class='av-share-box'><h5 class='av-share-link-description av-no-toc '>Compartir esta noticia<\/h5><ul class='av-share-box-list noLightbox'><li class='av-share-link av-social-link-facebook' ><a target=\"_blank\" aria-label=\"Compartir en Facebook\" href='https:\/\/www.facebook.com\/sharer.php?u=https:\/\/radiorevelacionfm.cl\/?p=27225&#038;t=Carabineros%20recibi%C3%B3%20a%20182%20aspirantes%20a%20oficiales%2C%20quienes%20ingresaron%20a%20la%20Instituci%C3%B3n' aria-hidden='false' data-av_icon='\ue8f3' data-av_iconfont='entypo-fontello' title='' data-avia-related-tooltip='Compartir en Facebook' rel=\"noopener\"><span class='avia_hidden_link_text'>Compartir en Facebook<\/span><\/a><\/li><li class='av-share-link av-social-link-twitter' ><a target=\"_blank\" aria-label=\"Compartir en Twitter\" href='https:\/\/twitter.com\/share?text=Carabineros%20recibi%C3%B3%20a%20182%20aspirantes%20a%20oficiales%2C%20quienes%20ingresaron%20a%20la%20Instituci%C3%B3n&#038;url=https:\/\/radiorevelacionfm.cl\/?p=27225' aria-hidden='false' data-av_icon='\ue8f1' data-av_iconfont='entypo-fontello' title='' data-avia-related-tooltip='Compartir en Twitter' rel=\"noopener\"><span class='avia_hidden_link_text'>Compartir en Twitter<\/span><\/a><\/li><li class='av-share-link av-social-link-whatsapp' ><a target=\"_blank\" aria-label=\"Compartir en Whatsapp\" href='https:\/\/api.whatsapp.com\/send?text=https:\/\/radiorevelacionfm.cl\/?p=27225' aria-hidden='false' data-av_icon='\uf232' data-av_iconfont='entypo-fontello' title='' data-avia-related-tooltip='Compartir en Whatsapp' rel=\"noopener\"><span class='avia_hidden_link_text'>Compartir en Whatsapp<\/span><\/a><\/li><li class='av-share-link av-social-link-linkedin' ><a target=\"_blank\" aria-label=\"Compartir en LinkedIn\" href='https:\/\/linkedin.com\/shareArticle?mini=true&#038;title=Carabineros%20recibi%C3%B3%20a%20182%20aspirantes%20a%20oficiales%2C%20quienes%20ingresaron%20a%20la%20Instituci%C3%B3n&#038;url=https:\/\/radiorevelacionfm.cl\/?p=27225' aria-hidden='false' data-av_icon='\ue8fc' data-av_iconfont='entypo-fontello' title='' data-avia-related-tooltip='Compartir en LinkedIn' rel=\"noopener\"><span class='avia_hidden_link_text'>Compartir en LinkedIn<\/span><\/a><\/li><li class='av-share-link av-social-link-mail' ><a  aria-label=\"Compartir por correo\" href='mailto:?subject=Carabineros%20recibi%C3%B3%20a%20182%20aspirantes%20a%20oficiales%2C%20quienes%20ingresaron%20a%20la%20Instituci%C3%B3n&#038;body=https:\/\/radiorevelacionfm.cl\/?p=27225' aria-hidden='false' data-av_icon='\ue805' data-av_iconfont='entypo-fontello' title='' data-avia-related-tooltip='Compartir por correo'><span class='avia_hidden_link_text'>Compartir por correo<\/span><\/a><\/li><\/ul><\/div><\/div>\n<div  style='height:50px' class='hr hr-invisible   avia-builder-el-8  el_after_av_social_share  el_before_av_comments_list '><span class='hr-inner ' ><span class='hr-inner-style'><\/span><\/span><\/div>\n<div  class='av-buildercomment  av-blog-meta-html-info-disabled av-blog-meta-tag-disabled  '><\/div>\n","protected":false},"excerpt":{"rendered":"","protected":false},"author":1,"featured_media":27226,"comment_status":"open","ping_status":"open","sticky":false,"template":"","format":"standard","meta":{"footnotes":""},"categories":[61],"tags":[],"class_list":["post-27225","post","type-post","status-publish","format-standard","has-post-thumbnail","hentry","category-nacional"],"jetpack_featured_media_url":"https:\/\/radiorevelacionfm.cl\/wp-content\/uploads\/2023\/01\/05c86276-4b03-4f8d-8013-2a4eda94b9ff-1-1.jpg","_links":{"self":[{"href":"https:\/\/radiorevelacionfm.cl\/index.php?rest_route=\/wp\/v2\/posts\/27225","targetHints":{"allow":["GET"]}}],"collection":[{"href":"https:\/\/radiorevelacionfm.cl\/index.php?rest_route=\/wp\/v2\/posts"}],"about":[{"href":"https:\/\/radiorevelacionfm.cl\/index.php?rest_route=\/wp\/v2\/types\/post"}],"author":[{"embeddable":true,"href":"https:\/\/radiorevelacionfm.cl\/index.php?rest_route=\/wp\/v2\/users\/1"}],"replies":[{"embeddable":true,"href":"https:\/\/radiorevelacionfm.cl\/index.php?rest_route=%2Fwp%2Fv2%2Fcomments&post=27225"}],"version-history":[{"count":2,"href":"https:\/\/radiorevelacionfm.cl\/index.php?rest_route=\/wp\/v2\/posts\/27225\/revisions"}],"predecessor-version":[{"id":27229,"href":"https:\/\/radiorevelacionfm.cl\/index.php?rest_route=\/wp\/v2\/posts\/27225\/revisions\/27229"}],"wp:featuredmedia":[{"embeddable":true,"href":"https:\/\/radiorevelacionfm.cl\/index.php?rest_route=\/wp\/v2\/media\/27226"}],"wp:attachment":[{"href":"https:\/\/radiorevelacionfm.cl\/index.php?rest_route=%2Fwp%2Fv2%2Fmedia&parent=27225"}],"wp:term":[{"taxonomy":"category","embeddable":true,"href":"https:\/\/radiorevelacionfm.cl\/index.php?rest_route=%2Fwp%2Fv2%2Fcategories&post=27225"},{"taxonomy":"post_tag","embeddable":true,"href":"https:\/\/radiorevelacionfm.cl\/index.php?rest_route=%2Fwp%2Fv2%2Ftags&post=27225"}],"curies":[{"name":"wp","href":"https:\/\/api.w.org\/{rel}","templated":true}]}}