{"id":27221,"date":"2023-01-30T11:14:12","date_gmt":"2023-01-30T14:14:12","guid":{"rendered":"https:\/\/radiorevelacionfm.cl\/?p=27221"},"modified":"2023-01-30T11:14:12","modified_gmt":"2023-01-30T14:14:12","slug":"interes-ciudadano-genera-en-puerto-guadal-proceso-de-evaluacion-ambiental-de-central-los-maquis","status":"publish","type":"post","link":"https:\/\/radiorevelacionfm.cl\/?p=27221","title":{"rendered":"Inter\u00e9s ciudadano genera en Puerto Guadal proceso de evaluaci\u00f3n ambiental de central Los Maquis"},"content":{"rendered":"<div class=\"flex_column av_one_full  flex_column_div av-zero-column-padding first  avia-builder-el-0  el_before_av_one_full  avia-builder-el-first  \" style='border-radius:0px; '><div  class='avia-image-container  av-styling-    avia-builder-el-1  avia-builder-el-no-sibling  avia-align-center '  itemprop=\"image\" itemscope=\"itemscope\" itemtype=\"https:\/\/schema.org\/ImageObject\"  ><div class='avia-image-container-inner'><div class='avia-image-overlay-wrap'><img decoding=\"async\" class='wp-image-27222 avia-img-lazy-loading-not-27222 avia_image' src=\"https:\/\/radiorevelacionfm.cl\/wp-content\/uploads\/2023\/01\/20230120_181822-1-1.jpg\" alt='' title='20230120_181822 (1) (1)' height=\"600\" width=\"800\"  itemprop=\"thumbnailUrl\" srcset=\"https:\/\/radiorevelacionfm.cl\/wp-content\/uploads\/2023\/01\/20230120_181822-1-1.jpg 800w, https:\/\/radiorevelacionfm.cl\/wp-content\/uploads\/2023\/01\/20230120_181822-1-1-300x225.jpg 300w, https:\/\/radiorevelacionfm.cl\/wp-content\/uploads\/2023\/01\/20230120_181822-1-1-768x576.jpg 768w, https:\/\/radiorevelacionfm.cl\/wp-content\/uploads\/2023\/01\/20230120_181822-1-1-705x529.jpg 705w, https:\/\/radiorevelacionfm.cl\/wp-content\/uploads\/2023\/01\/20230120_181822-1-1-600x450.jpg 600w\" sizes=\"(max-width: 800px) 100vw, 800px\" \/><\/div><\/div><\/div><\/div><div class=\"flex_column av_one_full  flex_column_div av-zero-column-padding first  avia-builder-el-2  el_after_av_one_full  el_before_av_one_full  column-top-margin\" style='border-radius:0px; '><section class=\"av_textblock_section \"  itemscope=\"itemscope\" itemtype=\"https:\/\/schema.org\/BlogPosting\" itemprop=\"blogPost\" ><div class='avia_textblock  '   itemprop=\"text\" ><p style=\"text-align: center;\"><span style=\"font-size: 18pt;\"><b><span lang=\"ES\">Inter<\/span><\/b><b><span lang=\"X-NONE\">\u00e9s ciudadano genera en Puerto Guadal proceso de evaluaci\u00f3n ambiental de central Los Maquis<\/span><\/b><\/span><\/p>\n<div id=\"gtx-trans\" style=\"position: absolute; left: -50px; top: 4.31534px;\">\n<div class=\"gtx-trans-icon\"><\/div>\n<\/div>\n<\/div><\/section><\/div><div class=\"flex_column av_one_full  flex_column_div av-zero-column-padding first  avia-builder-el-4  el_after_av_one_full  el_before_av_hr  column-top-margin\" style='border-radius:0px; '><section class=\"av_textblock_section \"  itemscope=\"itemscope\" itemtype=\"https:\/\/schema.org\/BlogPosting\" itemprop=\"blogPost\" ><div class='avia_textblock  '   itemprop=\"text\" ><p class=\"v1MsoNormal\" style=\"text-align: justify;\"><span lang=\"ES\">Unos 40 vecinos y vecinas se dieron cita el viernes\u00a0<\/span><span lang=\"X-NONE\">20 de enero en la sede comunitaria de Puerto Guadal, con el fin de informarse sobre el proceso de evaluaci\u00f3n ambiental obligatorio de la central hidroel\u00e9ctrica Los Maquis.\u00a0\u00a0Esto, en el marco del proceso de participaci\u00f3n ciudadana anticipada (PACA) que desarrolla la empresa luego que el Tribunal Ambiental de Valdivia, y posteriormente la Superintendencia del Medio Ambiente (SMA), ordenara a Edelays\u00e9n someter el proyecto, ya construido al margen de la legalidad, al Sistema de Evaluaci\u00f3n de Impacto Ambiental (SEIA).\u00a0<\/span><\/p>\n<p class=\"v1MsoNormal\" style=\"text-align: justify;\"><span lang=\"X-NONE\">Desde hace algunos meses, la el\u00e9ctrica ha estado reuni\u00e9ndose con organizaciones de la comunidad con el fin de cumplir el dictamen de las autoridades ambientales. Las \u00faltimas citas se desarrollaron durante el mes de enero, donde se acord\u00f3 establecer 3 mesas de trabajo en los cuales se aborden los temas que las y los pobladores quieran incluir en la elaboraci\u00f3n del instrumento ambiental a someter a evaluaci\u00f3n (y que elabora Foco Ambiental Consultores SpA), sea \u00e9ste declaraci\u00f3n (DIA) o estudio de impacto ambiental (EIA).\u00a0\u00a0La PACA es llevada adelante por la consultora Engage RSE, mientras que el cronograma aceptado por la SMA establece que el proyecto debe ingresar a evaluaci\u00f3n durante la semana del 13 de marzo de 2023.<\/span><\/p>\n<p class=\"v1MsoNormal\" style=\"text-align: justify;\"><span lang=\"X-NONE\">Durante las reuniones sostenidas con la empresa, se acord\u00f3 que las tres mesas de trabajo comiencen a operar en marzo, el mismo mes que Edelays\u00e9n debe ingresar su proyecto al SEIA.<\/span><\/p>\n<p class=\"v1MsoNormal\" style=\"text-align: justify;\"><b><span lang=\"X-NONE\">Participaci\u00f3n comunitaria<\/span><\/b><b><\/b><\/p>\n<p class=\"v1MsoNormal\" style=\"text-align: justify;\"><span lang=\"X-NONE\">La actividad informativa del 20 de enero fue organizada por la agrupaci\u00f3n local Los Maquis Libre en conjunto con la Corporaci\u00f3n Privada para el Desarrollo de Ays\u00e9n (CODESA) y el apoyo de la Junta de Vecinos N8 de la localidad.\u00a0\u00a0Crist\u00f3bal Weber, de Los Maquis Libre, expres\u00f3 que \u00e9sta fue \u00abmuy positiva, por su car\u00e1cter informativo, ya que era necesario poner al d\u00eda a la comunidad en qu\u00e9 estado se encuentra el proyecto\u00bb.\u00a0\u00a0Explic\u00f3 que se abordaron \u00abtemas legales y las mentiras e ilegalidades que ha cometido la empresa Edelays\u00e9n en todo este proceso\u00bb.<\/span><\/p>\n<p class=\"v1MsoNormal\" style=\"text-align: justify;\"><span lang=\"X-NONE\">Agreg\u00f3 que la cita \u00absirvi\u00f3 para explicar y empoderar a los asistentes acerca de sus derechos y deberes en este proyecto, siendo muy importante ahora que la empresa est\u00e1 realizando una PACA. Tambi\u00e9n para estar preparados para una posible participaci\u00f3n ciudadana dentro del proceso legal de ingreso al SEIA\u00bb. Por \u00faltimo, indic\u00f3 que \u00abqueremos agradecer al presidente de CODESA y asesor legal en este proceso,\u00a0\u00a0Erwin Sandoval, por su tiempo y dedicaci\u00f3n al venir a Puerto Guadal a explicar de forma tan clara toda la informaci\u00f3n. Esperamos que la empresa considere nuestras peticiones e ingrese su proyecto como estudio de impacto ambiental y no s\u00f3lo como declaraci\u00f3n, que es lo que viene anunciando desde hace un tiempo\u00bb.<\/span><\/p>\n<p class=\"v1MsoNormal\" style=\"text-align: justify;\"><span lang=\"X-NONE\">Erwin Sandoval, en tanto, expres\u00f3 que \u00abestamos muy contentos y conformes por la actividad desarrollada por el colectivo Los Maquis Libre.\u00a0\u00a0Conformes por el inter\u00e9s de la comunidad por conocer el estado actual del proyecto\u00bb.<\/span><\/p>\n<p class=\"v1MsoNormal\" style=\"text-align: justify;\"><span lang=\"X-NONE\">Puntualiz\u00f3 que la reuni\u00f3n \u00abnace de la necesidad de poner al d\u00eda, de entregar informaci\u00f3n actualizada del estado de tramitaci\u00f3n de este proyecto y de las denuncias ciudadanas que se interpusieron durante el a\u00f1o 2020 y de las cuales hemos ido teniendo muy buenos resultados\u00bb.<\/span><\/p>\n<p class=\"v1MsoNormal\" style=\"text-align: justify;\"><span lang=\"X-NONE\">Entre \u00e9stos, que \u00abse ha reconocido que este proyecto se ejecut\u00f3 ilegalmente.\u00a0\u00a0Le hemos podido transmitir esta informaci\u00f3n a la comunidad. Es un proyecto que hoy se encuentra obligado, por dict\u00e1menes de tribunales ambientales y la SMA, a ingresar a SEIA en marzo\u00bb.\u00a0\u00a0<\/span><\/p>\n<p class=\"v1MsoNormal\" style=\"text-align: justify;\"><span lang=\"X-NONE\">Otro aspecto que el dirigente siente oblig\u00f3 a realizar la reuni\u00f3n es la \u00abpreocupaci\u00f3n.\u00a0\u00a0Esto porque en el proceso de PACA se ha transmitido informaci\u00f3n\u00a0\u00a0inexacta o lisa y llanamente falsa.\u00a0\u00a0Por ello ha sido necesario, en este marco, transmitir cierta informaci\u00f3n objetiva a la comunidad\u00bb.<\/span><\/p>\n<p class=\"v1MsoNormal\" style=\"text-align: justify;\"><span lang=\"X-NONE\">Ejemplific\u00f3 esto se\u00f1alando que \u00abla empresa ha dicho que ya contaba con permisos ambientales para construir su proyecto, lo cual es falso. Ha se\u00f1alado que su proyecto contempla s\u00f3lo la rehabilitaci\u00f3n y reutilizaci\u00f3n de la infraestructura de la central que oper\u00f3 en la d\u00e9cada de los 80, lo cual tampoco es verdadero.\u00a0\u00a0Y ha indicado que no ha encontrado ning\u00fan antecedente que la obligue a ingresar v\u00eda EIA y nosotros pensamos que hay m\u00e9ritos m\u00e1s que suficientes\u00bb.<\/span><\/p>\n<\/div><\/section><\/div><div  style='height:50px' class='hr hr-invisible   avia-builder-el-6  el_after_av_one_full  el_before_av_social_share '><span class='hr-inner ' ><span class='hr-inner-style'><\/span><\/span><\/div><\/p>\n<div  class='av-social-sharing-box  avia-builder-el-7  el_after_av_hr  el_before_av_hr  '><div class='av-share-box'><h5 class='av-share-link-description av-no-toc '>Compartir esta noticia<\/h5><ul class='av-share-box-list noLightbox'><li class='av-share-link av-social-link-facebook' ><a target=\"_blank\" aria-label=\"Compartir en Facebook\" href='https:\/\/www.facebook.com\/sharer.php?u=https:\/\/radiorevelacionfm.cl\/?p=27221&#038;t=Inter%C3%A9s%20ciudadano%20genera%20en%20Puerto%20Guadal%20proceso%20de%20evaluaci%C3%B3n%20ambiental%20de%20central%20Los%20Maquis' aria-hidden='false' data-av_icon='\ue8f3' data-av_iconfont='entypo-fontello' title='' data-avia-related-tooltip='Compartir en Facebook' rel=\"noopener\"><span class='avia_hidden_link_text'>Compartir en Facebook<\/span><\/a><\/li><li class='av-share-link av-social-link-twitter' ><a target=\"_blank\" aria-label=\"Compartir en Twitter\" href='https:\/\/twitter.com\/share?text=Inter%C3%A9s%20ciudadano%20genera%20en%20Puerto%20Guadal%20proceso%20de%20evaluaci%C3%B3n%20ambiental%20de%20central%20Los%20Maquis&#038;url=https:\/\/radiorevelacionfm.cl\/?p=27221' aria-hidden='false' data-av_icon='\ue8f1' data-av_iconfont='entypo-fontello' title='' data-avia-related-tooltip='Compartir en Twitter' rel=\"noopener\"><span class='avia_hidden_link_text'>Compartir en Twitter<\/span><\/a><\/li><li class='av-share-link av-social-link-whatsapp' ><a target=\"_blank\" aria-label=\"Compartir en Whatsapp\" href='https:\/\/api.whatsapp.com\/send?text=https:\/\/radiorevelacionfm.cl\/?p=27221' aria-hidden='false' data-av_icon='\uf232' data-av_iconfont='entypo-fontello' title='' data-avia-related-tooltip='Compartir en Whatsapp' rel=\"noopener\"><span class='avia_hidden_link_text'>Compartir en Whatsapp<\/span><\/a><\/li><li class='av-share-link av-social-link-linkedin' ><a target=\"_blank\" aria-label=\"Compartir en LinkedIn\" href='https:\/\/linkedin.com\/shareArticle?mini=true&#038;title=Inter%C3%A9s%20ciudadano%20genera%20en%20Puerto%20Guadal%20proceso%20de%20evaluaci%C3%B3n%20ambiental%20de%20central%20Los%20Maquis&#038;url=https:\/\/radiorevelacionfm.cl\/?p=27221' aria-hidden='false' data-av_icon='\ue8fc' data-av_iconfont='entypo-fontello' title='' data-avia-related-tooltip='Compartir en LinkedIn' rel=\"noopener\"><span class='avia_hidden_link_text'>Compartir en LinkedIn<\/span><\/a><\/li><li class='av-share-link av-social-link-mail' ><a  aria-label=\"Compartir por correo\" href='mailto:?subject=Inter%C3%A9s%20ciudadano%20genera%20en%20Puerto%20Guadal%20proceso%20de%20evaluaci%C3%B3n%20ambiental%20de%20central%20Los%20Maquis&#038;body=https:\/\/radiorevelacionfm.cl\/?p=27221' aria-hidden='false' data-av_icon='\ue805' data-av_iconfont='entypo-fontello' title='' data-avia-related-tooltip='Compartir por correo'><span class='avia_hidden_link_text'>Compartir por correo<\/span><\/a><\/li><\/ul><\/div><\/div>\n<div  style='height:50px' class='hr hr-invisible   avia-builder-el-8  el_after_av_social_share  el_before_av_comments_list '><span class='hr-inner ' ><span class='hr-inner-style'><\/span><\/span><\/div>\n<div  class='av-buildercomment  av-blog-meta-html-info-disabled av-blog-meta-tag-disabled  '><\/div>\n","protected":false},"excerpt":{"rendered":"","protected":false},"author":1,"featured_media":27222,"comment_status":"open","ping_status":"open","sticky":false,"template":"","format":"standard","meta":{"footnotes":""},"categories":[39],"tags":[],"class_list":["post-27221","post","type-post","status-publish","format-standard","has-post-thumbnail","hentry","category-medio-ambiente"],"jetpack_featured_media_url":"https:\/\/radiorevelacionfm.cl\/wp-content\/uploads\/2023\/01\/20230120_181822-1-1.jpg","_links":{"self":[{"href":"https:\/\/radiorevelacionfm.cl\/index.php?rest_route=\/wp\/v2\/posts\/27221","targetHints":{"allow":["GET"]}}],"collection":[{"href":"https:\/\/radiorevelacionfm.cl\/index.php?rest_route=\/wp\/v2\/posts"}],"about":[{"href":"https:\/\/radiorevelacionfm.cl\/index.php?rest_route=\/wp\/v2\/types\/post"}],"author":[{"embeddable":true,"href":"https:\/\/radiorevelacionfm.cl\/index.php?rest_route=\/wp\/v2\/users\/1"}],"replies":[{"embeddable":true,"href":"https:\/\/radiorevelacionfm.cl\/index.php?rest_route=%2Fwp%2Fv2%2Fcomments&post=27221"}],"version-history":[{"count":2,"href":"https:\/\/radiorevelacionfm.cl\/index.php?rest_route=\/wp\/v2\/posts\/27221\/revisions"}],"predecessor-version":[{"id":27224,"href":"https:\/\/radiorevelacionfm.cl\/index.php?rest_route=\/wp\/v2\/posts\/27221\/revisions\/27224"}],"wp:featuredmedia":[{"embeddable":true,"href":"https:\/\/radiorevelacionfm.cl\/index.php?rest_route=\/wp\/v2\/media\/27222"}],"wp:attachment":[{"href":"https:\/\/radiorevelacionfm.cl\/index.php?rest_route=%2Fwp%2Fv2%2Fmedia&parent=27221"}],"wp:term":[{"taxonomy":"category","embeddable":true,"href":"https:\/\/radiorevelacionfm.cl\/index.php?rest_route=%2Fwp%2Fv2%2Fcategories&post=27221"},{"taxonomy":"post_tag","embeddable":true,"href":"https:\/\/radiorevelacionfm.cl\/index.php?rest_route=%2Fwp%2Fv2%2Ftags&post=27221"}],"curies":[{"name":"wp","href":"https:\/\/api.w.org\/{rel}","templated":true}]}}