{"id":27214,"date":"2023-01-30T10:02:09","date_gmt":"2023-01-30T13:02:09","guid":{"rendered":"https:\/\/radiorevelacionfm.cl\/?p=27214"},"modified":"2023-01-30T10:02:09","modified_gmt":"2023-01-30T13:02:09","slug":"cuerpo-de-bomberos-de-coyhaique-proyecta-trabajo-en-conjunto-con-el-municipio","status":"publish","type":"post","link":"https:\/\/radiorevelacionfm.cl\/?p=27214","title":{"rendered":"Cuerpo de Bomberos de Coyhaique proyecta trabajo en conjunto con el Municipio"},"content":{"rendered":"<div class=\"flex_column av_one_full  flex_column_div av-zero-column-padding first  avia-builder-el-0  el_before_av_one_full  avia-builder-el-first  \" style='border-radius:0px; '><div  class='avia-image-container  av-styling-    avia-builder-el-1  avia-builder-el-no-sibling  avia-align-center '  itemprop=\"image\" itemscope=\"itemscope\" itemtype=\"https:\/\/schema.org\/ImageObject\"  ><div class='avia-image-container-inner'><div class='avia-image-overlay-wrap'><img decoding=\"async\" class='wp-image-27216 avia-img-lazy-loading-not-27216 avia_image' src=\"https:\/\/radiorevelacionfm.cl\/wp-content\/uploads\/2023\/01\/Grupal-2-1-1.jpg\" alt='' title='Grupal 2 (1) (1)' height=\"600\" width=\"786\"  itemprop=\"thumbnailUrl\" srcset=\"https:\/\/radiorevelacionfm.cl\/wp-content\/uploads\/2023\/01\/Grupal-2-1-1.jpg 786w, https:\/\/radiorevelacionfm.cl\/wp-content\/uploads\/2023\/01\/Grupal-2-1-1-300x229.jpg 300w, https:\/\/radiorevelacionfm.cl\/wp-content\/uploads\/2023\/01\/Grupal-2-1-1-768x586.jpg 768w, https:\/\/radiorevelacionfm.cl\/wp-content\/uploads\/2023\/01\/Grupal-2-1-1-705x538.jpg 705w, https:\/\/radiorevelacionfm.cl\/wp-content\/uploads\/2023\/01\/Grupal-2-1-1-600x458.jpg 600w\" sizes=\"(max-width: 786px) 100vw, 786px\" \/><\/div><\/div><\/div><\/div><div class=\"flex_column av_one_full  flex_column_div av-zero-column-padding first  avia-builder-el-2  el_after_av_one_full  el_before_av_one_full  column-top-margin\" style='border-radius:0px; '><section class=\"av_textblock_section \"  itemscope=\"itemscope\" itemtype=\"https:\/\/schema.org\/BlogPosting\" itemprop=\"blogPost\" ><div class='avia_textblock  '   itemprop=\"text\" ><p style=\"text-align: center;\"><span style=\"font-size: 18pt;\"><strong>Cuerpo de Bomberos de Coyhaique proyecta trabajo en conjunto con el Municipio <\/strong><\/span><\/p>\n<div id=\"gtx-trans\" style=\"position: absolute; left: -50px; top: 4.31534px;\">\n<div class=\"gtx-trans-icon\"><\/div>\n<\/div>\n<\/div><\/section><\/div><div class=\"flex_column av_one_full  flex_column_div av-zero-column-padding first  avia-builder-el-4  el_after_av_one_full  el_before_av_hr  column-top-margin\" style='border-radius:0px; '><section class=\"av_textblock_section \"  itemscope=\"itemscope\" itemtype=\"https:\/\/schema.org\/BlogPosting\" itemprop=\"blogPost\" ><div class='avia_textblock  '   itemprop=\"text\" ><p style=\"text-align: justify;\">En el Cuartel de la Tercera Compa\u00f1\u00eda ubicado en calle Las Quintas, se realiz\u00f3 una importante reuni\u00f3n de trabajo entre el Directorio General del Cuerpo de Bomberos de Coyhaique, liderados por su Superintendente Jorge Vidal Pacheco y el Alcalde de la Municipalidad de Coyhaique Carlos Gatica, junto a las y los Concejales, Ana Mar\u00eda Navarrete, Fidel Pinilla y Johanna\u00a0 Hern\u00e1ndez.\u00a0 En la oportunidad Bomberos present\u00f3 su \u00f3rgano directivo a las autoridades municipales y se trataron diversos temas de inter\u00e9s, tanto para la instituci\u00f3n bomberil y el municipio, enfocados en temas presupuestarios, de infraestructura y de acciones conjuntas, esto con el\u00a0 objetivo principal\u00a0 de un mejor desarrollo de la instituci\u00f3n voluntaria.<\/p>\n<p style=\"text-align: justify;\">Seg\u00fan indic\u00f3 Vidal Pacheco \u201cPudimos presentarnos al Alcalde y adem\u00e1s plantearle nuestras necesidades para este a\u00f1o, lo que tuvo una muy buena acogida de parte de \u00e9l y de los Concejales que asistieron. Acordamos trabajar por un aumento de la subvenci\u00f3n municipal, junto con colaborar en proyectos de infraestructura para nuestros cuarteles, y desarrollar una alianza de trabajo que permita realizar acciones preventivas en la comunidad, junto con permitirnos ser parte de actividades municipales con acciones que nos permitan percibir recursos para nuestros voluntarios, bombas y cuarteles, lo que hoy es una necesidad imperiosa\u201d.<\/p>\n<p style=\"text-align: justify;\">Desde el Municipio, se estableci\u00f3 un compromiso por buscar la forma de aumentar la entrega de recursos que a\u00f1o a a\u00f1o se realiza a Bomberos, lo que a juicio del Alcalde Gatica \u201cfue una reuni\u00f3n muy productiva, sobre las necesidades de Bomberos y su trabajo. Es sabido que han percibido una disminuci\u00f3n de sus ingresos desde el nivel central, y estamos buscando como apoyarlos eficazmente, para que puedan cubrir sus gastos operacionales adecuadamente y mejorar su infraestructura, en cuarteles que requieren una pronta intervenci\u00f3n. El trabajo de Bomberos es vital para nuestra comuna, y debemos apoyarlos ya que prestan un gran servicio de manera voluntaria\u201d.<\/p>\n<p style=\"text-align: justify;\">Asimismo, la Concejala Ana Mar\u00eda Navarrete indic\u00f3 \u201cfue un espacio interesante, donde pudimos conocer m\u00e1s el trabajo de Bomberos, y sus problemas presupuestarios. Esperamos seguir trabajando con ellos con fuerza, por el servicio que entregan a la comunidad, y cuentan con el apoyo de esta Concejala para seguir mejorando sus condiciones\u201d.<\/p>\n<p style=\"text-align: justify;\">La cita culmin\u00f3 con acuerdos de trabajo, y con la necesidad de dise\u00f1ar un convenio de colaboraci\u00f3n que establezca metas y plazos a las acciones que se decida desarrollar para aportar al trabajo de Bomberos, quienes adem\u00e1s recibir\u00e1n una inyecci\u00f3n de materiales de trabajo y carros bomba, financiadas por el Gobierno Regional de Ays\u00e9n, restando buscar formas que permitan financiar adecuadamente los gastos operacionales de su servicio social.<\/p>\n<\/div><\/section><\/div><div  style='height:50px' class='hr hr-invisible   avia-builder-el-6  el_after_av_one_full  el_before_av_social_share '><span class='hr-inner ' ><span class='hr-inner-style'><\/span><\/span><\/div><\/p>\n<div  class='av-social-sharing-box  avia-builder-el-7  el_after_av_hr  el_before_av_hr  '><div class='av-share-box'><h5 class='av-share-link-description av-no-toc '>Compartir esta noticia<\/h5><ul class='av-share-box-list noLightbox'><li class='av-share-link av-social-link-facebook' ><a target=\"_blank\" aria-label=\"Compartir en Facebook\" href='https:\/\/www.facebook.com\/sharer.php?u=https:\/\/radiorevelacionfm.cl\/?p=27214&#038;t=Cuerpo%20de%20Bomberos%20de%20Coyhaique%20proyecta%20trabajo%20en%20conjunto%20con%20el%20Municipio' aria-hidden='false' data-av_icon='\ue8f3' data-av_iconfont='entypo-fontello' title='' data-avia-related-tooltip='Compartir en Facebook' rel=\"noopener\"><span class='avia_hidden_link_text'>Compartir en Facebook<\/span><\/a><\/li><li class='av-share-link av-social-link-twitter' ><a target=\"_blank\" aria-label=\"Compartir en Twitter\" href='https:\/\/twitter.com\/share?text=Cuerpo%20de%20Bomberos%20de%20Coyhaique%20proyecta%20trabajo%20en%20conjunto%20con%20el%20Municipio&#038;url=https:\/\/radiorevelacionfm.cl\/?p=27214' aria-hidden='false' data-av_icon='\ue8f1' data-av_iconfont='entypo-fontello' title='' data-avia-related-tooltip='Compartir en Twitter' rel=\"noopener\"><span class='avia_hidden_link_text'>Compartir en Twitter<\/span><\/a><\/li><li class='av-share-link av-social-link-whatsapp' ><a target=\"_blank\" aria-label=\"Compartir en Whatsapp\" href='https:\/\/api.whatsapp.com\/send?text=https:\/\/radiorevelacionfm.cl\/?p=27214' aria-hidden='false' data-av_icon='\uf232' data-av_iconfont='entypo-fontello' title='' data-avia-related-tooltip='Compartir en Whatsapp' rel=\"noopener\"><span class='avia_hidden_link_text'>Compartir en Whatsapp<\/span><\/a><\/li><li class='av-share-link av-social-link-linkedin' ><a target=\"_blank\" aria-label=\"Compartir en LinkedIn\" href='https:\/\/linkedin.com\/shareArticle?mini=true&#038;title=Cuerpo%20de%20Bomberos%20de%20Coyhaique%20proyecta%20trabajo%20en%20conjunto%20con%20el%20Municipio&#038;url=https:\/\/radiorevelacionfm.cl\/?p=27214' aria-hidden='false' data-av_icon='\ue8fc' data-av_iconfont='entypo-fontello' title='' data-avia-related-tooltip='Compartir en LinkedIn' rel=\"noopener\"><span class='avia_hidden_link_text'>Compartir en LinkedIn<\/span><\/a><\/li><li class='av-share-link av-social-link-mail' ><a  aria-label=\"Compartir por correo\" href='mailto:?subject=Cuerpo%20de%20Bomberos%20de%20Coyhaique%20proyecta%20trabajo%20en%20conjunto%20con%20el%20Municipio&#038;body=https:\/\/radiorevelacionfm.cl\/?p=27214' aria-hidden='false' data-av_icon='\ue805' data-av_iconfont='entypo-fontello' title='' data-avia-related-tooltip='Compartir por correo'><span class='avia_hidden_link_text'>Compartir por correo<\/span><\/a><\/li><\/ul><\/div><\/div>\n<div  style='height:50px' class='hr hr-invisible   avia-builder-el-8  el_after_av_social_share  el_before_av_comments_list '><span class='hr-inner ' ><span class='hr-inner-style'><\/span><\/span><\/div>\n<div  class='av-buildercomment  av-blog-meta-html-info-disabled av-blog-meta-tag-disabled  '><\/div>\n","protected":false},"excerpt":{"rendered":"","protected":false},"author":1,"featured_media":27216,"comment_status":"open","ping_status":"open","sticky":false,"template":"","format":"standard","meta":{"footnotes":""},"categories":[38],"tags":[],"class_list":["post-27214","post","type-post","status-publish","format-standard","has-post-thumbnail","hentry","category-regional"],"jetpack_featured_media_url":"https:\/\/radiorevelacionfm.cl\/wp-content\/uploads\/2023\/01\/Grupal-2-1-1.jpg","_links":{"self":[{"href":"https:\/\/radiorevelacionfm.cl\/index.php?rest_route=\/wp\/v2\/posts\/27214","targetHints":{"allow":["GET"]}}],"collection":[{"href":"https:\/\/radiorevelacionfm.cl\/index.php?rest_route=\/wp\/v2\/posts"}],"about":[{"href":"https:\/\/radiorevelacionfm.cl\/index.php?rest_route=\/wp\/v2\/types\/post"}],"author":[{"embeddable":true,"href":"https:\/\/radiorevelacionfm.cl\/index.php?rest_route=\/wp\/v2\/users\/1"}],"replies":[{"embeddable":true,"href":"https:\/\/radiorevelacionfm.cl\/index.php?rest_route=%2Fwp%2Fv2%2Fcomments&post=27214"}],"version-history":[{"count":2,"href":"https:\/\/radiorevelacionfm.cl\/index.php?rest_route=\/wp\/v2\/posts\/27214\/revisions"}],"predecessor-version":[{"id":27218,"href":"https:\/\/radiorevelacionfm.cl\/index.php?rest_route=\/wp\/v2\/posts\/27214\/revisions\/27218"}],"wp:featuredmedia":[{"embeddable":true,"href":"https:\/\/radiorevelacionfm.cl\/index.php?rest_route=\/wp\/v2\/media\/27216"}],"wp:attachment":[{"href":"https:\/\/radiorevelacionfm.cl\/index.php?rest_route=%2Fwp%2Fv2%2Fmedia&parent=27214"}],"wp:term":[{"taxonomy":"category","embeddable":true,"href":"https:\/\/radiorevelacionfm.cl\/index.php?rest_route=%2Fwp%2Fv2%2Fcategories&post=27214"},{"taxonomy":"post_tag","embeddable":true,"href":"https:\/\/radiorevelacionfm.cl\/index.php?rest_route=%2Fwp%2Fv2%2Ftags&post=27214"}],"curies":[{"name":"wp","href":"https:\/\/api.w.org\/{rel}","templated":true}]}}