{"id":2721,"date":"2021-02-17T20:07:50","date_gmt":"2021-02-17T23:07:50","guid":{"rendered":"https:\/\/radiorevelacionfm.cl\/?p=2721"},"modified":"2021-02-17T20:07:50","modified_gmt":"2021-02-17T23:07:50","slug":"comite-ambiental-comunal-de-aysen-avanza-en-su-trabajo-apostando-a-la-participacion-ciudadana","status":"publish","type":"post","link":"https:\/\/radiorevelacionfm.cl\/?p=2721","title":{"rendered":"Comit\u00e9 Ambiental Comunal de Ays\u00e9n avanza en su trabajo apostando a la participaci\u00f3n ciudadana"},"content":{"rendered":"<div class=\"flex_column av_one_full  flex_column_div av-zero-column-padding first  avia-builder-el-0  el_before_av_one_full  avia-builder-el-first  \" style='border-radius:0px; '><div  class='avia-image-container  av-styling-    avia-builder-el-1  avia-builder-el-no-sibling  avia-align-center '  itemprop=\"image\" itemscope=\"itemscope\" itemtype=\"https:\/\/schema.org\/ImageObject\"  ><div class='avia-image-container-inner'><div class='avia-image-overlay-wrap'><img decoding=\"async\" class='wp-image-0 avia-img-lazy-loading-not-0 avia_image' src=\"https:\/\/radiorevelacionfm.cl\/wp-content\/uploads\/2021\/02\/Comite-ambiental-1-1-1.png\" alt='' title=''   itemprop=\"thumbnailUrl\"  \/><\/div><\/div><\/div><\/div><div class=\"flex_column av_one_full  flex_column_div av-zero-column-padding first  avia-builder-el-2  el_after_av_one_full  el_before_av_one_full  column-top-margin\" style='border-radius:0px; '><section class=\"av_textblock_section \"  itemscope=\"itemscope\" itemtype=\"https:\/\/schema.org\/BlogPosting\" itemprop=\"blogPost\" ><div class='avia_textblock  '   itemprop=\"text\" ><p style=\"text-align: center;\"><strong><span style=\"font-size: 18pt;\">Comit\u00e9 Ambiental Comunal de Ays\u00e9n avanza en su trabajo apostando a la participaci\u00f3n ciudadana <\/span><\/strong><\/p>\n<div id=\"gtx-trans\" style=\"position: absolute; left: -50px; top: 4.31534px;\">\n<div class=\"gtx-trans-icon\"><\/div>\n<\/div>\n<\/div><\/section><\/div><div class=\"flex_column av_one_full  flex_column_div av-zero-column-padding first  avia-builder-el-4  el_after_av_one_full  el_before_av_hr  column-top-margin\" style='border-radius:0px; '><section class=\"av_textblock_section \"  itemscope=\"itemscope\" itemtype=\"https:\/\/schema.org\/BlogPosting\" itemprop=\"blogPost\" ><div class='avia_textblock  '   itemprop=\"text\" ><p style=\"text-align: justify;\">En v\u00edas de impulsar los cambios necesarios en la gesti\u00f3n municipal para la construcci\u00f3n de una comuna con impronta ambiental.<\/p>\n<p style=\"text-align: justify;\">La iniciativa enmarcada en la postulaci\u00f3n que se encuentra desarrollando la Casa Edilicia de Ays\u00e9n al Sistema de Certificaci\u00f3n Ambiental Municipal (SCAM) del Ministerio de Medio Ambiente en su nivel b\u00e1sico, invita a los vecinos y vecinas interesadas en aportar y contribuir al cuidado y desarrollo del medio ambiente en el territorio comunal a participar en esta instancia y las actividades que se pretenden realizar prontamente, bajo las modalidades que permitan respetar el actual contexto de crisis sanitaria por covid-19.<\/p>\n<p style=\"text-align: justify;\">Al respecto, Rodrigo Huechan, presidente del Comit\u00e9 Ambiental Comunal (CAC) destac\u00f3 que \u201cel comit\u00e9 ambiental de esta forma fortalece la democracia al incluir a varios actores de la comuna de forma trasparente y promocionando una cultura ambiental de forma transversal, aqu\u00ed est\u00e1n todos invitados a participar. Aqu\u00ed ha llegado gente sin importar el color pol\u00edtico, de la actividad que tengan, ricos o pobres y eso tambi\u00e9n fortalece la democracia en la comuna y eso es super importante. Pese a todo hemos tenido convocatoria de gente que ha participado y esto es super bueno porque se nota que hay inter\u00e9s y aprovecho esta instancia para invitar a m\u00e1s gente\u201d.<\/p>\n<p style=\"text-align: justify;\">Finalmente, la secretaria del CAC, Karina Ch\u00e1vez junto con indicar las funciones que desarrolla esta instancia de participaci\u00f3n comunal, relev\u00f3 que \u201ces muy importante la participaci\u00f3n ciudadana en estos espacios, es una responsabilidad para cada uno de los que participamos y tambi\u00e9n para cada miembro de la comunidad, porque es un espacio de opini\u00f3n que abre posibilidades de poder orientar los lineamientos a nivel municipal y de manera que esto sea representativo de la realidad comunal\u201d puntualiz\u00f3 Ch\u00e1vez.<\/p>\n<\/div><\/section><\/div><div  style='height:50px' class='hr hr-invisible   avia-builder-el-6  el_after_av_one_full  el_before_av_social_share '><span class='hr-inner ' ><span class='hr-inner-style'><\/span><\/span><\/div><\/p>\n<div  class='av-social-sharing-box  avia-builder-el-7  el_after_av_hr  el_before_av_hr  '><div class='av-share-box'><h5 class='av-share-link-description av-no-toc '>Compartir esta noticia<\/h5><ul class='av-share-box-list noLightbox'><li class='av-share-link av-social-link-facebook' ><a target=\"_blank\" aria-label=\"Compartir en Facebook\" href='https:\/\/www.facebook.com\/sharer.php?u=https:\/\/radiorevelacionfm.cl\/?p=2721&#038;t=Comit%C3%A9%20Ambiental%20Comunal%20de%20Ays%C3%A9n%20avanza%20en%20su%20trabajo%20apostando%20a%20la%20participaci%C3%B3n%20ciudadana' aria-hidden='false' data-av_icon='\ue8f3' data-av_iconfont='entypo-fontello' title='' data-avia-related-tooltip='Compartir en Facebook' rel=\"noopener\"><span class='avia_hidden_link_text'>Compartir en Facebook<\/span><\/a><\/li><li class='av-share-link av-social-link-twitter' ><a target=\"_blank\" aria-label=\"Compartir en Twitter\" href='https:\/\/twitter.com\/share?text=Comit%C3%A9%20Ambiental%20Comunal%20de%20Ays%C3%A9n%20avanza%20en%20su%20trabajo%20apostando%20a%20la%20participaci%C3%B3n%20ciudadana&#038;url=https:\/\/radiorevelacionfm.cl\/?p=2721' aria-hidden='false' data-av_icon='\ue8f1' data-av_iconfont='entypo-fontello' title='' data-avia-related-tooltip='Compartir en Twitter' rel=\"noopener\"><span class='avia_hidden_link_text'>Compartir en Twitter<\/span><\/a><\/li><li class='av-share-link av-social-link-whatsapp' ><a target=\"_blank\" aria-label=\"Compartir en Whatsapp\" href='https:\/\/api.whatsapp.com\/send?text=https:\/\/radiorevelacionfm.cl\/?p=2721' aria-hidden='false' data-av_icon='\uf232' data-av_iconfont='entypo-fontello' title='' data-avia-related-tooltip='Compartir en Whatsapp' rel=\"noopener\"><span class='avia_hidden_link_text'>Compartir en Whatsapp<\/span><\/a><\/li><li class='av-share-link av-social-link-linkedin' ><a target=\"_blank\" aria-label=\"Compartir en LinkedIn\" href='https:\/\/linkedin.com\/shareArticle?mini=true&#038;title=Comit%C3%A9%20Ambiental%20Comunal%20de%20Ays%C3%A9n%20avanza%20en%20su%20trabajo%20apostando%20a%20la%20participaci%C3%B3n%20ciudadana&#038;url=https:\/\/radiorevelacionfm.cl\/?p=2721' aria-hidden='false' data-av_icon='\ue8fc' data-av_iconfont='entypo-fontello' title='' data-avia-related-tooltip='Compartir en LinkedIn' rel=\"noopener\"><span class='avia_hidden_link_text'>Compartir en LinkedIn<\/span><\/a><\/li><li class='av-share-link av-social-link-mail' ><a  aria-label=\"Compartir por correo\" href='mailto:?subject=Comit%C3%A9%20Ambiental%20Comunal%20de%20Ays%C3%A9n%20avanza%20en%20su%20trabajo%20apostando%20a%20la%20participaci%C3%B3n%20ciudadana&#038;body=https:\/\/radiorevelacionfm.cl\/?p=2721' aria-hidden='false' data-av_icon='\ue805' data-av_iconfont='entypo-fontello' title='' data-avia-related-tooltip='Compartir por correo'><span class='avia_hidden_link_text'>Compartir por correo<\/span><\/a><\/li><\/ul><\/div><\/div>\n<div  style='height:50px' class='hr hr-invisible   avia-builder-el-8  el_after_av_social_share  el_before_av_comments_list '><span class='hr-inner ' ><span class='hr-inner-style'><\/span><\/span><\/div>\n<div  class='av-buildercomment  av-blog-meta-html-info-disabled av-blog-meta-tag-disabled  '><\/div>\n","protected":false},"excerpt":{"rendered":"","protected":false},"author":1,"featured_media":0,"comment_status":"open","ping_status":"open","sticky":false,"template":"","format":"standard","meta":{"footnotes":""},"categories":[39],"tags":[],"class_list":["post-2721","post","type-post","status-publish","format-standard","hentry","category-medio-ambiente"],"jetpack_featured_media_url":"","_links":{"self":[{"href":"https:\/\/radiorevelacionfm.cl\/index.php?rest_route=\/wp\/v2\/posts\/2721","targetHints":{"allow":["GET"]}}],"collection":[{"href":"https:\/\/radiorevelacionfm.cl\/index.php?rest_route=\/wp\/v2\/posts"}],"about":[{"href":"https:\/\/radiorevelacionfm.cl\/index.php?rest_route=\/wp\/v2\/types\/post"}],"author":[{"embeddable":true,"href":"https:\/\/radiorevelacionfm.cl\/index.php?rest_route=\/wp\/v2\/users\/1"}],"replies":[{"embeddable":true,"href":"https:\/\/radiorevelacionfm.cl\/index.php?rest_route=%2Fwp%2Fv2%2Fcomments&post=2721"}],"version-history":[{"count":1,"href":"https:\/\/radiorevelacionfm.cl\/index.php?rest_route=\/wp\/v2\/posts\/2721\/revisions"}],"predecessor-version":[{"id":2723,"href":"https:\/\/radiorevelacionfm.cl\/index.php?rest_route=\/wp\/v2\/posts\/2721\/revisions\/2723"}],"wp:attachment":[{"href":"https:\/\/radiorevelacionfm.cl\/index.php?rest_route=%2Fwp%2Fv2%2Fmedia&parent=2721"}],"wp:term":[{"taxonomy":"category","embeddable":true,"href":"https:\/\/radiorevelacionfm.cl\/index.php?rest_route=%2Fwp%2Fv2%2Fcategories&post=2721"},{"taxonomy":"post_tag","embeddable":true,"href":"https:\/\/radiorevelacionfm.cl\/index.php?rest_route=%2Fwp%2Fv2%2Ftags&post=2721"}],"curies":[{"name":"wp","href":"https:\/\/api.w.org\/{rel}","templated":true}]}}