{"id":27208,"date":"2023-01-29T19:17:31","date_gmt":"2023-01-29T22:17:31","guid":{"rendered":"https:\/\/radiorevelacionfm.cl\/?p=27208"},"modified":"2023-01-29T19:17:31","modified_gmt":"2023-01-29T22:17:31","slug":"salud-mental-del-ssa-realiza-capacitacion-a-nuevos-profesionales-de-la-red-asistencial","status":"publish","type":"post","link":"https:\/\/radiorevelacionfm.cl\/?p=27208","title":{"rendered":"Salud Mental del SSA realiza capacitaci\u00f3n a nuevos profesionales de la red asistencial"},"content":{"rendered":"<div class=\"flex_column av_one_full  flex_column_div av-zero-column-padding first  avia-builder-el-0  el_before_av_one_full  avia-builder-el-first  \" style='border-radius:0px; '><div  class='avia-image-container  av-styling-    avia-builder-el-1  avia-builder-el-no-sibling  avia-align-center '  itemprop=\"image\" itemscope=\"itemscope\" itemtype=\"https:\/\/schema.org\/ImageObject\"  ><div class='avia-image-container-inner'><div class='avia-image-overlay-wrap'><img decoding=\"async\" class='wp-image-27209 avia-img-lazy-loading-not-27209 avia_image' src=\"https:\/\/radiorevelacionfm.cl\/wp-content\/uploads\/2023\/01\/CAPACITACION-S-M-5-1-1.jpeg\" alt='' title='CAPACITACI\u00d3N S M (5) (1) (1)' height=\"600\" width=\"1065\"  itemprop=\"thumbnailUrl\" srcset=\"https:\/\/radiorevelacionfm.cl\/wp-content\/uploads\/2023\/01\/CAPACITACION-S-M-5-1-1.jpeg 1065w, https:\/\/radiorevelacionfm.cl\/wp-content\/uploads\/2023\/01\/CAPACITACION-S-M-5-1-1-300x169.jpeg 300w, https:\/\/radiorevelacionfm.cl\/wp-content\/uploads\/2023\/01\/CAPACITACION-S-M-5-1-1-1030x580.jpeg 1030w, https:\/\/radiorevelacionfm.cl\/wp-content\/uploads\/2023\/01\/CAPACITACION-S-M-5-1-1-768x433.jpeg 768w, https:\/\/radiorevelacionfm.cl\/wp-content\/uploads\/2023\/01\/CAPACITACION-S-M-5-1-1-705x397.jpeg 705w, https:\/\/radiorevelacionfm.cl\/wp-content\/uploads\/2023\/01\/CAPACITACION-S-M-5-1-1-600x338.jpeg 600w\" sizes=\"(max-width: 1065px) 100vw, 1065px\" \/><\/div><\/div><\/div><\/div><div class=\"flex_column av_one_full  flex_column_div av-zero-column-padding first  avia-builder-el-2  el_after_av_one_full  el_before_av_one_full  column-top-margin\" style='border-radius:0px; '><section class=\"av_textblock_section \"  itemscope=\"itemscope\" itemtype=\"https:\/\/schema.org\/BlogPosting\" itemprop=\"blogPost\" ><div class='avia_textblock  '   itemprop=\"text\" ><p style=\"text-align: center;\"><strong><span style=\"font-size: 18pt;\">Salud Mental del SSA realiza capacitaci\u00f3n a nuevos profesionales de la red asistencial<\/span><\/strong><\/p>\n<div id=\"gtx-trans\" style=\"position: absolute; left: -50px; top: 4.31534px;\">\n<div class=\"gtx-trans-icon\"><\/div>\n<\/div>\n<\/div><\/section><\/div><div class=\"flex_column av_one_full  flex_column_div av-zero-column-padding first  avia-builder-el-4  el_after_av_one_full  el_before_av_hr  column-top-margin\" style='border-radius:0px; '><section class=\"av_textblock_section \"  itemscope=\"itemscope\" itemtype=\"https:\/\/schema.org\/BlogPosting\" itemprop=\"blogPost\" ><div class='avia_textblock  '   itemprop=\"text\" ><p style=\"text-align: justify;\">Con el objetivo que conozcan los flujos de funcionamiento de la red y de esa manera fortalecer los conocimientos en los \u00e1mbitos de la promoci\u00f3n, prevenci\u00f3n y cuidados integrales en salud mental, el Sub Departamento de Salud Mental del Servicio de Salud Ays\u00e9n (SSA), realiz\u00f3 un taller de inducci\u00f3n a 15 profesionales de la red asistencial que realizan prestaciones al programa de Salud Mental.<\/p>\n<p style=\"text-align: justify;\">El objetivo es reforzar las \u00e1reas de capacitaci\u00f3n, docencia e inducci\u00f3n, de tal manera que los profesionales que se integran a la red asistencial cuenten con las herramientas necesarias. \u201cEs un programa que venimos trabajando desde el a\u00f1o pasado, donde se integraron varios profesionales a atenci\u00f3n primaria, en total 32 cargos que llegaron por el programa SENAME Mejor Ni\u00f1ez e ingresaron en distintos momentos y adem\u00e1s hemos integrado a otros profesionales m\u00e1s all\u00e1 de ese programa, por lo tanto tambi\u00e9n hay m\u00e9dicos, encargados de salud mental, profesionales de SENDA, entre otros\u201d, explic\u00f3 \u00c1ngela Carvajal, referente de salud mental de atenci\u00f3n primaria del sub departamento de salud mental del SSA.<\/p>\n<p style=\"text-align: justify;\">Entre los temas tratados se cuentan los procesos de referencia y contrarreferencia en salud mental, sistema intersectorial y oferta program\u00e1tica en salud integral, abordaje del fen\u00f3meno de suicidalidad, entre otras materias que buscan mejorar la salud mental de la poblaci\u00f3n objetivo.<\/p>\n<p style=\"text-align: justify;\">\u201cEs una instancia enriquecedora y aunque estuve en una capacitaci\u00f3n online, volver a la presencialidad es mucho mejor, se resuelven dudas pr\u00e1cticas y da la oportunidad de conocer a los colegas, eso permite conversar de las distintas experiencias y ver qu\u00e9 se hace en otros territorios\u201d, precis\u00f3 Macarena Rivera, terapeuta ocupacional, parte de la direcci\u00f3n de salud rural en rondas y quien particip\u00f3 del taller de inducci\u00f3n.<\/p>\n<p style=\"text-align: justify;\">En mayo pr\u00f3ximo el Subdepartamento de Salud Mental, realizar\u00e1 una jornada de inducci\u00f3n a m\u00e9dicos en Etapa de Destinaci\u00f3n y Formaci\u00f3n (EDF) que se integran a nuestra red.<\/p>\n<\/div><\/section><\/div><div  style='height:50px' class='hr hr-invisible   avia-builder-el-6  el_after_av_one_full  el_before_av_social_share '><span class='hr-inner ' ><span class='hr-inner-style'><\/span><\/span><\/div><\/p>\n<div  class='av-social-sharing-box  avia-builder-el-7  el_after_av_hr  el_before_av_hr  '><div class='av-share-box'><h5 class='av-share-link-description av-no-toc '>Compartir esta noticia<\/h5><ul class='av-share-box-list noLightbox'><li class='av-share-link av-social-link-facebook' ><a target=\"_blank\" aria-label=\"Compartir en Facebook\" href='https:\/\/www.facebook.com\/sharer.php?u=https:\/\/radiorevelacionfm.cl\/?p=27208&#038;t=Salud%20Mental%20del%20SSA%20realiza%20capacitaci%C3%B3n%20a%20nuevos%20profesionales%20de%20la%20red%20asistencial' aria-hidden='false' data-av_icon='\ue8f3' data-av_iconfont='entypo-fontello' title='' data-avia-related-tooltip='Compartir en Facebook' rel=\"noopener\"><span class='avia_hidden_link_text'>Compartir en Facebook<\/span><\/a><\/li><li class='av-share-link av-social-link-twitter' ><a target=\"_blank\" aria-label=\"Compartir en Twitter\" href='https:\/\/twitter.com\/share?text=Salud%20Mental%20del%20SSA%20realiza%20capacitaci%C3%B3n%20a%20nuevos%20profesionales%20de%20la%20red%20asistencial&#038;url=https:\/\/radiorevelacionfm.cl\/?p=27208' aria-hidden='false' data-av_icon='\ue8f1' data-av_iconfont='entypo-fontello' title='' data-avia-related-tooltip='Compartir en Twitter' rel=\"noopener\"><span class='avia_hidden_link_text'>Compartir en Twitter<\/span><\/a><\/li><li class='av-share-link av-social-link-whatsapp' ><a target=\"_blank\" aria-label=\"Compartir en Whatsapp\" href='https:\/\/api.whatsapp.com\/send?text=https:\/\/radiorevelacionfm.cl\/?p=27208' aria-hidden='false' data-av_icon='\uf232' data-av_iconfont='entypo-fontello' title='' data-avia-related-tooltip='Compartir en Whatsapp' rel=\"noopener\"><span class='avia_hidden_link_text'>Compartir en Whatsapp<\/span><\/a><\/li><li class='av-share-link av-social-link-linkedin' ><a target=\"_blank\" aria-label=\"Compartir en LinkedIn\" href='https:\/\/linkedin.com\/shareArticle?mini=true&#038;title=Salud%20Mental%20del%20SSA%20realiza%20capacitaci%C3%B3n%20a%20nuevos%20profesionales%20de%20la%20red%20asistencial&#038;url=https:\/\/radiorevelacionfm.cl\/?p=27208' aria-hidden='false' data-av_icon='\ue8fc' data-av_iconfont='entypo-fontello' title='' data-avia-related-tooltip='Compartir en LinkedIn' rel=\"noopener\"><span class='avia_hidden_link_text'>Compartir en LinkedIn<\/span><\/a><\/li><li class='av-share-link av-social-link-mail' ><a  aria-label=\"Compartir por correo\" href='mailto:?subject=Salud%20Mental%20del%20SSA%20realiza%20capacitaci%C3%B3n%20a%20nuevos%20profesionales%20de%20la%20red%20asistencial&#038;body=https:\/\/radiorevelacionfm.cl\/?p=27208' aria-hidden='false' data-av_icon='\ue805' data-av_iconfont='entypo-fontello' title='' data-avia-related-tooltip='Compartir por correo'><span class='avia_hidden_link_text'>Compartir por correo<\/span><\/a><\/li><\/ul><\/div><\/div>\n<div  style='height:50px' class='hr hr-invisible   avia-builder-el-8  el_after_av_social_share  el_before_av_comments_list '><span class='hr-inner ' ><span class='hr-inner-style'><\/span><\/span><\/div>\n<div  class='av-buildercomment  av-blog-meta-html-info-disabled av-blog-meta-tag-disabled  '><\/div>\n","protected":false},"excerpt":{"rendered":"","protected":false},"author":1,"featured_media":27209,"comment_status":"open","ping_status":"open","sticky":false,"template":"","format":"standard","meta":{"footnotes":""},"categories":[46],"tags":[],"class_list":["post-27208","post","type-post","status-publish","format-standard","has-post-thumbnail","hentry","category-salud"],"jetpack_featured_media_url":"https:\/\/radiorevelacionfm.cl\/wp-content\/uploads\/2023\/01\/CAPACITACION-S-M-5-1-1.jpeg","_links":{"self":[{"href":"https:\/\/radiorevelacionfm.cl\/index.php?rest_route=\/wp\/v2\/posts\/27208","targetHints":{"allow":["GET"]}}],"collection":[{"href":"https:\/\/radiorevelacionfm.cl\/index.php?rest_route=\/wp\/v2\/posts"}],"about":[{"href":"https:\/\/radiorevelacionfm.cl\/index.php?rest_route=\/wp\/v2\/types\/post"}],"author":[{"embeddable":true,"href":"https:\/\/radiorevelacionfm.cl\/index.php?rest_route=\/wp\/v2\/users\/1"}],"replies":[{"embeddable":true,"href":"https:\/\/radiorevelacionfm.cl\/index.php?rest_route=%2Fwp%2Fv2%2Fcomments&post=27208"}],"version-history":[{"count":2,"href":"https:\/\/radiorevelacionfm.cl\/index.php?rest_route=\/wp\/v2\/posts\/27208\/revisions"}],"predecessor-version":[{"id":27213,"href":"https:\/\/radiorevelacionfm.cl\/index.php?rest_route=\/wp\/v2\/posts\/27208\/revisions\/27213"}],"wp:featuredmedia":[{"embeddable":true,"href":"https:\/\/radiorevelacionfm.cl\/index.php?rest_route=\/wp\/v2\/media\/27209"}],"wp:attachment":[{"href":"https:\/\/radiorevelacionfm.cl\/index.php?rest_route=%2Fwp%2Fv2%2Fmedia&parent=27208"}],"wp:term":[{"taxonomy":"category","embeddable":true,"href":"https:\/\/radiorevelacionfm.cl\/index.php?rest_route=%2Fwp%2Fv2%2Fcategories&post=27208"},{"taxonomy":"post_tag","embeddable":true,"href":"https:\/\/radiorevelacionfm.cl\/index.php?rest_route=%2Fwp%2Fv2%2Ftags&post=27208"}],"curies":[{"name":"wp","href":"https:\/\/api.w.org\/{rel}","templated":true}]}}