{"id":27204,"date":"2023-01-29T17:45:37","date_gmt":"2023-01-29T20:45:37","guid":{"rendered":"https:\/\/radiorevelacionfm.cl\/?p=27204"},"modified":"2023-01-29T17:45:37","modified_gmt":"2023-01-29T20:45:37","slug":"seremi-de-gobierno-destaco-a-las-vicecampeonas-del-futbol-rural","status":"publish","type":"post","link":"https:\/\/radiorevelacionfm.cl\/?p=27204","title":{"rendered":"Seremi de Gobierno destac\u00f3 a las Vicecampeonas del F\u00fatbol Rural"},"content":{"rendered":"<div class=\"flex_column av_one_full  flex_column_div av-zero-column-padding first  avia-builder-el-0  el_before_av_one_full  avia-builder-el-first  \" style='border-radius:0px; '><div  class='avia-image-container  av-styling-    avia-builder-el-1  avia-builder-el-no-sibling  avia-align-center '  itemprop=\"image\" itemscope=\"itemscope\" itemtype=\"https:\/\/schema.org\/ImageObject\"  ><div class='avia-image-container-inner'><div class='avia-image-overlay-wrap'><img decoding=\"async\" class='wp-image-27205 avia-img-lazy-loading-not-27205 avia_image' src=\"https:\/\/radiorevelacionfm.cl\/wp-content\/uploads\/2023\/01\/futbol1-1-1_optimized.jpg\" alt='' title='futbol1-(1)-(1)_optimized' height=\"600\" width=\"918\"  itemprop=\"thumbnailUrl\" srcset=\"https:\/\/radiorevelacionfm.cl\/wp-content\/uploads\/2023\/01\/futbol1-1-1_optimized.jpg 918w, https:\/\/radiorevelacionfm.cl\/wp-content\/uploads\/2023\/01\/futbol1-1-1_optimized-300x196.jpg 300w, https:\/\/radiorevelacionfm.cl\/wp-content\/uploads\/2023\/01\/futbol1-1-1_optimized-768x502.jpg 768w, https:\/\/radiorevelacionfm.cl\/wp-content\/uploads\/2023\/01\/futbol1-1-1_optimized-705x461.jpg 705w, https:\/\/radiorevelacionfm.cl\/wp-content\/uploads\/2023\/01\/futbol1-1-1_optimized-600x392.jpg 600w\" sizes=\"(max-width: 918px) 100vw, 918px\" \/><\/div><\/div><\/div><\/div><div class=\"flex_column av_one_full  flex_column_div av-zero-column-padding first  avia-builder-el-2  el_after_av_one_full  el_before_av_one_full  column-top-margin\" style='border-radius:0px; '><section class=\"av_textblock_section \"  itemscope=\"itemscope\" itemtype=\"https:\/\/schema.org\/BlogPosting\" itemprop=\"blogPost\" ><div class='avia_textblock  '   itemprop=\"text\" ><p style=\"text-align: center;\"><span style=\"font-size: 18pt;\"><strong>Seremi de Gobierno destac\u00f3 a las Vicecampeonas del F\u00fatbol Rural<\/strong><\/span><\/p>\n<div id=\"gtx-trans\" style=\"position: absolute; left: -50px; top: 4.31534px;\">\n<div class=\"gtx-trans-icon\"><\/div>\n<\/div>\n<\/div><\/section><\/div><div class=\"flex_column av_one_full  flex_column_div av-zero-column-padding first  avia-builder-el-4  el_after_av_one_full  el_before_av_hr  column-top-margin\" style='border-radius:0px; '><section class=\"av_textblock_section \"  itemscope=\"itemscope\" itemtype=\"https:\/\/schema.org\/BlogPosting\" itemprop=\"blogPost\" ><div class='avia_textblock  '   itemprop=\"text\" ><p style=\"text-align: justify;\">En una distendida reuni\u00f3n, las jugadoras del Club Renacer de Cordonada conversaron con la Seremi de Gobierno, Tatiana Pl\u00e1 \u00c1lvarez y le relataron la experiencia de haber sido coronadas como vicecampeonas del f\u00fatbol rural, una haza\u00f1a que no estuvo exenta de sacrificio y garra.<\/p>\n<p style=\"text-align: justify;\">Las jugadoras cumplieron un sue\u00f1o, el club Renacer de Cordonada se instal\u00f3 en el segundo lugar en el Nacional de F\u00fatbol Rural Femenino realizado en Capit\u00e1n Pastene, regi\u00f3n de La Araucan\u00eda, qued\u00e1ndose con el vicecampeonato tras perder la final contra el equipo \u201cJoyer\u00eda Par\u00eds\u201d de la ciudad de Ovalle.<\/p>\n<p style=\"text-align: justify;\">La vocera de Gobierno, destac\u00f3: \u201cQuisimos invitar a las j\u00f3venes del Club Renacer de Cordonada para destacar lo que hicieron por la regi\u00f3n en el Nacional de F\u00fatbol Rural Femenino, ya que con mucho sacrificio personal y de sus familias pudieron llegar a la final de este encuentro deportivo y quedarse con la copa como vicecampeonas. Nuestro Gobierno se caracteriza por ser paritario y feminista, por eso las hemos invitado hoy junto al director t\u00e9cnico, para que sepan que el Gobierno est\u00e1 con ellas y va a seguir apoy\u00e1ndolas con mucho orgullo, porque han dejado en alto el nombre de nuestra regi\u00f3n en el f\u00fatbol rural a nivel nacional\u201d.<\/p>\n<p style=\"text-align: justify;\">Las dirigidas por el t\u00e9cnico, Flavio Soto, lograron superar varios inconvenientes tras ganarse el derecho a participar en este nacional organizado por la Federaci\u00f3n Nacional de F\u00fatbol Rural (FENFUR), ya que realizaron diversos beneficios para costear el viaje hasta la regi\u00f3n de La Araucan\u00eda, debido a que s\u00f3lo recibieron el aporte del Gobierno Regional de Ays\u00e9n y de la Municipalidad de Coyhaique, a trav\u00e9s de la Corporaci\u00f3n de Deportes, el resto tuvieron que costearlo ellas mismas. Aun as\u00ed, finalmente lograron instalarse en la final, dejando muy bien representado al f\u00fatbol rural femenino de la regi\u00f3n de Ays\u00e9n.<\/p>\n<p style=\"text-align: justify;\">Flavio Soto, director t\u00e9cnico del equipo de damas, indic\u00f3: \u201cComo equipo estamos muy agradecidos de que la Seremi de Gobierno nos haya invitado a esta reuni\u00f3n, nos sentimos muy acogidos, es muy bueno para las jugadoras que se les reconozcan sus logros\u201d, concluy\u00f3.<\/p>\n<\/div><\/section><\/div><div  style='height:50px' class='hr hr-invisible   avia-builder-el-6  el_after_av_one_full  el_before_av_social_share '><span class='hr-inner ' ><span class='hr-inner-style'><\/span><\/span><\/div><\/p>\n<div  class='av-social-sharing-box  avia-builder-el-7  el_after_av_hr  el_before_av_hr  '><div class='av-share-box'><h5 class='av-share-link-description av-no-toc '>Compartir esta noticia<\/h5><ul class='av-share-box-list noLightbox'><li class='av-share-link av-social-link-facebook' ><a target=\"_blank\" aria-label=\"Compartir en Facebook\" href='https:\/\/www.facebook.com\/sharer.php?u=https:\/\/radiorevelacionfm.cl\/?p=27204&#038;t=Seremi%20de%20Gobierno%20destac%C3%B3%20a%20las%20Vicecampeonas%20del%20F%C3%BAtbol%20Rural' aria-hidden='false' data-av_icon='\ue8f3' data-av_iconfont='entypo-fontello' title='' data-avia-related-tooltip='Compartir en Facebook' rel=\"noopener\"><span class='avia_hidden_link_text'>Compartir en Facebook<\/span><\/a><\/li><li class='av-share-link av-social-link-twitter' ><a target=\"_blank\" aria-label=\"Compartir en Twitter\" href='https:\/\/twitter.com\/share?text=Seremi%20de%20Gobierno%20destac%C3%B3%20a%20las%20Vicecampeonas%20del%20F%C3%BAtbol%20Rural&#038;url=https:\/\/radiorevelacionfm.cl\/?p=27204' aria-hidden='false' data-av_icon='\ue8f1' data-av_iconfont='entypo-fontello' title='' data-avia-related-tooltip='Compartir en Twitter' rel=\"noopener\"><span class='avia_hidden_link_text'>Compartir en Twitter<\/span><\/a><\/li><li class='av-share-link av-social-link-whatsapp' ><a target=\"_blank\" aria-label=\"Compartir en Whatsapp\" href='https:\/\/api.whatsapp.com\/send?text=https:\/\/radiorevelacionfm.cl\/?p=27204' aria-hidden='false' data-av_icon='\uf232' data-av_iconfont='entypo-fontello' title='' data-avia-related-tooltip='Compartir en Whatsapp' rel=\"noopener\"><span class='avia_hidden_link_text'>Compartir en Whatsapp<\/span><\/a><\/li><li class='av-share-link av-social-link-linkedin' ><a target=\"_blank\" aria-label=\"Compartir en LinkedIn\" href='https:\/\/linkedin.com\/shareArticle?mini=true&#038;title=Seremi%20de%20Gobierno%20destac%C3%B3%20a%20las%20Vicecampeonas%20del%20F%C3%BAtbol%20Rural&#038;url=https:\/\/radiorevelacionfm.cl\/?p=27204' aria-hidden='false' data-av_icon='\ue8fc' data-av_iconfont='entypo-fontello' title='' data-avia-related-tooltip='Compartir en LinkedIn' rel=\"noopener\"><span class='avia_hidden_link_text'>Compartir en LinkedIn<\/span><\/a><\/li><li class='av-share-link av-social-link-mail' ><a  aria-label=\"Compartir por correo\" href='mailto:?subject=Seremi%20de%20Gobierno%20destac%C3%B3%20a%20las%20Vicecampeonas%20del%20F%C3%BAtbol%20Rural&#038;body=https:\/\/radiorevelacionfm.cl\/?p=27204' aria-hidden='false' data-av_icon='\ue805' data-av_iconfont='entypo-fontello' title='' data-avia-related-tooltip='Compartir por correo'><span class='avia_hidden_link_text'>Compartir por correo<\/span><\/a><\/li><\/ul><\/div><\/div>\n<div  style='height:50px' class='hr hr-invisible   avia-builder-el-8  el_after_av_social_share  el_before_av_comments_list '><span class='hr-inner ' ><span class='hr-inner-style'><\/span><\/span><\/div>\n<div  class='av-buildercomment  av-blog-meta-html-info-disabled av-blog-meta-tag-disabled  '><\/div>\n","protected":false},"excerpt":{"rendered":"","protected":false},"author":1,"featured_media":27205,"comment_status":"open","ping_status":"open","sticky":false,"template":"","format":"standard","meta":{"footnotes":""},"categories":[38],"tags":[],"class_list":["post-27204","post","type-post","status-publish","format-standard","has-post-thumbnail","hentry","category-regional"],"jetpack_featured_media_url":"https:\/\/radiorevelacionfm.cl\/wp-content\/uploads\/2023\/01\/futbol1-1-1_optimized.jpg","_links":{"self":[{"href":"https:\/\/radiorevelacionfm.cl\/index.php?rest_route=\/wp\/v2\/posts\/27204","targetHints":{"allow":["GET"]}}],"collection":[{"href":"https:\/\/radiorevelacionfm.cl\/index.php?rest_route=\/wp\/v2\/posts"}],"about":[{"href":"https:\/\/radiorevelacionfm.cl\/index.php?rest_route=\/wp\/v2\/types\/post"}],"author":[{"embeddable":true,"href":"https:\/\/radiorevelacionfm.cl\/index.php?rest_route=\/wp\/v2\/users\/1"}],"replies":[{"embeddable":true,"href":"https:\/\/radiorevelacionfm.cl\/index.php?rest_route=%2Fwp%2Fv2%2Fcomments&post=27204"}],"version-history":[{"count":2,"href":"https:\/\/radiorevelacionfm.cl\/index.php?rest_route=\/wp\/v2\/posts\/27204\/revisions"}],"predecessor-version":[{"id":27207,"href":"https:\/\/radiorevelacionfm.cl\/index.php?rest_route=\/wp\/v2\/posts\/27204\/revisions\/27207"}],"wp:featuredmedia":[{"embeddable":true,"href":"https:\/\/radiorevelacionfm.cl\/index.php?rest_route=\/wp\/v2\/media\/27205"}],"wp:attachment":[{"href":"https:\/\/radiorevelacionfm.cl\/index.php?rest_route=%2Fwp%2Fv2%2Fmedia&parent=27204"}],"wp:term":[{"taxonomy":"category","embeddable":true,"href":"https:\/\/radiorevelacionfm.cl\/index.php?rest_route=%2Fwp%2Fv2%2Fcategories&post=27204"},{"taxonomy":"post_tag","embeddable":true,"href":"https:\/\/radiorevelacionfm.cl\/index.php?rest_route=%2Fwp%2Fv2%2Ftags&post=27204"}],"curies":[{"name":"wp","href":"https:\/\/api.w.org\/{rel}","templated":true}]}}