{"id":27201,"date":"2023-01-30T10:10:19","date_gmt":"2023-01-30T13:10:19","guid":{"rendered":"https:\/\/radiorevelacionfm.cl\/?p=27201"},"modified":"2023-01-30T10:10:19","modified_gmt":"2023-01-30T13:10:19","slug":"mesa-intersectorial-de-prevencion-de-violencia-en-poblacion-juvenil-realiza-primera-sesion-del-ano","status":"publish","type":"post","link":"https:\/\/radiorevelacionfm.cl\/?p=27201","title":{"rendered":"Mesa Intersectorial de Prevenci\u00f3n de Violencia en Poblaci\u00f3n Juvenil realiza primera sesi\u00f3n del a\u00f1o"},"content":{"rendered":"<div class=\"flex_column av_one_full  flex_column_div av-zero-column-padding first  avia-builder-el-0  el_before_av_one_full  avia-builder-el-first  \" style='border-radius:0px; '><div  class='avia-image-container  av-styling-    avia-builder-el-1  avia-builder-el-no-sibling  avia-align-center '  itemprop=\"image\" itemscope=\"itemscope\" itemtype=\"https:\/\/schema.org\/ImageObject\"  ><div class='avia-image-container-inner'><div class='avia-image-overlay-wrap'><img decoding=\"async\" class='wp-image-27202 avia-img-lazy-loading-not-27202 avia_image' src=\"https:\/\/radiorevelacionfm.cl\/wp-content\/uploads\/2023\/01\/reunion-prevencion-vcm-coyhaique-24_optimized.01-2-1-1.jpg\" alt='' title='reuni\u00f3n-prevenci\u00f3n-vcm-coyhaique-(24_optimized.01-(2)-(1) (1)' height=\"600\" width=\"1422\"  itemprop=\"thumbnailUrl\" srcset=\"https:\/\/radiorevelacionfm.cl\/wp-content\/uploads\/2023\/01\/reunion-prevencion-vcm-coyhaique-24_optimized.01-2-1-1.jpg 1422w, https:\/\/radiorevelacionfm.cl\/wp-content\/uploads\/2023\/01\/reunion-prevencion-vcm-coyhaique-24_optimized.01-2-1-1-300x127.jpg 300w, https:\/\/radiorevelacionfm.cl\/wp-content\/uploads\/2023\/01\/reunion-prevencion-vcm-coyhaique-24_optimized.01-2-1-1-1030x435.jpg 1030w, https:\/\/radiorevelacionfm.cl\/wp-content\/uploads\/2023\/01\/reunion-prevencion-vcm-coyhaique-24_optimized.01-2-1-1-768x324.jpg 768w, https:\/\/radiorevelacionfm.cl\/wp-content\/uploads\/2023\/01\/reunion-prevencion-vcm-coyhaique-24_optimized.01-2-1-1-705x297.jpg 705w, https:\/\/radiorevelacionfm.cl\/wp-content\/uploads\/2023\/01\/reunion-prevencion-vcm-coyhaique-24_optimized.01-2-1-1-600x253.jpg 600w\" sizes=\"(max-width: 1422px) 100vw, 1422px\" \/><\/div><\/div><\/div><\/div><div class=\"flex_column av_one_full  flex_column_div av-zero-column-padding first  avia-builder-el-2  el_after_av_one_full  el_before_av_one_full  column-top-margin\" style='border-radius:0px; '><section class=\"av_textblock_section \"  itemscope=\"itemscope\" itemtype=\"https:\/\/schema.org\/BlogPosting\" itemprop=\"blogPost\" ><div class='avia_textblock  '   itemprop=\"text\" ><p style=\"text-align: center;\"><strong><span style=\"font-size: 18pt;\">Mesa Intersectorial de Prevenci\u00f3n de Violencia en Poblaci\u00f3n Juvenil realiza primera sesi\u00f3n del a\u00f1o<\/span><\/strong><\/p>\n<div id=\"gtx-trans\" style=\"position: absolute; left: -50px; top: 4.31534px;\">\n<div class=\"gtx-trans-icon\"><\/div>\n<\/div>\n<\/div><\/section><\/div><div class=\"flex_column av_one_full  flex_column_div av-zero-column-padding first  avia-builder-el-4  el_after_av_one_full  el_before_av_hr  column-top-margin\" style='border-radius:0px; '><section class=\"av_textblock_section \"  itemscope=\"itemscope\" itemtype=\"https:\/\/schema.org\/BlogPosting\" itemprop=\"blogPost\" ><div class='avia_textblock  '   itemprop=\"text\" ><div>\n<p class=\"v1MsoNormal\" style=\"text-align: justify;\">Con la presencia de la mayor\u00eda de las personas representantes de las instituciones y programas, que componen la Mesa Intersectorial de Prevenci\u00f3n de Violencia en Poblaci\u00f3n Juvenil, se realiz\u00f3 de manera virtual la primera reuni\u00f3n del a\u00f1o. Su prop\u00f3sito fue planificar las acciones a levantar durante el 2023, las que se concentraron principalmente en el pr\u00f3ximo 07 de febrero, fecha en la que se conmemora el D\u00eda Nacional de la No Violencia en el Pololeo.<\/p>\n<p class=\"v1MsoNormal\" style=\"text-align: justify;\">En su bienvenida a las personas presentes, la Directora Regional (S) de SernamEG, Carla Arriagada Malague\u00f1o, dijo: \u00abpensar en red nos lleva a abordar las tem\u00e1ticas de diferente manera, todas las instituciones que componen la Mesa tienen objetivos y p\u00fablicos diferentes, cuando cada una de las personas pone su prop\u00f3sito al servicio de algo mayor; por ejemplo, la prevenci\u00f3n de la violencia en las juventudes, as\u00ed como aquellas personas que trabajan con este rango etario, se pone a disposici\u00f3n los conocimientos, experiencias e ideas para llegar a esta poblaci\u00f3n de mejor manera. Agradecemos el compromiso de la Mesa y les instamos a seguir pensando de forma colaborativa y creativa, en pos de la generaci\u00f3n de espacios para la reflexi\u00f3n y sensibilizaci\u00f3n, que contribuyan a la toma de decisiones informadas de la comunidad y tambi\u00e9n al interior de las instituciones p\u00fablicas; quienes tenemos la obligaci\u00f3n de promover la prevenci\u00f3n de la violencia contra las mujeres\u00bb.<\/p>\n<p class=\"v1MsoNormal\" style=\"text-align: justify;\">En tanto, el Alcalde de Coyhaique, Carlos Gatica Villegas, resalt\u00f3 los programas en convenio con SernamEG, que integran la Mesa, y que dependen de la Oficina Municipal de la Mujer. \u00abPara esta Administraci\u00f3n es importante otorgar los espacios que corresponden a tem\u00e1ticas tan relevantes, como en este caso, la prevenci\u00f3n de la violencia centrada en las mujeres y juventudes. Esto no es f\u00e1cil, ya que en la vor\u00e1gine del diario vivir, suceden hechos urgentes que prevalecen sobre lo importante; sin embargo, siempre he dicho que este tipo de tem\u00e1tica debe ser considerada sobre lo urgente. Por ello, les felicito por continuar siendo parte de esta instancia, que contribuye al desarrollo de la comuna con equidad, igualdad y armon\u00eda\u00bb, enfatiz\u00f3.<\/p>\n<p class=\"v1MsoNormal\" style=\"text-align: justify;\">Junto con el inicio de la elaboraci\u00f3n del plan de trabajo anual, se efectu\u00f3 la presentaci\u00f3n del programa Lazos de la Subsecretar\u00eda de Prevenci\u00f3n del Delito, que se ejecuta en convenio con la Municipalidad de Coyhaique.<\/p>\n<p class=\"v1MsoNormal\" style=\"text-align: justify;\">Asistieron a la primera reuni\u00f3n del a\u00f1o de la Mesa Intersectorial de Prevenci\u00f3n de Violencia en Poblaci\u00f3n Juvenil, el Consultorio Alejandro Guti\u00e9rrez; Oficina de Protecci\u00f3n de Derechos de Infancia (OPD); Instituto Nacional de la Juventud Ays\u00e9n (INJUV); Oficina Municipal de la Mujer; programa de Intervenci\u00f3n Especializada, PIE Coyhaique; programa de Prevenci\u00f3n Focalizada Cardenal Ra\u00fal Silva Henr\u00edquez (PPF); programa SENDA PREVIENE Coyhaique; programa Lazos Coyhaique; Centro de la Mujer Coyhaique \u00abRay\u00e9n\u00bb; Centro de Reeducaci\u00f3n de Hombres que Ejercen Violencia de Pareja; Fundaci\u00f3n para la Promoci\u00f3n y Desarrollo de la Mujer (PRODEMU); programa Mujeres, Derechos Sexuales y Reproductivos; Unidad Regional de Atenci\u00f3n a las V\u00edctimas y Testigos (URAVIT) de la Fiscal\u00eda Regional de Ays\u00e9n; Instituto Nacional de Derechos Humanos, INDH; Universidad de Ays\u00e9n; Instituto Profesional Los Lagos; Municipalidad de Coyhaique; y el Servicio Nacional de la Mujer y la Equidad de G\u00e9nero.<\/p>\n<\/div>\n<\/div><\/section><\/div><div  style='height:50px' class='hr hr-invisible   avia-builder-el-6  el_after_av_one_full  el_before_av_social_share '><span class='hr-inner ' ><span class='hr-inner-style'><\/span><\/span><\/div><\/p>\n<div  class='av-social-sharing-box  avia-builder-el-7  el_after_av_hr  el_before_av_hr  '><div class='av-share-box'><h5 class='av-share-link-description av-no-toc '>Compartir esta noticia<\/h5><ul class='av-share-box-list noLightbox'><li class='av-share-link av-social-link-facebook' ><a target=\"_blank\" aria-label=\"Compartir en Facebook\" href='https:\/\/www.facebook.com\/sharer.php?u=https:\/\/radiorevelacionfm.cl\/?p=27201&#038;t=Mesa%20Intersectorial%20de%20Prevenci%C3%B3n%20de%20Violencia%20en%20Poblaci%C3%B3n%20Juvenil%20realiza%20primera%20sesi%C3%B3n%20del%20a%C3%B1o' aria-hidden='false' data-av_icon='\ue8f3' data-av_iconfont='entypo-fontello' title='' data-avia-related-tooltip='Compartir en Facebook' rel=\"noopener\"><span class='avia_hidden_link_text'>Compartir en Facebook<\/span><\/a><\/li><li class='av-share-link av-social-link-twitter' ><a target=\"_blank\" aria-label=\"Compartir en Twitter\" href='https:\/\/twitter.com\/share?text=Mesa%20Intersectorial%20de%20Prevenci%C3%B3n%20de%20Violencia%20en%20Poblaci%C3%B3n%20Juvenil%20realiza%20primera%20sesi%C3%B3n%20del%20a%C3%B1o&#038;url=https:\/\/radiorevelacionfm.cl\/?p=27201' aria-hidden='false' data-av_icon='\ue8f1' data-av_iconfont='entypo-fontello' title='' data-avia-related-tooltip='Compartir en Twitter' rel=\"noopener\"><span class='avia_hidden_link_text'>Compartir en Twitter<\/span><\/a><\/li><li class='av-share-link av-social-link-whatsapp' ><a target=\"_blank\" aria-label=\"Compartir en Whatsapp\" href='https:\/\/api.whatsapp.com\/send?text=https:\/\/radiorevelacionfm.cl\/?p=27201' aria-hidden='false' data-av_icon='\uf232' data-av_iconfont='entypo-fontello' title='' data-avia-related-tooltip='Compartir en Whatsapp' rel=\"noopener\"><span class='avia_hidden_link_text'>Compartir en Whatsapp<\/span><\/a><\/li><li class='av-share-link av-social-link-linkedin' ><a target=\"_blank\" aria-label=\"Compartir en LinkedIn\" href='https:\/\/linkedin.com\/shareArticle?mini=true&#038;title=Mesa%20Intersectorial%20de%20Prevenci%C3%B3n%20de%20Violencia%20en%20Poblaci%C3%B3n%20Juvenil%20realiza%20primera%20sesi%C3%B3n%20del%20a%C3%B1o&#038;url=https:\/\/radiorevelacionfm.cl\/?p=27201' aria-hidden='false' data-av_icon='\ue8fc' data-av_iconfont='entypo-fontello' title='' data-avia-related-tooltip='Compartir en LinkedIn' rel=\"noopener\"><span class='avia_hidden_link_text'>Compartir en LinkedIn<\/span><\/a><\/li><li class='av-share-link av-social-link-mail' ><a  aria-label=\"Compartir por correo\" href='mailto:?subject=Mesa%20Intersectorial%20de%20Prevenci%C3%B3n%20de%20Violencia%20en%20Poblaci%C3%B3n%20Juvenil%20realiza%20primera%20sesi%C3%B3n%20del%20a%C3%B1o&#038;body=https:\/\/radiorevelacionfm.cl\/?p=27201' aria-hidden='false' data-av_icon='\ue805' data-av_iconfont='entypo-fontello' title='' data-avia-related-tooltip='Compartir por correo'><span class='avia_hidden_link_text'>Compartir por correo<\/span><\/a><\/li><\/ul><\/div><\/div>\n<div  style='height:50px' class='hr hr-invisible   avia-builder-el-8  el_after_av_social_share  el_before_av_comments_list '><span class='hr-inner ' ><span class='hr-inner-style'><\/span><\/span><\/div>\n<div  class='av-buildercomment  av-blog-meta-html-info-disabled av-blog-meta-tag-disabled  '><\/div>\n","protected":false},"excerpt":{"rendered":"","protected":false},"author":1,"featured_media":27202,"comment_status":"open","ping_status":"open","sticky":false,"template":"","format":"standard","meta":{"footnotes":""},"categories":[38],"tags":[],"class_list":["post-27201","post","type-post","status-publish","format-standard","has-post-thumbnail","hentry","category-regional"],"jetpack_featured_media_url":"https:\/\/radiorevelacionfm.cl\/wp-content\/uploads\/2023\/01\/reunion-prevencion-vcm-coyhaique-24_optimized.01-2-1-1.jpg","_links":{"self":[{"href":"https:\/\/radiorevelacionfm.cl\/index.php?rest_route=\/wp\/v2\/posts\/27201","targetHints":{"allow":["GET"]}}],"collection":[{"href":"https:\/\/radiorevelacionfm.cl\/index.php?rest_route=\/wp\/v2\/posts"}],"about":[{"href":"https:\/\/radiorevelacionfm.cl\/index.php?rest_route=\/wp\/v2\/types\/post"}],"author":[{"embeddable":true,"href":"https:\/\/radiorevelacionfm.cl\/index.php?rest_route=\/wp\/v2\/users\/1"}],"replies":[{"embeddable":true,"href":"https:\/\/radiorevelacionfm.cl\/index.php?rest_route=%2Fwp%2Fv2%2Fcomments&post=27201"}],"version-history":[{"count":2,"href":"https:\/\/radiorevelacionfm.cl\/index.php?rest_route=\/wp\/v2\/posts\/27201\/revisions"}],"predecessor-version":[{"id":27220,"href":"https:\/\/radiorevelacionfm.cl\/index.php?rest_route=\/wp\/v2\/posts\/27201\/revisions\/27220"}],"wp:featuredmedia":[{"embeddable":true,"href":"https:\/\/radiorevelacionfm.cl\/index.php?rest_route=\/wp\/v2\/media\/27202"}],"wp:attachment":[{"href":"https:\/\/radiorevelacionfm.cl\/index.php?rest_route=%2Fwp%2Fv2%2Fmedia&parent=27201"}],"wp:term":[{"taxonomy":"category","embeddable":true,"href":"https:\/\/radiorevelacionfm.cl\/index.php?rest_route=%2Fwp%2Fv2%2Fcategories&post=27201"},{"taxonomy":"post_tag","embeddable":true,"href":"https:\/\/radiorevelacionfm.cl\/index.php?rest_route=%2Fwp%2Fv2%2Ftags&post=27201"}],"curies":[{"name":"wp","href":"https:\/\/api.w.org\/{rel}","templated":true}]}}