{"id":27199,"date":"2023-01-29T18:15:17","date_gmt":"2023-01-29T21:15:17","guid":{"rendered":"https:\/\/radiorevelacionfm.cl\/?p=27199"},"modified":"2023-01-29T18:15:17","modified_gmt":"2023-01-29T21:15:17","slug":"sandoval-y-ruta-7-como-compromiso-de-estado-este-es-un-trabajo-y-esfuerzo-de-muchos-anos","status":"publish","type":"post","link":"https:\/\/radiorevelacionfm.cl\/?p=27199","title":{"rendered":"Sandoval y ruta 7 como compromiso de Estado: \u201cEste es un trabajo y esfuerzo de muchos a\u00f1os\u201d"},"content":{"rendered":"<div class=\"flex_column av_one_full  flex_column_div av-zero-column-padding first  avia-builder-el-0  el_before_av_one_full  avia-builder-el-first  \" style='border-radius:0px; '><div  class='avia-image-container  av-styling-    avia-builder-el-1  avia-builder-el-no-sibling  avia-align-center '  itemprop=\"image\" itemscope=\"itemscope\" itemtype=\"https:\/\/schema.org\/ImageObject\"  ><div class='avia-image-container-inner'><div class='avia-image-overlay-wrap'><img decoding=\"async\" class='wp-image-26392 avia-img-lazy-loading-not-26392 avia_image' src=\"https:\/\/radiorevelacionfm.cl\/wp-content\/uploads\/2023\/01\/SENADOR-SANDOVAL-16-1-1.jpg\" alt='' title='SENADOR SANDOVAL (16) (1) (1)' height=\"600\" width=\"1019\"  itemprop=\"thumbnailUrl\" srcset=\"https:\/\/radiorevelacionfm.cl\/wp-content\/uploads\/2023\/01\/SENADOR-SANDOVAL-16-1-1.jpg 1019w, https:\/\/radiorevelacionfm.cl\/wp-content\/uploads\/2023\/01\/SENADOR-SANDOVAL-16-1-1-300x177.jpg 300w, https:\/\/radiorevelacionfm.cl\/wp-content\/uploads\/2023\/01\/SENADOR-SANDOVAL-16-1-1-768x452.jpg 768w, https:\/\/radiorevelacionfm.cl\/wp-content\/uploads\/2023\/01\/SENADOR-SANDOVAL-16-1-1-705x415.jpg 705w, https:\/\/radiorevelacionfm.cl\/wp-content\/uploads\/2023\/01\/SENADOR-SANDOVAL-16-1-1-600x353.jpg 600w\" sizes=\"(max-width: 1019px) 100vw, 1019px\" \/><\/div><\/div><\/div><\/div><div class=\"flex_column av_one_full  flex_column_div av-zero-column-padding first  avia-builder-el-2  el_after_av_one_full  el_before_av_one_full  column-top-margin\" style='border-radius:0px; '><section class=\"av_textblock_section \"  itemscope=\"itemscope\" itemtype=\"https:\/\/schema.org\/BlogPosting\" itemprop=\"blogPost\" ><div class='avia_textblock  '   itemprop=\"text\" ><p style=\"text-align: center;\"><strong><span style=\"font-size: 18pt;\">Sandoval y ruta 7 como compromiso de Estado: \u201cEste es un trabajo y esfuerzo de muchos a\u00f1os\u201d<\/span><\/strong><\/p>\n<div id=\"gtx-trans\" style=\"position: absolute; left: -50px; top: 4.31534px;\">\n<div class=\"gtx-trans-icon\"><\/div>\n<\/div>\n<\/div><\/section><\/div><div class=\"flex_column av_one_full  flex_column_div av-zero-column-padding first  avia-builder-el-4  el_after_av_one_full  el_before_av_hr  column-top-margin\" style='border-radius:0px; '><section class=\"av_textblock_section \"  itemscope=\"itemscope\" itemtype=\"https:\/\/schema.org\/BlogPosting\" itemprop=\"blogPost\" ><div class='avia_textblock  '   itemprop=\"text\" ><p style=\"text-align: justify;\">El Parlamentario se refiri\u00f3 as\u00ed al compromiso que ratific\u00f3 el presidente Gabriel Boric en su visita a la regi\u00f3n de los \u00faltimos d\u00edas, donde anuncio nuevo plan de conectividad<\/p>\n<p style=\"text-align: justify;\">\u201cEste es un trabajo y esfuerzo de muchos a\u00f1os\u201d. As\u00ed lo afirm\u00f3 el senador David Sandoval al referirse al anuncio del presidente Gabriel Boric, quien en su \u00faltima visita a la regi\u00f3n de Ays\u00e9n confirm\u00f3 que la construcci\u00f3n de la ruta 7 ser\u00e1 un compromiso de Estado.<\/p>\n<p style=\"text-align: justify;\">El parlamentario destac\u00f3 la importancia de la decisi\u00f3n gubernamental, pues record\u00f3 el trabajo que durante d\u00e9cadas se ha realizado en la zona para precisamente abordar este desaf\u00edo. \u201cPara todos los ayseninos y ayseninas una de las aspiraciones principales y transversales es caminos, caminos y m\u00e1s caminos. El sue\u00f1o de unir a la regi\u00f3n con Chile es de toda la vida. Uno reconoce todos los esfuerzos realizados, desde que se tom\u00f3 la decisi\u00f3n de abrir esta construcci\u00f3n con el Cuerpo Militar del Trabajo (CMT). Yo era alcalde de Chile Chico cuando se conect\u00f3 la zona sur con la ruta 7 y no tener que pasar en una barcaza para pasar hacia los territorios del sur\u201d, se\u00f1al\u00f3.<\/p>\n<p style=\"text-align: justify;\">Por ello, Sandoval reitera que siempre relev\u00f3 que la Carretera Austral deb\u00eda ser ejecutada por el Estado y no por la regi\u00f3n. \u201cY con los primeros convenios de programaci\u00f3n, cada metro que se hac\u00eda la mitad lo pon\u00eda la regi\u00f3n y la otra mitad el Estado. Pero para el puente Chacao, la regi\u00f3n de Los Lagos no puso un peso, y para el tren a Valpara\u00edso, tampoco\u201d, indic\u00f3.<\/p>\n<p style=\"text-align: justify;\">En ese sentido, se\u00f1al\u00f3 que se trata de un gran anuncio, el que viene a ratificar lo que ya se hab\u00eda resuelto durante la tramitaci\u00f3n presupuestaria para el 2023. \u201cEs un gran anuncio, m\u00e1s all\u00e1 de todas las dificultades y diferencias pol\u00edticas. E incluso se lo dijimos al presidente (en la reuni\u00f3n del jueves pasado) que esto libera a la regi\u00f3n de 30 mil millones de pesos. Por eso suger\u00edamos al Presidente y a la gobernadora (Andrea Mac\u00edas), que se constituyera otro convenio de programaci\u00f3n, para mantener el \u00e9nfasis en la construcci\u00f3n y cambio de est\u00e1ndar de los caminos regionales. Y eso es fruto del trabajo y consenso de todos los actores regionales\u201d, recalc\u00f3.<\/p>\n<p style=\"text-align: justify;\"><strong>Reuni\u00f3n en abril<\/strong><\/p>\n<p style=\"text-align: justify;\">En ese contexto, Sandoval inform\u00f3 que en el mes de abril se acord\u00f3 con el Presidente Boric sostener una reuni\u00f3n junto a todos los senadores de la zona sur austral del pa\u00eds. Esto, considerando que hace pocos d\u00edas se aprob\u00f3 un proyecto de acuerdo, presentado por los representantes en la C\u00e1mara Alta de Los Lagos, Ays\u00e9n y Magallanes, donde se pide al Gobierno precisar los plazos del plan de conectividad. \u201cLo que queremos en la zona sur austral es que este tema se defina en un calendario espec\u00edfico. Por ejemplo, el tren Santiago \u2013 Valpara\u00edso, se establecieron recursos y ocho a\u00f1os de ejecuci\u00f3n. La gente lo que necesita es saber cu\u00e1ndo se va a terminar esta construcci\u00f3n\u201d, concluy\u00f3.<\/p>\n<\/div><\/section><\/div><div  style='height:50px' class='hr hr-invisible   avia-builder-el-6  el_after_av_one_full  el_before_av_social_share '><span class='hr-inner ' ><span class='hr-inner-style'><\/span><\/span><\/div><\/p>\n<div  class='av-social-sharing-box  avia-builder-el-7  el_after_av_hr  el_before_av_hr  '><div class='av-share-box'><h5 class='av-share-link-description av-no-toc '>Compartir esta noticia<\/h5><ul class='av-share-box-list noLightbox'><li class='av-share-link av-social-link-facebook' ><a target=\"_blank\" aria-label=\"Compartir en Facebook\" href='https:\/\/www.facebook.com\/sharer.php?u=https:\/\/radiorevelacionfm.cl\/?p=27199&#038;t=Sandoval%20y%20ruta%207%20como%20compromiso%20de%20Estado%3A%20%E2%80%9CEste%20es%20un%20trabajo%20y%20esfuerzo%20de%20muchos%20a%C3%B1os%E2%80%9D' aria-hidden='false' data-av_icon='\ue8f3' data-av_iconfont='entypo-fontello' title='' data-avia-related-tooltip='Compartir en Facebook' rel=\"noopener\"><span class='avia_hidden_link_text'>Compartir en Facebook<\/span><\/a><\/li><li class='av-share-link av-social-link-twitter' ><a target=\"_blank\" aria-label=\"Compartir en Twitter\" href='https:\/\/twitter.com\/share?text=Sandoval%20y%20ruta%207%20como%20compromiso%20de%20Estado%3A%20%E2%80%9CEste%20es%20un%20trabajo%20y%20esfuerzo%20de%20muchos%20a%C3%B1os%E2%80%9D&#038;url=https:\/\/radiorevelacionfm.cl\/?p=27199' aria-hidden='false' data-av_icon='\ue8f1' data-av_iconfont='entypo-fontello' title='' data-avia-related-tooltip='Compartir en Twitter' rel=\"noopener\"><span class='avia_hidden_link_text'>Compartir en Twitter<\/span><\/a><\/li><li class='av-share-link av-social-link-whatsapp' ><a target=\"_blank\" aria-label=\"Compartir en Whatsapp\" href='https:\/\/api.whatsapp.com\/send?text=https:\/\/radiorevelacionfm.cl\/?p=27199' aria-hidden='false' data-av_icon='\uf232' data-av_iconfont='entypo-fontello' title='' data-avia-related-tooltip='Compartir en Whatsapp' rel=\"noopener\"><span class='avia_hidden_link_text'>Compartir en Whatsapp<\/span><\/a><\/li><li class='av-share-link av-social-link-linkedin' ><a target=\"_blank\" aria-label=\"Compartir en LinkedIn\" href='https:\/\/linkedin.com\/shareArticle?mini=true&#038;title=Sandoval%20y%20ruta%207%20como%20compromiso%20de%20Estado%3A%20%E2%80%9CEste%20es%20un%20trabajo%20y%20esfuerzo%20de%20muchos%20a%C3%B1os%E2%80%9D&#038;url=https:\/\/radiorevelacionfm.cl\/?p=27199' aria-hidden='false' data-av_icon='\ue8fc' data-av_iconfont='entypo-fontello' title='' data-avia-related-tooltip='Compartir en LinkedIn' rel=\"noopener\"><span class='avia_hidden_link_text'>Compartir en LinkedIn<\/span><\/a><\/li><li class='av-share-link av-social-link-mail' ><a  aria-label=\"Compartir por correo\" href='mailto:?subject=Sandoval%20y%20ruta%207%20como%20compromiso%20de%20Estado%3A%20%E2%80%9CEste%20es%20un%20trabajo%20y%20esfuerzo%20de%20muchos%20a%C3%B1os%E2%80%9D&#038;body=https:\/\/radiorevelacionfm.cl\/?p=27199' aria-hidden='false' data-av_icon='\ue805' data-av_iconfont='entypo-fontello' title='' data-avia-related-tooltip='Compartir por correo'><span class='avia_hidden_link_text'>Compartir por correo<\/span><\/a><\/li><\/ul><\/div><\/div>\n<div  style='height:50px' class='hr hr-invisible   avia-builder-el-8  el_after_av_social_share  el_before_av_comments_list '><span class='hr-inner ' ><span class='hr-inner-style'><\/span><\/span><\/div>\n<div  class='av-buildercomment  av-blog-meta-html-info-disabled av-blog-meta-tag-disabled  '><\/div>\n","protected":false},"excerpt":{"rendered":"","protected":false},"author":1,"featured_media":26392,"comment_status":"open","ping_status":"open","sticky":false,"template":"","format":"standard","meta":{"footnotes":""},"categories":[35],"tags":[],"class_list":["post-27199","post","type-post","status-publish","format-standard","has-post-thumbnail","hentry","category-politica"],"jetpack_featured_media_url":"https:\/\/radiorevelacionfm.cl\/wp-content\/uploads\/2023\/01\/SENADOR-SANDOVAL-16-1-1.jpg","_links":{"self":[{"href":"https:\/\/radiorevelacionfm.cl\/index.php?rest_route=\/wp\/v2\/posts\/27199","targetHints":{"allow":["GET"]}}],"collection":[{"href":"https:\/\/radiorevelacionfm.cl\/index.php?rest_route=\/wp\/v2\/posts"}],"about":[{"href":"https:\/\/radiorevelacionfm.cl\/index.php?rest_route=\/wp\/v2\/types\/post"}],"author":[{"embeddable":true,"href":"https:\/\/radiorevelacionfm.cl\/index.php?rest_route=\/wp\/v2\/users\/1"}],"replies":[{"embeddable":true,"href":"https:\/\/radiorevelacionfm.cl\/index.php?rest_route=%2Fwp%2Fv2%2Fcomments&post=27199"}],"version-history":[{"count":2,"href":"https:\/\/radiorevelacionfm.cl\/index.php?rest_route=\/wp\/v2\/posts\/27199\/revisions"}],"predecessor-version":[{"id":27211,"href":"https:\/\/radiorevelacionfm.cl\/index.php?rest_route=\/wp\/v2\/posts\/27199\/revisions\/27211"}],"wp:featuredmedia":[{"embeddable":true,"href":"https:\/\/radiorevelacionfm.cl\/index.php?rest_route=\/wp\/v2\/media\/26392"}],"wp:attachment":[{"href":"https:\/\/radiorevelacionfm.cl\/index.php?rest_route=%2Fwp%2Fv2%2Fmedia&parent=27199"}],"wp:term":[{"taxonomy":"category","embeddable":true,"href":"https:\/\/radiorevelacionfm.cl\/index.php?rest_route=%2Fwp%2Fv2%2Fcategories&post=27199"},{"taxonomy":"post_tag","embeddable":true,"href":"https:\/\/radiorevelacionfm.cl\/index.php?rest_route=%2Fwp%2Fv2%2Ftags&post=27199"}],"curies":[{"name":"wp","href":"https:\/\/api.w.org\/{rel}","templated":true}]}}