{"id":27195,"date":"2023-01-29T13:11:53","date_gmt":"2023-01-29T16:11:53","guid":{"rendered":"https:\/\/radiorevelacionfm.cl\/?p=27195"},"modified":"2023-01-29T13:11:53","modified_gmt":"2023-01-29T16:11:53","slug":"servicios-y-cartera-del-trabajo-realiza-gestion-mancomunada-en-la-provincia-del-general-carrera","status":"publish","type":"post","link":"https:\/\/radiorevelacionfm.cl\/?p=27195","title":{"rendered":"Servicios y Cartera del Trabajo realiza gesti\u00f3n mancomunada en la Provincia del General Carrera"},"content":{"rendered":"<div class=\"flex_column av_one_full  flex_column_div av-zero-column-padding first  avia-builder-el-0  el_before_av_one_full  avia-builder-el-first  \" style='border-radius:0px; '><div  class='avia-image-container  av-styling-    avia-builder-el-1  avia-builder-el-no-sibling  avia-align-center '  itemprop=\"image\" itemscope=\"itemscope\" itemtype=\"https:\/\/schema.org\/ImageObject\"  ><div class='avia-image-container-inner'><div class='avia-image-overlay-wrap'><img decoding=\"async\" class='wp-image-27196 avia-img-lazy-loading-not-27196 avia_image' src=\"https:\/\/radiorevelacionfm.cl\/wp-content\/uploads\/2023\/01\/chilechico_enero2023-6-1_optimized.jpg\" alt='' title='chilechico_enero2023-(6)-(1)_optimized' height=\"600\" width=\"800\"  itemprop=\"thumbnailUrl\" srcset=\"https:\/\/radiorevelacionfm.cl\/wp-content\/uploads\/2023\/01\/chilechico_enero2023-6-1_optimized.jpg 800w, https:\/\/radiorevelacionfm.cl\/wp-content\/uploads\/2023\/01\/chilechico_enero2023-6-1_optimized-300x225.jpg 300w, https:\/\/radiorevelacionfm.cl\/wp-content\/uploads\/2023\/01\/chilechico_enero2023-6-1_optimized-768x576.jpg 768w, https:\/\/radiorevelacionfm.cl\/wp-content\/uploads\/2023\/01\/chilechico_enero2023-6-1_optimized-705x529.jpg 705w, https:\/\/radiorevelacionfm.cl\/wp-content\/uploads\/2023\/01\/chilechico_enero2023-6-1_optimized-600x450.jpg 600w\" sizes=\"(max-width: 800px) 100vw, 800px\" \/><\/div><\/div><\/div><\/div><div class=\"flex_column av_one_full  flex_column_div av-zero-column-padding first  avia-builder-el-2  el_after_av_one_full  el_before_av_one_full  column-top-margin\" style='border-radius:0px; '><section class=\"av_textblock_section \"  itemscope=\"itemscope\" itemtype=\"https:\/\/schema.org\/BlogPosting\" itemprop=\"blogPost\" ><div class='avia_textblock  '   itemprop=\"text\" ><p style=\"text-align: center;\"><strong><span style=\"font-size: 18pt;\">Servicios y Cartera del Trabajo realiza gesti\u00f3n mancomunada en la Provincia del General Carrera<\/span><\/strong><\/p>\n<div id=\"gtx-trans\" style=\"position: absolute; left: -50px; top: 4.31534px;\">\n<div class=\"gtx-trans-icon\"><\/div>\n<\/div>\n<\/div><\/section><\/div><div class=\"flex_column av_one_full  flex_column_div av-zero-column-padding first  avia-builder-el-4  el_after_av_one_full  el_before_av_hr  column-top-margin\" style='border-radius:0px; '><section class=\"av_textblock_section \"  itemscope=\"itemscope\" itemtype=\"https:\/\/schema.org\/BlogPosting\" itemprop=\"blogPost\" ><div class='avia_textblock  '   itemprop=\"text\" ><p class=\"v1MsoNormal\" style=\"text-align: justify;\"><span lang=\"ES-MX\">Un trabajo mancomunado con miras a proyectar un trabajo con la comunidad de la Provincia de General Carrera en el mismo territorio, fue el compromiso del Seremi de Trabajo y Previsi\u00f3n Social, Rodrigo D\u00edaz, con el nuevo Delegado Presidencial Provincial, Crist\u00f3bal Barcel\u00f3, destacando la visita de los equipos del Instituto de Seguridad laboral, ISL, reforzando las medidas de prevenci\u00f3n ante la radiaci\u00f3n UV, hanta y normativa laboral principalmente; del Instituto de Previsi\u00f3n Social, IPS, que realiz\u00f3 un recorrido hasta Fachinal y Mall\u00edn Grande, difundiendo los beneficios a usuarios\/as de la instituci\u00f3n y a la comunidad; del Servicio Nacional de Capacitaci\u00f3n y Empleo, Sence, entreg\u00f3 tablets a los usuarios\/as del programa \u00abDigital\u00edzate\u00bb, adem\u00e1s de aprovechar de ver detalles de los cursos con el delegado, conducente a licencia profesional A2 y de soldadura al arco que est\u00e1n por iniciarse, y finalmente de la Direcci\u00f3n del Trabajo, que orientaron a trabajadores\/as y empleadores\/as adem\u00e1s de realizar fiscalizaciones estos d\u00edas. \u00a0\u00a0<\/span><\/p>\n<p class=\"v1MsoNormal\" style=\"text-align: justify;\"><span lang=\"ES-MX\">Al respecto, la primera autoridad provincial coment\u00f3, \u00abDurante la presente semana tuvimos la visita del Seremi del Trabajo y Previsi\u00f3n Social de la regi\u00f3n de Ays\u00e9n, Rodrigo D\u00edaz Cordaro, quien particip\u00f3 junto al equipo de distintos organismos t\u00e9cnicos que dependen de este ministerio, ya sea el ISL, el IPS, la Direcci\u00f3n del Trabajo, Sence, que finalmente vinieron a entregar una oferta program\u00e1tica de las actuales acciones y programas que est\u00e1n desarrollando en nuestra provincia, pero m\u00e1s importante que eso, tambi\u00e9n poder difundir informaci\u00f3n clave acerca de reformas que est\u00e1n tambi\u00e9n tramitando desde este ministerio, es as\u00ed, por ejemplo, la reforma de pensiones al Sistema Mixto que viene a entregar un beneficio transversal y equitativo para todos los pensionados de nuestro pa\u00eds y, por supuesto, a los de nuestra provincia. En ese sentido, valoramos esta visita, creemos que es importante que los trabajadores, los empresarios, los microempresarios, puedan estar al tanto de la informaci\u00f3n, conocer cu\u00e1les son los planes que est\u00e1 proponiendo el Gobierno y, por supuesto, tambi\u00e9n ser part\u00edcipe y un actor m\u00e1s en este proceso participativo\u00bb, afirm\u00f3 Barcel\u00f3 Veas.<\/span><\/p>\n<p class=\"v1MsoNormal\" style=\"text-align: justify;\"><span lang=\"ES-MX\">En este mismo sentido, el Seremi Rodrigo D\u00edaz valor\u00f3 el encuentro con la comunidad en distintos espacios productivos, destacando la difusi\u00f3n de la oferta program\u00e1tica y de los proyectos emblem\u00e1ticos del Gobierno, como el de 40 horas y la Reforma de Pensiones, donde pudo dar a conocer los detalles de los mismos, aclarando dudas en terreno, \u00abViajamos como Ministerio del Trabajo y Previsi\u00f3n Social, a la Provincia General Carrera, y nos reunimos con el nuevo Delegado Presidencial Provincial, Crist\u00f3bal Barcel\u00f3 Veas, en conjunto con el Instituto de Seguridad Laboral, Instituto de Previsi\u00f3n Social, y la Direcci\u00f3n del Trabajo, posteriormente se nos incorpor\u00f3 el SENCE,\u00a0 para entregar toda la oferta program\u00e1tica, que tenemos cada uno,\u00a0contarle el despliegue que se realiza en la provincia, y tambi\u00e9n, lo importante del trabajo que estamos realizando como ministerio, en cuanto a la reforma de la reducci\u00f3n de la jornada laboral a 40 horas y la reforma del sistema mixto de pensiones. Nos reunimos con distintos sectores productivos, para se\u00f1alarle aquello, con distintos sindicatos, medios de comunicaci\u00f3n, y esperamos ir teniendo una estrecha relaci\u00f3n, una cercan\u00eda con la provincia para poder aportar desde el mundo del trabajo, al desarrollo de ella\u00bb, manifest\u00f3 el Seremi de Trabajo y Previsi\u00f3n Social.<\/span><\/p>\n<p class=\"v1MsoNormal\" style=\"text-align: justify;\"><span lang=\"ES-MX\">Para revisar algunas de las iniciativas que se desarrollaron, se pueden visitar las redes sociales MintrabAys\u00e9n.<\/span><\/p>\n<\/div><\/section><\/div><div  style='height:50px' class='hr hr-invisible   avia-builder-el-6  el_after_av_one_full  el_before_av_social_share '><span class='hr-inner ' ><span class='hr-inner-style'><\/span><\/span><\/div><\/p>\n<div  class='av-social-sharing-box  avia-builder-el-7  el_after_av_hr  el_before_av_hr  '><div class='av-share-box'><h5 class='av-share-link-description av-no-toc '>Compartir esta noticia<\/h5><ul class='av-share-box-list noLightbox'><li class='av-share-link av-social-link-facebook' ><a target=\"_blank\" aria-label=\"Compartir en Facebook\" href='https:\/\/www.facebook.com\/sharer.php?u=https:\/\/radiorevelacionfm.cl\/?p=27195&#038;t=Servicios%20y%20Cartera%20del%20Trabajo%20realiza%20gesti%C3%B3n%20mancomunada%20en%20la%20Provincia%20del%20General%20Carrera' aria-hidden='false' data-av_icon='\ue8f3' data-av_iconfont='entypo-fontello' title='' data-avia-related-tooltip='Compartir en Facebook' rel=\"noopener\"><span class='avia_hidden_link_text'>Compartir en Facebook<\/span><\/a><\/li><li class='av-share-link av-social-link-twitter' ><a target=\"_blank\" aria-label=\"Compartir en Twitter\" href='https:\/\/twitter.com\/share?text=Servicios%20y%20Cartera%20del%20Trabajo%20realiza%20gesti%C3%B3n%20mancomunada%20en%20la%20Provincia%20del%20General%20Carrera&#038;url=https:\/\/radiorevelacionfm.cl\/?p=27195' aria-hidden='false' data-av_icon='\ue8f1' data-av_iconfont='entypo-fontello' title='' data-avia-related-tooltip='Compartir en Twitter' rel=\"noopener\"><span class='avia_hidden_link_text'>Compartir en Twitter<\/span><\/a><\/li><li class='av-share-link av-social-link-whatsapp' ><a target=\"_blank\" aria-label=\"Compartir en Whatsapp\" href='https:\/\/api.whatsapp.com\/send?text=https:\/\/radiorevelacionfm.cl\/?p=27195' aria-hidden='false' data-av_icon='\uf232' data-av_iconfont='entypo-fontello' title='' data-avia-related-tooltip='Compartir en Whatsapp' rel=\"noopener\"><span class='avia_hidden_link_text'>Compartir en Whatsapp<\/span><\/a><\/li><li class='av-share-link av-social-link-linkedin' ><a target=\"_blank\" aria-label=\"Compartir en LinkedIn\" href='https:\/\/linkedin.com\/shareArticle?mini=true&#038;title=Servicios%20y%20Cartera%20del%20Trabajo%20realiza%20gesti%C3%B3n%20mancomunada%20en%20la%20Provincia%20del%20General%20Carrera&#038;url=https:\/\/radiorevelacionfm.cl\/?p=27195' aria-hidden='false' data-av_icon='\ue8fc' data-av_iconfont='entypo-fontello' title='' data-avia-related-tooltip='Compartir en LinkedIn' rel=\"noopener\"><span class='avia_hidden_link_text'>Compartir en LinkedIn<\/span><\/a><\/li><li class='av-share-link av-social-link-mail' ><a  aria-label=\"Compartir por correo\" href='mailto:?subject=Servicios%20y%20Cartera%20del%20Trabajo%20realiza%20gesti%C3%B3n%20mancomunada%20en%20la%20Provincia%20del%20General%20Carrera&#038;body=https:\/\/radiorevelacionfm.cl\/?p=27195' aria-hidden='false' data-av_icon='\ue805' data-av_iconfont='entypo-fontello' title='' data-avia-related-tooltip='Compartir por correo'><span class='avia_hidden_link_text'>Compartir por correo<\/span><\/a><\/li><\/ul><\/div><\/div>\n<div  style='height:50px' class='hr hr-invisible   avia-builder-el-8  el_after_av_social_share  el_before_av_comments_list '><span class='hr-inner ' ><span class='hr-inner-style'><\/span><\/span><\/div>\n<div  class='av-buildercomment  av-blog-meta-html-info-disabled av-blog-meta-tag-disabled  '><\/div>\n","protected":false},"excerpt":{"rendered":"","protected":false},"author":1,"featured_media":27196,"comment_status":"open","ping_status":"open","sticky":false,"template":"","format":"standard","meta":{"footnotes":""},"categories":[56],"tags":[],"class_list":["post-27195","post","type-post","status-publish","format-standard","has-post-thumbnail","hentry","category-trabajo"],"jetpack_featured_media_url":"https:\/\/radiorevelacionfm.cl\/wp-content\/uploads\/2023\/01\/chilechico_enero2023-6-1_optimized.jpg","_links":{"self":[{"href":"https:\/\/radiorevelacionfm.cl\/index.php?rest_route=\/wp\/v2\/posts\/27195","targetHints":{"allow":["GET"]}}],"collection":[{"href":"https:\/\/radiorevelacionfm.cl\/index.php?rest_route=\/wp\/v2\/posts"}],"about":[{"href":"https:\/\/radiorevelacionfm.cl\/index.php?rest_route=\/wp\/v2\/types\/post"}],"author":[{"embeddable":true,"href":"https:\/\/radiorevelacionfm.cl\/index.php?rest_route=\/wp\/v2\/users\/1"}],"replies":[{"embeddable":true,"href":"https:\/\/radiorevelacionfm.cl\/index.php?rest_route=%2Fwp%2Fv2%2Fcomments&post=27195"}],"version-history":[{"count":2,"href":"https:\/\/radiorevelacionfm.cl\/index.php?rest_route=\/wp\/v2\/posts\/27195\/revisions"}],"predecessor-version":[{"id":27198,"href":"https:\/\/radiorevelacionfm.cl\/index.php?rest_route=\/wp\/v2\/posts\/27195\/revisions\/27198"}],"wp:featuredmedia":[{"embeddable":true,"href":"https:\/\/radiorevelacionfm.cl\/index.php?rest_route=\/wp\/v2\/media\/27196"}],"wp:attachment":[{"href":"https:\/\/radiorevelacionfm.cl\/index.php?rest_route=%2Fwp%2Fv2%2Fmedia&parent=27195"}],"wp:term":[{"taxonomy":"category","embeddable":true,"href":"https:\/\/radiorevelacionfm.cl\/index.php?rest_route=%2Fwp%2Fv2%2Fcategories&post=27195"},{"taxonomy":"post_tag","embeddable":true,"href":"https:\/\/radiorevelacionfm.cl\/index.php?rest_route=%2Fwp%2Fv2%2Ftags&post=27195"}],"curies":[{"name":"wp","href":"https:\/\/api.w.org\/{rel}","templated":true}]}}