{"id":27191,"date":"2023-01-29T12:39:07","date_gmt":"2023-01-29T15:39:07","guid":{"rendered":"https:\/\/radiorevelacionfm.cl\/?p=27191"},"modified":"2023-01-29T12:39:07","modified_gmt":"2023-01-29T15:39:07","slug":"festival-internacional-de-musica-en-la-patagonia-anuncia-a-los-artistas-que-se-presentaran-durante-su-novena-version","status":"publish","type":"post","link":"https:\/\/radiorevelacionfm.cl\/?p=27191","title":{"rendered":"Festival Internacional de M\u00fasica en la Patagonia anuncia a los artistas que se presentar\u00e1n durante su novena versi\u00f3n"},"content":{"rendered":"<div class=\"flex_column av_one_full  flex_column_div av-zero-column-padding first  avia-builder-el-0  el_before_av_one_full  avia-builder-el-first  \" style='border-radius:0px; '><div  class='avia-image-container  av-styling-    avia-builder-el-1  avia-builder-el-no-sibling  avia-align-center '  itemprop=\"image\" itemscope=\"itemscope\" itemtype=\"https:\/\/schema.org\/ImageObject\"  ><div class='avia-image-container-inner'><div class='avia-image-overlay-wrap'><img decoding=\"async\" class='wp-image-27192 avia-img-lazy-loading-not-27192 avia_image' src=\"https:\/\/radiorevelacionfm.cl\/wp-content\/uploads\/2023\/01\/jose_antonio_escobar_14-oct-2015-1-1.jpg\" alt='' title='jose_antonio_escobar_14-oct-2015 (1) (1)' height=\"600\" width=\"784\"  itemprop=\"thumbnailUrl\" srcset=\"https:\/\/radiorevelacionfm.cl\/wp-content\/uploads\/2023\/01\/jose_antonio_escobar_14-oct-2015-1-1.jpg 784w, https:\/\/radiorevelacionfm.cl\/wp-content\/uploads\/2023\/01\/jose_antonio_escobar_14-oct-2015-1-1-300x230.jpg 300w, https:\/\/radiorevelacionfm.cl\/wp-content\/uploads\/2023\/01\/jose_antonio_escobar_14-oct-2015-1-1-768x588.jpg 768w, https:\/\/radiorevelacionfm.cl\/wp-content\/uploads\/2023\/01\/jose_antonio_escobar_14-oct-2015-1-1-705x540.jpg 705w, https:\/\/radiorevelacionfm.cl\/wp-content\/uploads\/2023\/01\/jose_antonio_escobar_14-oct-2015-1-1-600x459.jpg 600w\" sizes=\"(max-width: 784px) 100vw, 784px\" \/><\/div><\/div><\/div><\/div><div class=\"flex_column av_one_full  flex_column_div av-zero-column-padding first  avia-builder-el-2  el_after_av_one_full  el_before_av_one_full  column-top-margin\" style='border-radius:0px; '><section class=\"av_textblock_section \"  itemscope=\"itemscope\" itemtype=\"https:\/\/schema.org\/BlogPosting\" itemprop=\"blogPost\" ><div class='avia_textblock  '   itemprop=\"text\" ><p style=\"text-align: center;\"><span style=\"font-size: 18pt;\"><strong>Festival Internacional de M\u00fasica en la Patagonia anuncia a los artistas que se presentar\u00e1n durante su novena versi\u00f3n<\/strong><\/span><\/p>\n<div id=\"gtx-trans\" style=\"position: absolute; left: -50px; top: 4.31534px;\">\n<div class=\"gtx-trans-icon\"><\/div>\n<\/div>\n<\/div><\/section><\/div><div class=\"flex_column av_one_full  flex_column_div av-zero-column-padding first  avia-builder-el-4  el_after_av_one_full  el_before_av_hr  column-top-margin\" style='border-radius:0px; '><section class=\"av_textblock_section \"  itemscope=\"itemscope\" itemtype=\"https:\/\/schema.org\/BlogPosting\" itemprop=\"blogPost\" ><div class='avia_textblock  '   itemprop=\"text\" ><p class=\"v1MsoNormal\" style=\"text-align: justify;\">M\u00fasico\/as regionales, nacionales e internacionales dar\u00e1n vida a esta nueva edici\u00f3n del Festival Internacional de M\u00fasica en la Patagonia, proyecto financiado por el Fondo de la M\u00fasica, Convocatoria 2023.<\/p>\n<p class=\"v1MsoNormal\" style=\"text-align: justify;\">Esta semana fueron anunciados los artistas que se presentar\u00e1n durante la novena versi\u00f3n del Festival Internacional de M\u00fasica en la Patagonia (FIMP), el que se realizar\u00e1 desde el s\u00e1bado 4 al viernes 10 de febrero en el Centro Cultural Coyhaique.<\/p>\n<p class=\"v1MsoNormal\" style=\"text-align: justify;\">Como novedad en esta edici\u00f3n del FIMP, organizado por la Fundaci\u00f3n Internacional para la M\u00fasica en la Patagonia, patrocinado por la Agrupaci\u00f3n Musical FIMP y financiado por el Fondo de la M\u00fasica, L\u00ednea de M\u00fasica en Vivo, Modalidad Festivales de Trayectoria, Convocatoria\u00a02023, se presentar\u00e1 un artista regional por noche, los que fueron seleccionados luego de una convocatoria abierta realizada en redes sociales.<\/p>\n<p class=\"v1MsoNormal\" style=\"text-align: justify;\">En cuanto a los artistas invitados, se contar\u00e1 con la presencia del destacado e internacionalmente reconocido guitarrista chileno Jos\u00e9 Antonio Escobar y del Cuarteto Soro, conformado por el violinista franc\u00e9s Dorian Lamotte, la violinista cubana M\u00f3nica Betancourt, el violista chileno Vicente Toskana-Lanzenrdoff y la violonchelista espa\u00f1ola Elisa Sa\u0301daba.<\/p>\n<p class=\"v1MsoNormal\" style=\"text-align: justify;\"><b>ARTISTAS DESTACADOS<\/b><\/p>\n<p class=\"v1MsoNormal\" style=\"text-align: justify;\">Jos\u00e9 Antonio Escobar es un guitarrista chileno de destacada trayectoria en la m\u00fasica de c\u00e1mara y participar\u00e1 por primera vez en el festival. Ha sido galardonado en m\u00e1s de 15 ocasiones en los principales concursos internacionales de guitarra cl\u00e1sica y ha actuado internacionalmente en prestigiosos escenarios como el Carnegie Hall de Nueva York o el Royal Festival Hall de Londres, adem\u00e1s de haber realizado exitosas grabaciones para el sello Naxos.<\/p>\n<p class=\"v1MsoNormal\" style=\"text-align: justify;\">\u00abSiempre es muy positivo que se realicen este tipo de eventos culturales, en este caso un festival de m\u00fasica tan importante que destaca la m\u00fasica de c\u00e1mara, y el hacerlo en una regi\u00f3n tan lejana como es la Patagonia y espec\u00edficamente en Coyhaique, que permitir\u00e1 que la gente y especialmente los j\u00f3venes puedan disfrutar y aprender de los m\u00fasicos invitados que traen su arte y sus conocimientos\u00bb, se\u00f1al\u00f3 el guitarrista.<\/p>\n<p class=\"v1MsoNormal\" style=\"text-align: justify;\">El Cuarteto Soro, por su parte, se form\u00f3 en 2017, cuando en Chile se conocieron solistas de varios pa\u00edses con una pasi\u00f3n en com\u00fan: la m\u00fasica para cuarteto de cuerdas. Fascinados por el repertorio chileno y entusiasmados por el cuarteto del compositor chileno Enrique Soro, deciden dedicarle el nombre de su agrupaci\u00f3n.<\/p>\n<p class=\"v1MsoNormal\" style=\"text-align: justify;\">\u00abDentro del equipo de profesores que vamos hay m\u00fasicos internacionalmente reconocidos, el nivel va a ser muy alto. Y los conciertos que vamos a ofrecer van a estar llenos de emoci\u00f3n, porque el repertorio es s\u00faper variado y atractivo para todos los p\u00fablicos, tanto si conoces de m\u00fasica, como si la disfrutas y no conoces tanto del tema. As\u00ed que invito a todo el mundo a asistir y a que vaya a disfrutar de estos conciertos\u00bb, se\u00f1al\u00f3 Elisa S\u00e1daba, violonchelista espa\u00f1ola miembro del Cuarteto Soro.<\/p>\n<p class=\"v1MsoNormal\" style=\"text-align: justify;\">Para quienes quieran asistir al 9\u00b0 FIMP, que es un evento gratuito, deben solicitar su entrada en la p\u00e1gina\u00a0<a href=\"http:\/\/www.fimp.cl\/\" target=\"_blank\" rel=\"noopener noreferrer\">www.fimp.cl<\/a>, donde tambi\u00e9n podr\u00e1n conocer el programa completo del festival y sus horarios.<\/p>\n<\/div><\/section><\/div><div  style='height:50px' class='hr hr-invisible   avia-builder-el-6  el_after_av_one_full  el_before_av_social_share '><span class='hr-inner ' ><span class='hr-inner-style'><\/span><\/span><\/div><\/p>\n<div  class='av-social-sharing-box  avia-builder-el-7  el_after_av_hr  el_before_av_hr  '><div class='av-share-box'><h5 class='av-share-link-description av-no-toc '>Compartir esta noticia<\/h5><ul class='av-share-box-list noLightbox'><li class='av-share-link av-social-link-facebook' ><a target=\"_blank\" aria-label=\"Compartir en Facebook\" href='https:\/\/www.facebook.com\/sharer.php?u=https:\/\/radiorevelacionfm.cl\/?p=27191&#038;t=Festival%20Internacional%20de%20M%C3%BAsica%20en%20la%20Patagonia%20anuncia%20a%20los%20artistas%20que%20se%20presentar%C3%A1n%20durante%20su%20novena%20versi%C3%B3n' aria-hidden='false' data-av_icon='\ue8f3' data-av_iconfont='entypo-fontello' title='' data-avia-related-tooltip='Compartir en Facebook' rel=\"noopener\"><span class='avia_hidden_link_text'>Compartir en Facebook<\/span><\/a><\/li><li class='av-share-link av-social-link-twitter' ><a target=\"_blank\" aria-label=\"Compartir en Twitter\" href='https:\/\/twitter.com\/share?text=Festival%20Internacional%20de%20M%C3%BAsica%20en%20la%20Patagonia%20anuncia%20a%20los%20artistas%20que%20se%20presentar%C3%A1n%20durante%20su%20novena%20versi%C3%B3n&#038;url=https:\/\/radiorevelacionfm.cl\/?p=27191' aria-hidden='false' data-av_icon='\ue8f1' data-av_iconfont='entypo-fontello' title='' data-avia-related-tooltip='Compartir en Twitter' rel=\"noopener\"><span class='avia_hidden_link_text'>Compartir en Twitter<\/span><\/a><\/li><li class='av-share-link av-social-link-whatsapp' ><a target=\"_blank\" aria-label=\"Compartir en Whatsapp\" href='https:\/\/api.whatsapp.com\/send?text=https:\/\/radiorevelacionfm.cl\/?p=27191' aria-hidden='false' data-av_icon='\uf232' data-av_iconfont='entypo-fontello' title='' data-avia-related-tooltip='Compartir en Whatsapp' rel=\"noopener\"><span class='avia_hidden_link_text'>Compartir en Whatsapp<\/span><\/a><\/li><li class='av-share-link av-social-link-linkedin' ><a target=\"_blank\" aria-label=\"Compartir en LinkedIn\" href='https:\/\/linkedin.com\/shareArticle?mini=true&#038;title=Festival%20Internacional%20de%20M%C3%BAsica%20en%20la%20Patagonia%20anuncia%20a%20los%20artistas%20que%20se%20presentar%C3%A1n%20durante%20su%20novena%20versi%C3%B3n&#038;url=https:\/\/radiorevelacionfm.cl\/?p=27191' aria-hidden='false' data-av_icon='\ue8fc' data-av_iconfont='entypo-fontello' title='' data-avia-related-tooltip='Compartir en LinkedIn' rel=\"noopener\"><span class='avia_hidden_link_text'>Compartir en LinkedIn<\/span><\/a><\/li><li class='av-share-link av-social-link-mail' ><a  aria-label=\"Compartir por correo\" href='mailto:?subject=Festival%20Internacional%20de%20M%C3%BAsica%20en%20la%20Patagonia%20anuncia%20a%20los%20artistas%20que%20se%20presentar%C3%A1n%20durante%20su%20novena%20versi%C3%B3n&#038;body=https:\/\/radiorevelacionfm.cl\/?p=27191' aria-hidden='false' data-av_icon='\ue805' data-av_iconfont='entypo-fontello' title='' data-avia-related-tooltip='Compartir por correo'><span class='avia_hidden_link_text'>Compartir por correo<\/span><\/a><\/li><\/ul><\/div><\/div>\n<div  style='height:50px' class='hr hr-invisible   avia-builder-el-8  el_after_av_social_share  el_before_av_comments_list '><span class='hr-inner ' ><span class='hr-inner-style'><\/span><\/span><\/div>\n<div  class='av-buildercomment  av-blog-meta-html-info-disabled av-blog-meta-tag-disabled  '><\/div>\n","protected":false},"excerpt":{"rendered":"","protected":false},"author":1,"featured_media":27192,"comment_status":"open","ping_status":"open","sticky":false,"template":"","format":"standard","meta":{"footnotes":""},"categories":[43],"tags":[],"class_list":["post-27191","post","type-post","status-publish","format-standard","has-post-thumbnail","hentry","category-musica"],"jetpack_featured_media_url":"https:\/\/radiorevelacionfm.cl\/wp-content\/uploads\/2023\/01\/jose_antonio_escobar_14-oct-2015-1-1.jpg","_links":{"self":[{"href":"https:\/\/radiorevelacionfm.cl\/index.php?rest_route=\/wp\/v2\/posts\/27191","targetHints":{"allow":["GET"]}}],"collection":[{"href":"https:\/\/radiorevelacionfm.cl\/index.php?rest_route=\/wp\/v2\/posts"}],"about":[{"href":"https:\/\/radiorevelacionfm.cl\/index.php?rest_route=\/wp\/v2\/types\/post"}],"author":[{"embeddable":true,"href":"https:\/\/radiorevelacionfm.cl\/index.php?rest_route=\/wp\/v2\/users\/1"}],"replies":[{"embeddable":true,"href":"https:\/\/radiorevelacionfm.cl\/index.php?rest_route=%2Fwp%2Fv2%2Fcomments&post=27191"}],"version-history":[{"count":2,"href":"https:\/\/radiorevelacionfm.cl\/index.php?rest_route=\/wp\/v2\/posts\/27191\/revisions"}],"predecessor-version":[{"id":27194,"href":"https:\/\/radiorevelacionfm.cl\/index.php?rest_route=\/wp\/v2\/posts\/27191\/revisions\/27194"}],"wp:featuredmedia":[{"embeddable":true,"href":"https:\/\/radiorevelacionfm.cl\/index.php?rest_route=\/wp\/v2\/media\/27192"}],"wp:attachment":[{"href":"https:\/\/radiorevelacionfm.cl\/index.php?rest_route=%2Fwp%2Fv2%2Fmedia&parent=27191"}],"wp:term":[{"taxonomy":"category","embeddable":true,"href":"https:\/\/radiorevelacionfm.cl\/index.php?rest_route=%2Fwp%2Fv2%2Fcategories&post=27191"},{"taxonomy":"post_tag","embeddable":true,"href":"https:\/\/radiorevelacionfm.cl\/index.php?rest_route=%2Fwp%2Fv2%2Ftags&post=27191"}],"curies":[{"name":"wp","href":"https:\/\/api.w.org\/{rel}","templated":true}]}}