{"id":27185,"date":"2023-01-28T10:40:30","date_gmt":"2023-01-28T13:40:30","guid":{"rendered":"https:\/\/radiorevelacionfm.cl\/?p=27185"},"modified":"2023-01-28T10:40:30","modified_gmt":"2023-01-28T13:40:30","slug":"en-chile-chico-difunden-campana-ultra-sol-ultra-proteccion-a-trabajadores-y-empleadores-agricolas","status":"publish","type":"post","link":"https:\/\/radiorevelacionfm.cl\/?p=27185","title":{"rendered":"En Chile Chico difunden campa\u00f1a \u00abUltra Sol Ultra Protecci\u00f3n\u00bb a trabajadores y empleadores agr\u00edcolas"},"content":{"rendered":"<div class=\"flex_column av_one_full  flex_column_div av-zero-column-padding first  avia-builder-el-0  el_before_av_one_full  avia-builder-el-first  \" style='border-radius:0px; '><div  class='avia-image-container  av-styling-    avia-builder-el-1  avia-builder-el-no-sibling  avia-align-center '  itemprop=\"image\" itemscope=\"itemscope\" itemtype=\"https:\/\/schema.org\/ImageObject\"  ><div class='avia-image-container-inner'><div class='avia-image-overlay-wrap'><img decoding=\"async\" class='wp-image-27186 avia-img-lazy-loading-not-27186 avia_image' src=\"https:\/\/radiorevelacionfm.cl\/wp-content\/uploads\/2023\/01\/chilechico_enero2023_isl_capacitacion_2-1_optimized-1.jpg\" alt='' title='chilechico_enero2023_isl_capacitacion_2-(1)_optimized (1)' height=\"600\" width=\"800\"  itemprop=\"thumbnailUrl\" srcset=\"https:\/\/radiorevelacionfm.cl\/wp-content\/uploads\/2023\/01\/chilechico_enero2023_isl_capacitacion_2-1_optimized-1.jpg 800w, https:\/\/radiorevelacionfm.cl\/wp-content\/uploads\/2023\/01\/chilechico_enero2023_isl_capacitacion_2-1_optimized-1-300x225.jpg 300w, https:\/\/radiorevelacionfm.cl\/wp-content\/uploads\/2023\/01\/chilechico_enero2023_isl_capacitacion_2-1_optimized-1-768x576.jpg 768w, https:\/\/radiorevelacionfm.cl\/wp-content\/uploads\/2023\/01\/chilechico_enero2023_isl_capacitacion_2-1_optimized-1-705x529.jpg 705w, https:\/\/radiorevelacionfm.cl\/wp-content\/uploads\/2023\/01\/chilechico_enero2023_isl_capacitacion_2-1_optimized-1-600x450.jpg 600w\" sizes=\"(max-width: 800px) 100vw, 800px\" \/><\/div><\/div><\/div><\/div><div class=\"flex_column av_one_full  flex_column_div av-zero-column-padding first  avia-builder-el-2  el_after_av_one_full  el_before_av_one_full  column-top-margin\" style='border-radius:0px; '><section class=\"av_textblock_section \"  itemscope=\"itemscope\" itemtype=\"https:\/\/schema.org\/BlogPosting\" itemprop=\"blogPost\" ><div class='avia_textblock  '   itemprop=\"text\" ><p style=\"text-align: center;\"><strong><span style=\"font-size: 18pt;\">En Chile Chico difunden campa\u00f1a \u00abUltra Sol Ultra Protecci\u00f3n\u00bb a trabajadores y empleadores agr\u00edcolas<\/span><\/strong><\/p>\n<div id=\"gtx-trans\" style=\"position: absolute; left: -50px; top: 4.31534px;\">\n<div class=\"gtx-trans-icon\"><\/div>\n<\/div>\n<\/div><\/section><\/div><div class=\"flex_column av_one_full  flex_column_div av-zero-column-padding first  avia-builder-el-4  el_after_av_one_full  el_before_av_hr  column-top-margin\" style='border-radius:0px; '><section class=\"av_textblock_section \"  itemscope=\"itemscope\" itemtype=\"https:\/\/schema.org\/BlogPosting\" itemprop=\"blogPost\" ><div class='avia_textblock  '   itemprop=\"text\" ><p class=\"v1MsoNormal\" style=\"text-align: justify;\"><span lang=\"ES-MX\">En la ciudad del sol y aprovechando la \u00e9poca de mayor sol y radiaci\u00f3n UV, el Seremi del Trabajo y Previsi\u00f3n Social, Rodrigo D\u00edaz junto a la directora regional(s), Mery Fontecha y al jefe del \u00c1rea de Prevenci\u00f3n del Instituto de Seguridad Laboral, ISL, Gonzalo Soto, realizaron difusi\u00f3n en terreno de la campa\u00f1a \u00abUltra Sol Ultra Protecci\u00f3n\u00bb en predios agr\u00edcolas, entre ellos, varios dedicados a la cereza.<\/span><\/p>\n<p class=\"v1MsoNormal\" style=\"text-align: justify;\"><span lang=\"ES-MX\">El Seremi Rodrigo D\u00edaz coment\u00f3, \u00abLos trabajadores que deben estar largas horas del d\u00eda bajo el sol\u00a0en temporada de altas temperaturas y radiaci\u00f3n UV, deben tener los implementos adecuados para protegerse. Por ello, el Instituto de Seguridad Laboral, ISL, como organismo administraci\u00f3n del Seguro Social contra Riesgos de Accidentes y Enfermedades Profesionales, establecido por la\u00a0<\/span><span lang=\"ES\"><a href=\"https:\/\/www.previsionsocial.gob.cl\/sps\/seguridad-social\/sst\/ley-16-744\/\" target=\"_blank\" rel=\"noopener noreferrer\"><span lang=\"ES-MX\">Ley 16.744<\/span><\/a><\/span><span lang=\"ES-MX\">, es decir, la \u00abmutualidad del Estado\u00bb, profundiza las capacitaciones en esta \u00e9poca, resaltando la importancia de la hidrataci\u00f3n, el uso de protector solar y ropa adecuada. Esta capacitaci\u00f3n fue tanto a trabajadores\/as como a empleadores\/as del sector agr\u00edcola y la est\u00e1 desarrollando el ISL en gran parte de sus empresas adheridas en la Regi\u00f3n de Ays\u00e9n, enfoc\u00e1ndose en Chile Chico en los predios agr\u00edcolas, gran parte de ellos, productores de cerezas, entregando adem\u00e1s elementos de protecci\u00f3n, como gorros legionarios y bloqueadores solares\u00bb, afirm\u00f3 el Seremi de Trabajo y Previsi\u00f3n Social.<\/span><\/p>\n<p class=\"v1MsoNormal\" style=\"text-align: justify;\"><span lang=\"ES-MX\">La autoridad laboral adem\u00e1s afirm\u00f3, \u00abHacemos un llamado al autocuidado a los trabajadores y tambi\u00e9n a los empleadores a conocer la ley, ya que es un derecho laboral el que se entreguen los elementos de protecci\u00f3n personal, tanto para la exposici\u00f3n a los rayos UV, como al calor y al fr\u00edo, seg\u00fan la \u00e9poca del a\u00f1o y la labor que realice cada trabajador o trabajadora. A quienes tengan dudas, los invitamos a acercarse a su organismo administrador de la ley o a la Direcci\u00f3n del Trabajo, donde tambi\u00e9n pueden realizar sus denuncias en el mail\u00a0<\/span><span lang=\"ES\"><a href=\"mailto:upartesaysen@dt.gob.cl\" rel=\"noreferrer\"><span lang=\"ES-MX\">upartesaysen@dt.gob.cl<\/span><\/a><\/span><span lang=\"ES-MX\">\u00ab.<\/span><\/p>\n<p class=\"v1MsoNormal\" style=\"text-align: justify;\"><span lang=\"ES-MX\">Por su parte, Mery Fontecha, directora regional(s) del ISL detall\u00f3 sobre la campa\u00f1a, \u00abEn esta temporada, como Instituto de Seguridad Laboral, nos encontramos en la Campa\u00f1a Ultra sol ultra protecci\u00f3n, y en la cual queremos dar a conocer los riesgos asociados a la radiaci\u00f3n ultravioleta, UV, de origen solar, especialmente en aquellos trabajadores y trabajadores que realizan labores al aire libre durante el verano, por ejemplo, algunos consejos, evitar la exposici\u00f3n innecesaria entre las 10 y las 17 horas, ya que es el periodo de mayor radiaci\u00f3n solar. Se recomienda no realizar ejercicio y actividad f\u00edsica y utilizar protecci\u00f3n en la piel durante ese horario, limita el tiempo de actividad laboral bajo el sol y prefiere siempre lugares con sombra, usa crema con filtro solar sobre cara, cuello, manos, antebrazos, orejas y en cualquier parte del cuerpo. La exposici\u00f3n excesiva o acumulativa a este tipo de radiaci\u00f3n natural o artificial, puede generar efectos da\u00f1inos en la salud, en este sentido, los \u00f3rganos m\u00e1s afectados, son los ojos y la piel\u00bb, puntualiz\u00f3.<\/span><\/p>\n<p class=\"v1MsoNormal\" style=\"text-align: justify;\"><span lang=\"ES-MX\">Es importante recordar tambi\u00e9n que los trabajadores\/as deben beber 2 litros de agua al d\u00eda, teniendo siempre agua disponible cerca de donde cumplen sus labores. En este sentido, los invitamos a visitar el sitio web\u00a0<\/span><span lang=\"ES\"><a href=\"http:\/\/www.isl.gob.cl\/\" target=\"_blank\" rel=\"noopener noreferrer\"><span lang=\"ES-MX\">www.isl.gob.cl<\/span><\/a><\/span><span lang=\"ES-MX\">\u00a0donde se pueden revisar todos los consejos y la normativa asociada a este derecho laboral.<\/span><\/p>\n<\/div><\/section><\/div><div  style='height:50px' class='hr hr-invisible   avia-builder-el-6  el_after_av_one_full  el_before_av_social_share '><span class='hr-inner ' ><span class='hr-inner-style'><\/span><\/span><\/div><\/p>\n<div  class='av-social-sharing-box  avia-builder-el-7  el_after_av_hr  el_before_av_hr  '><div class='av-share-box'><h5 class='av-share-link-description av-no-toc '>Compartir esta noticia<\/h5><ul class='av-share-box-list noLightbox'><li class='av-share-link av-social-link-facebook' ><a target=\"_blank\" aria-label=\"Compartir en Facebook\" href='https:\/\/www.facebook.com\/sharer.php?u=https:\/\/radiorevelacionfm.cl\/?p=27185&#038;t=En%20Chile%20Chico%20difunden%20campa%C3%B1a%20%C2%ABUltra%20Sol%20Ultra%20Protecci%C3%B3n%C2%BB%20a%20trabajadores%20y%20empleadores%20agr%C3%ADcolas' aria-hidden='false' data-av_icon='\ue8f3' data-av_iconfont='entypo-fontello' title='' data-avia-related-tooltip='Compartir en Facebook' rel=\"noopener\"><span class='avia_hidden_link_text'>Compartir en Facebook<\/span><\/a><\/li><li class='av-share-link av-social-link-twitter' ><a target=\"_blank\" aria-label=\"Compartir en Twitter\" href='https:\/\/twitter.com\/share?text=En%20Chile%20Chico%20difunden%20campa%C3%B1a%20%C2%ABUltra%20Sol%20Ultra%20Protecci%C3%B3n%C2%BB%20a%20trabajadores%20y%20empleadores%20agr%C3%ADcolas&#038;url=https:\/\/radiorevelacionfm.cl\/?p=27185' aria-hidden='false' data-av_icon='\ue8f1' data-av_iconfont='entypo-fontello' title='' data-avia-related-tooltip='Compartir en Twitter' rel=\"noopener\"><span class='avia_hidden_link_text'>Compartir en Twitter<\/span><\/a><\/li><li class='av-share-link av-social-link-whatsapp' ><a target=\"_blank\" aria-label=\"Compartir en Whatsapp\" href='https:\/\/api.whatsapp.com\/send?text=https:\/\/radiorevelacionfm.cl\/?p=27185' aria-hidden='false' data-av_icon='\uf232' data-av_iconfont='entypo-fontello' title='' data-avia-related-tooltip='Compartir en Whatsapp' rel=\"noopener\"><span class='avia_hidden_link_text'>Compartir en Whatsapp<\/span><\/a><\/li><li class='av-share-link av-social-link-linkedin' ><a target=\"_blank\" aria-label=\"Compartir en LinkedIn\" href='https:\/\/linkedin.com\/shareArticle?mini=true&#038;title=En%20Chile%20Chico%20difunden%20campa%C3%B1a%20%C2%ABUltra%20Sol%20Ultra%20Protecci%C3%B3n%C2%BB%20a%20trabajadores%20y%20empleadores%20agr%C3%ADcolas&#038;url=https:\/\/radiorevelacionfm.cl\/?p=27185' aria-hidden='false' data-av_icon='\ue8fc' data-av_iconfont='entypo-fontello' title='' data-avia-related-tooltip='Compartir en LinkedIn' rel=\"noopener\"><span class='avia_hidden_link_text'>Compartir en LinkedIn<\/span><\/a><\/li><li class='av-share-link av-social-link-mail' ><a  aria-label=\"Compartir por correo\" href='mailto:?subject=En%20Chile%20Chico%20difunden%20campa%C3%B1a%20%C2%ABUltra%20Sol%20Ultra%20Protecci%C3%B3n%C2%BB%20a%20trabajadores%20y%20empleadores%20agr%C3%ADcolas&#038;body=https:\/\/radiorevelacionfm.cl\/?p=27185' aria-hidden='false' data-av_icon='\ue805' data-av_iconfont='entypo-fontello' title='' data-avia-related-tooltip='Compartir por correo'><span class='avia_hidden_link_text'>Compartir por correo<\/span><\/a><\/li><\/ul><\/div><\/div>\n<div  style='height:50px' class='hr hr-invisible   avia-builder-el-8  el_after_av_social_share  el_before_av_comments_list '><span class='hr-inner ' ><span class='hr-inner-style'><\/span><\/span><\/div>\n<div  class='av-buildercomment  av-blog-meta-html-info-disabled av-blog-meta-tag-disabled  '><\/div>\n","protected":false},"excerpt":{"rendered":"","protected":false},"author":1,"featured_media":27186,"comment_status":"open","ping_status":"open","sticky":false,"template":"","format":"standard","meta":{"footnotes":""},"categories":[56],"tags":[],"class_list":["post-27185","post","type-post","status-publish","format-standard","has-post-thumbnail","hentry","category-trabajo"],"jetpack_featured_media_url":"https:\/\/radiorevelacionfm.cl\/wp-content\/uploads\/2023\/01\/chilechico_enero2023_isl_capacitacion_2-1_optimized-1.jpg","_links":{"self":[{"href":"https:\/\/radiorevelacionfm.cl\/index.php?rest_route=\/wp\/v2\/posts\/27185","targetHints":{"allow":["GET"]}}],"collection":[{"href":"https:\/\/radiorevelacionfm.cl\/index.php?rest_route=\/wp\/v2\/posts"}],"about":[{"href":"https:\/\/radiorevelacionfm.cl\/index.php?rest_route=\/wp\/v2\/types\/post"}],"author":[{"embeddable":true,"href":"https:\/\/radiorevelacionfm.cl\/index.php?rest_route=\/wp\/v2\/users\/1"}],"replies":[{"embeddable":true,"href":"https:\/\/radiorevelacionfm.cl\/index.php?rest_route=%2Fwp%2Fv2%2Fcomments&post=27185"}],"version-history":[{"count":2,"href":"https:\/\/radiorevelacionfm.cl\/index.php?rest_route=\/wp\/v2\/posts\/27185\/revisions"}],"predecessor-version":[{"id":27188,"href":"https:\/\/radiorevelacionfm.cl\/index.php?rest_route=\/wp\/v2\/posts\/27185\/revisions\/27188"}],"wp:featuredmedia":[{"embeddable":true,"href":"https:\/\/radiorevelacionfm.cl\/index.php?rest_route=\/wp\/v2\/media\/27186"}],"wp:attachment":[{"href":"https:\/\/radiorevelacionfm.cl\/index.php?rest_route=%2Fwp%2Fv2%2Fmedia&parent=27185"}],"wp:term":[{"taxonomy":"category","embeddable":true,"href":"https:\/\/radiorevelacionfm.cl\/index.php?rest_route=%2Fwp%2Fv2%2Fcategories&post=27185"},{"taxonomy":"post_tag","embeddable":true,"href":"https:\/\/radiorevelacionfm.cl\/index.php?rest_route=%2Fwp%2Fv2%2Ftags&post=27185"}],"curies":[{"name":"wp","href":"https:\/\/api.w.org\/{rel}","templated":true}]}}