{"id":27178,"date":"2023-01-28T11:48:23","date_gmt":"2023-01-28T14:48:23","guid":{"rendered":"https:\/\/radiorevelacionfm.cl\/?p=27178"},"modified":"2023-01-28T11:48:23","modified_gmt":"2023-01-28T14:48:23","slug":"delegado-rodrigo-araya-destaca-anuncios-del-presidente-boric-para-la-region-de-aysen","status":"publish","type":"post","link":"https:\/\/radiorevelacionfm.cl\/?p=27178","title":{"rendered":"Delegado Rodrigo Araya destaca anuncios del Presidente Boric para la Regi\u00f3n de Ays\u00e9n"},"content":{"rendered":"<div class=\"flex_column av_one_full  flex_column_div av-zero-column-padding first  avia-builder-el-0  el_before_av_one_full  avia-builder-el-first  \" style='border-radius:0px; '><div  class='avia-image-container  av-styling-    avia-builder-el-1  avia-builder-el-no-sibling  avia-align-center '  itemprop=\"image\" itemscope=\"itemscope\" itemtype=\"https:\/\/schema.org\/ImageObject\"  ><div class='avia-image-container-inner'><div class='avia-image-overlay-wrap'><img decoding=\"async\" class='wp-image-27179 avia-img-lazy-loading-not-27179 avia_image' src=\"https:\/\/radiorevelacionfm.cl\/wp-content\/uploads\/2023\/01\/WhatsApp-Image-2023-01-27-at-17.55.36-1-1.jpeg\" alt='' title='WhatsApp Image 2023-01-27 at 17.55.36 (1) (1)' height=\"600\" width=\"900\"  itemprop=\"thumbnailUrl\" srcset=\"https:\/\/radiorevelacionfm.cl\/wp-content\/uploads\/2023\/01\/WhatsApp-Image-2023-01-27-at-17.55.36-1-1.jpeg 900w, https:\/\/radiorevelacionfm.cl\/wp-content\/uploads\/2023\/01\/WhatsApp-Image-2023-01-27-at-17.55.36-1-1-300x200.jpeg 300w, https:\/\/radiorevelacionfm.cl\/wp-content\/uploads\/2023\/01\/WhatsApp-Image-2023-01-27-at-17.55.36-1-1-768x512.jpeg 768w, https:\/\/radiorevelacionfm.cl\/wp-content\/uploads\/2023\/01\/WhatsApp-Image-2023-01-27-at-17.55.36-1-1-705x470.jpeg 705w, https:\/\/radiorevelacionfm.cl\/wp-content\/uploads\/2023\/01\/WhatsApp-Image-2023-01-27-at-17.55.36-1-1-600x400.jpeg 600w\" sizes=\"(max-width: 900px) 100vw, 900px\" \/><\/div><\/div><\/div><\/div>\n<div class=\"flex_column av_one_full  flex_column_div av-zero-column-padding first  avia-builder-el-2  el_after_av_one_full  el_before_av_one_full  column-top-margin\" style='border-radius:0px; '><section class=\"av_textblock_section \"  itemscope=\"itemscope\" itemtype=\"https:\/\/schema.org\/BlogPosting\" itemprop=\"blogPost\" ><div class='avia_textblock  '   itemprop=\"text\" ><p style=\"text-align: center;\"><strong><span style=\"font-size: 18pt;\">Delegado Rodrigo Araya destaca anuncios del Presidente Boric para la Regi\u00f3n de Ays\u00e9n<\/span><\/strong><\/p>\n<div id=\"gtx-trans\" style=\"position: absolute; left: -50px; top: 4.31534px;\">\n<div class=\"gtx-trans-icon\"><\/div>\n<\/div>\n<\/div><\/section><\/div>\n<div class=\"flex_column av_one_full  flex_column_div av-zero-column-padding first  avia-builder-el-4  el_after_av_one_full  el_before_av_hr  column-top-margin\" style='border-radius:0px; '><section class=\"av_textblock_section \"  itemscope=\"itemscope\" itemtype=\"https:\/\/schema.org\/BlogPosting\" itemprop=\"blogPost\" ><div class='avia_textblock  '   itemprop=\"text\" ><p style=\"font-weight: 400; text-align: justify;\">La relevancia de los anuncios del Presidente Gabriel Boric para un desarrollo equitativo en la Regi\u00f3n de Ays\u00e9n, subray\u00f3 el Delegado Presidencial Regional, Rodrigo Araya, tras las dos jornadas en que el Mandatario encabez\u00f3 actividades en las comunas de Coyhaique y R\u00edo Ib\u00e1\u00f1ez.<\/p>\n<p style=\"font-weight: 400; text-align: justify;\">\u201cIndependiente de donde vivan, ya sea en un puerto, en una caleta, en una peque\u00f1a isla o en un pueblo apartado de esta hermosa regi\u00f3n, son prioridad para este gobierno. Les agradezco mucho su fuerza a los habitantes de Ays\u00e9n, por hacer patria en este lugar, en donde no me cabe ninguna duda que ser chileno y ser chilena en este lugar, es un orgullo doble. Les mando un abrazo grande y les aseguro que pueden contar con nuestro Gobierno, \u00a0su Gobierno\u201d, expres\u00f3 el Presidente Boric antes de culminar las actividades en Ays\u00e9n.<\/p>\n<p style=\"font-weight: 400; text-align: justify;\">En primer t\u00e9rmino, el Delegado Rodrigo Araya recalc\u00f3 la Nueva Pol\u00edtica Especial de Desarrollo de Zonas Extremas, que ingresa a Contralor\u00eda para su toma de raz\u00f3n, posterior publicaci\u00f3n y difusi\u00f3n, como una pol\u00edtica permanente del Estado de Chile.<\/p>\n<p style=\"font-weight: 400; text-align: justify;\">\u201cLa Pol\u00edtica de Zonas Extremas, que este gobierno empez\u00f3 a trabajar en el mes de mayo del a\u00f1o pasado. Eso significa que se viene por delante un trabajo liderado por la Gobernadora Regional, en conjunto con todas las seremis, los ministerios de la regi\u00f3n y los alcaldes para hacer una cartera o un plan de desarrollo, pensando en hitos \u00a0significativos en cada una de las comunas en nuestra regi\u00f3n\u201d, indic\u00f3.<\/p>\n<p style=\"font-weight: 400; text-align: justify;\">En segundo orden, el Plan de Mejoramiento para la Integraci\u00f3n y Conectividad para la Regi\u00f3n de Ays\u00e9n considera acciones en transporte mar\u00edtimo, terrestre y a\u00e9reo, para mejorar la conectividad f\u00edsica e integraci\u00f3n territorial, fortaleciendo los servicios y la infraestructura del transporte actual, para alcanzar una mayor eficiencia en los tiempos y la seguridad del desplazamiento de personas y cargas.<\/p>\n<p style=\"font-weight: 400; text-align: justify;\">\u201cEl plan de conectividad, que significa el compromiso de una importante cantidad de recursos para mejorar la conectividad, tanto v\u00eda terrestre, que es pavimentaci\u00f3n, sobre todo en la Ruta 7 del sur, la reparaci\u00f3n de la nave Pichero y dise\u00f1o y construcci\u00f3n de una tercera nave para el Lago General Carrera\u201d, se\u00f1al\u00f3.<\/p>\n<p style=\"font-weight: 400; text-align: justify;\">En materia de salud, destaca infraestructura en lugares como Cerro Castillo y Caleta Andrade; llegada de 44 nuevos m\u00e9dicos especialistas a la regi\u00f3n, superando m\u00e1s de 4 veces el promedio de especialistas que ha llegado a esta regi\u00f3n en los \u00faltimos a\u00f1os; y disminuci\u00f3n de las listas de espera.<\/p>\n<p style=\"font-weight: 400; text-align: justify;\">\u201cEn Cerro Castillo, anunciando las principales medidas de salud en nuestro territorio, inspecci\u00f3n de la posta de Cerro Castillo, recursos para nuevos establecimientos de atenci\u00f3n primaria y la llegada de especialistas a nuestra regi\u00f3n, que van a ayudar justamente a mejorar la resolutividad en nuestros hospitales tanto de que Coyhaique como de Puerto Ays\u00e9n\u201d, concluy\u00f3.<\/p>\n<p style=\"font-weight: 400; text-align: justify;\">El Mandatario tambi\u00e9n se reuni\u00f3 con la Gobernadora Regional, Andrea Mac\u00edas; los 10 alcaldes, Gabinete Regional y dirigentes sociales de diferentes puntos de la regi\u00f3n, citas en las que estuvo acompa\u00f1ado por el ministro de Obras P\u00fablicas, Juan Carlos Garc\u00eda, el subsecretario de Desarrollo Regional, Nicol\u00e1s Cataldo y el subsecretario de Redes Asistenciales, Fernando Araos.<\/p>\n<\/div><\/section><\/div><div  style='height:50px' class='hr hr-invisible   avia-builder-el-6  el_after_av_one_full  el_before_av_social_share '><span class='hr-inner ' ><span class='hr-inner-style'><\/span><\/span><\/div><\/p>\n<div  class='av-social-sharing-box  avia-builder-el-7  el_after_av_hr  el_before_av_hr  '><div class='av-share-box'><h5 class='av-share-link-description av-no-toc '>Compartir esta noticia<\/h5><ul class='av-share-box-list noLightbox'><li class='av-share-link av-social-link-facebook' ><a target=\"_blank\" aria-label=\"Compartir en Facebook\" href='https:\/\/www.facebook.com\/sharer.php?u=https:\/\/radiorevelacionfm.cl\/?p=27178&#038;t=Delegado%20Rodrigo%20Araya%20destaca%20anuncios%20del%20Presidente%20Boric%20para%20la%20Regi%C3%B3n%20de%20Ays%C3%A9n' aria-hidden='false' data-av_icon='\ue8f3' data-av_iconfont='entypo-fontello' title='' data-avia-related-tooltip='Compartir en Facebook' rel=\"noopener\"><span class='avia_hidden_link_text'>Compartir en Facebook<\/span><\/a><\/li><li class='av-share-link av-social-link-twitter' ><a target=\"_blank\" aria-label=\"Compartir en Twitter\" href='https:\/\/twitter.com\/share?text=Delegado%20Rodrigo%20Araya%20destaca%20anuncios%20del%20Presidente%20Boric%20para%20la%20Regi%C3%B3n%20de%20Ays%C3%A9n&#038;url=https:\/\/radiorevelacionfm.cl\/?p=27178' aria-hidden='false' data-av_icon='\ue8f1' data-av_iconfont='entypo-fontello' title='' data-avia-related-tooltip='Compartir en Twitter' rel=\"noopener\"><span class='avia_hidden_link_text'>Compartir en Twitter<\/span><\/a><\/li><li class='av-share-link av-social-link-whatsapp' ><a target=\"_blank\" aria-label=\"Compartir en Whatsapp\" href='https:\/\/api.whatsapp.com\/send?text=https:\/\/radiorevelacionfm.cl\/?p=27178' aria-hidden='false' data-av_icon='\uf232' data-av_iconfont='entypo-fontello' title='' data-avia-related-tooltip='Compartir en Whatsapp' rel=\"noopener\"><span class='avia_hidden_link_text'>Compartir en Whatsapp<\/span><\/a><\/li><li class='av-share-link av-social-link-linkedin' ><a target=\"_blank\" aria-label=\"Compartir en LinkedIn\" href='https:\/\/linkedin.com\/shareArticle?mini=true&#038;title=Delegado%20Rodrigo%20Araya%20destaca%20anuncios%20del%20Presidente%20Boric%20para%20la%20Regi%C3%B3n%20de%20Ays%C3%A9n&#038;url=https:\/\/radiorevelacionfm.cl\/?p=27178' aria-hidden='false' data-av_icon='\ue8fc' data-av_iconfont='entypo-fontello' title='' data-avia-related-tooltip='Compartir en LinkedIn' rel=\"noopener\"><span class='avia_hidden_link_text'>Compartir en LinkedIn<\/span><\/a><\/li><li class='av-share-link av-social-link-mail' ><a  aria-label=\"Compartir por correo\" href='mailto:?subject=Delegado%20Rodrigo%20Araya%20destaca%20anuncios%20del%20Presidente%20Boric%20para%20la%20Regi%C3%B3n%20de%20Ays%C3%A9n&#038;body=https:\/\/radiorevelacionfm.cl\/?p=27178' aria-hidden='false' data-av_icon='\ue805' data-av_iconfont='entypo-fontello' title='' data-avia-related-tooltip='Compartir por correo'><span class='avia_hidden_link_text'>Compartir por correo<\/span><\/a><\/li><\/ul><\/div><\/div>\n<div  style='height:50px' class='hr hr-invisible   avia-builder-el-8  el_after_av_social_share  el_before_av_comments_list '><span class='hr-inner ' ><span class='hr-inner-style'><\/span><\/span><\/div>\n<div  class='av-buildercomment  av-blog-meta-html-info-disabled av-blog-meta-tag-disabled  '><\/div>\n","protected":false},"excerpt":{"rendered":"","protected":false},"author":1,"featured_media":27179,"comment_status":"open","ping_status":"open","sticky":false,"template":"","format":"standard","meta":{"footnotes":""},"categories":[38],"tags":[],"class_list":["post-27178","post","type-post","status-publish","format-standard","has-post-thumbnail","hentry","category-regional"],"jetpack_featured_media_url":"https:\/\/radiorevelacionfm.cl\/wp-content\/uploads\/2023\/01\/WhatsApp-Image-2023-01-27-at-17.55.36-1-1.jpeg","_links":{"self":[{"href":"https:\/\/radiorevelacionfm.cl\/index.php?rest_route=\/wp\/v2\/posts\/27178","targetHints":{"allow":["GET"]}}],"collection":[{"href":"https:\/\/radiorevelacionfm.cl\/index.php?rest_route=\/wp\/v2\/posts"}],"about":[{"href":"https:\/\/radiorevelacionfm.cl\/index.php?rest_route=\/wp\/v2\/types\/post"}],"author":[{"embeddable":true,"href":"https:\/\/radiorevelacionfm.cl\/index.php?rest_route=\/wp\/v2\/users\/1"}],"replies":[{"embeddable":true,"href":"https:\/\/radiorevelacionfm.cl\/index.php?rest_route=%2Fwp%2Fv2%2Fcomments&post=27178"}],"version-history":[{"count":3,"href":"https:\/\/radiorevelacionfm.cl\/index.php?rest_route=\/wp\/v2\/posts\/27178\/revisions"}],"predecessor-version":[{"id":27189,"href":"https:\/\/radiorevelacionfm.cl\/index.php?rest_route=\/wp\/v2\/posts\/27178\/revisions\/27189"}],"wp:featuredmedia":[{"embeddable":true,"href":"https:\/\/radiorevelacionfm.cl\/index.php?rest_route=\/wp\/v2\/media\/27179"}],"wp:attachment":[{"href":"https:\/\/radiorevelacionfm.cl\/index.php?rest_route=%2Fwp%2Fv2%2Fmedia&parent=27178"}],"wp:term":[{"taxonomy":"category","embeddable":true,"href":"https:\/\/radiorevelacionfm.cl\/index.php?rest_route=%2Fwp%2Fv2%2Fcategories&post=27178"},{"taxonomy":"post_tag","embeddable":true,"href":"https:\/\/radiorevelacionfm.cl\/index.php?rest_route=%2Fwp%2Fv2%2Ftags&post=27178"}],"curies":[{"name":"wp","href":"https:\/\/api.w.org\/{rel}","templated":true}]}}