{"id":27174,"date":"2023-01-27T22:06:56","date_gmt":"2023-01-28T01:06:56","guid":{"rendered":"https:\/\/radiorevelacionfm.cl\/?p=27174"},"modified":"2023-01-27T22:50:46","modified_gmt":"2023-01-28T01:50:46","slug":"aysen-sera-sede-del-primer-campeonato-nacional-de-futbol-fenfur-2023","status":"publish","type":"post","link":"https:\/\/radiorevelacionfm.cl\/?p=27174","title":{"rendered":"Regi\u00f3n de Ays\u00e9n ser\u00e1 sede del Primer \u201cCampeonato Nacional de F\u00fatbol FENFUR 2023\u201d"},"content":{"rendered":"<div class=\"flex_column av_one_full  flex_column_div av-zero-column-padding first  avia-builder-el-0  el_before_av_one_full  avia-builder-el-first  \" style='border-radius:0px; '><div  class='avia-image-container  av-styling-    avia-builder-el-1  avia-builder-el-no-sibling  avia-align-center '  itemprop=\"image\" itemscope=\"itemscope\" itemtype=\"https:\/\/schema.org\/ImageObject\"  ><div class='avia-image-container-inner'><div class='avia-image-overlay-wrap'><img decoding=\"async\" class='wp-image-27175 avia-img-lazy-loading-not-27175 avia_image' src=\"https:\/\/radiorevelacionfm.cl\/wp-content\/uploads\/2023\/01\/WhatsApp-Image-2023-01-27-at-14.28.23-1-1.jpeg\" alt='' title='WhatsApp Image 2023-01-27 at 14.28.23 (1) (1)' height=\"600\" width=\"901\"  itemprop=\"thumbnailUrl\" srcset=\"https:\/\/radiorevelacionfm.cl\/wp-content\/uploads\/2023\/01\/WhatsApp-Image-2023-01-27-at-14.28.23-1-1.jpeg 901w, https:\/\/radiorevelacionfm.cl\/wp-content\/uploads\/2023\/01\/WhatsApp-Image-2023-01-27-at-14.28.23-1-1-300x200.jpeg 300w, https:\/\/radiorevelacionfm.cl\/wp-content\/uploads\/2023\/01\/WhatsApp-Image-2023-01-27-at-14.28.23-1-1-768x511.jpeg 768w, https:\/\/radiorevelacionfm.cl\/wp-content\/uploads\/2023\/01\/WhatsApp-Image-2023-01-27-at-14.28.23-1-1-705x469.jpeg 705w, https:\/\/radiorevelacionfm.cl\/wp-content\/uploads\/2023\/01\/WhatsApp-Image-2023-01-27-at-14.28.23-1-1-600x400.jpeg 600w\" sizes=\"(max-width: 901px) 100vw, 901px\" \/><\/div><\/div><\/div><\/div>\n<div class=\"flex_column av_one_full  flex_column_div av-zero-column-padding first  avia-builder-el-2  el_after_av_one_full  el_before_av_one_full  column-top-margin\" style='border-radius:0px; '><section class=\"av_textblock_section \"  itemscope=\"itemscope\" itemtype=\"https:\/\/schema.org\/BlogPosting\" itemprop=\"blogPost\" ><div class='avia_textblock  '   itemprop=\"text\" ><p style=\"text-align: center;\"><strong><span style=\"font-size: 18pt;\">Regi\u00f3n de Ays\u00e9n ser\u00e1 sede del Primer \u201cCampeonato Nacional de F\u00fatbol FENFUR 2023\u201d <\/span><\/strong><\/p>\n<div id=\"gtx-trans\" style=\"position: absolute; left: -50px; top: 4.31534px;\">\n<div class=\"gtx-trans-icon\"><\/div>\n<\/div>\n<\/div><\/section><\/div><div class=\"flex_column av_one_full  flex_column_div av-zero-column-padding first  avia-builder-el-4  el_after_av_one_full  el_before_av_hr  column-top-margin\" style='border-radius:0px; '><section class=\"av_textblock_section \"  itemscope=\"itemscope\" itemtype=\"https:\/\/schema.org\/BlogPosting\" itemprop=\"blogPost\" ><div class='avia_textblock  '   itemprop=\"text\" ><p style=\"text-align: justify;\">Por medio de una asignaci\u00f3n directa el Gobierno Regional y su Consejo financi\u00f3 con $33 millones de pesos, el primer Campeonato Nacional de F\u00fatbol Masculino FENFUR 2023, organizado por la Federaci\u00f3n Nacional de F\u00fatbol Rural de Chile y la Corporaci\u00f3n de Deportes de la Municipalidad de Coyhaique. Veinte equipos de distintas comunas del pa\u00eds participar\u00e1n desde el 30 de enero hasta el 7 de febrero. D\u00eda en que se realizar\u00e1 la premiaci\u00f3n.<\/p>\n<p style=\"text-align: justify;\">El presidente comunal de FENFUR Coyhaique, Francisco Rubilar, cont\u00f3 que organizar el evento demor\u00f3 m\u00e1s de seis meses, considerando las dificultades para adquirir los recursos. \u201cPresentamos a la asociaci\u00f3n nacional (de FENFUR)\u00a0 la posibilidad de tener este nacional, este sue\u00f1o patag\u00f3n. Conversamos con nuestra Gobernadora Regional, Andrea Mac\u00edas, donde ella, por supuesto, nos dijo s\u00ed, vamos, vamos con este sue\u00f1o\u201d, afirm\u00f3 el presidente comunal de la asociaci\u00f3n.<\/p>\n<p style=\"text-align: justify;\">Cuatrocientos deportistas participar\u00e1n del certamen, que tendr\u00e1 su sede principal en la comuna de Coyhaique, sin embargo, en otras tres comunas tambi\u00e9n se realizar\u00e1n partidos de f\u00fatbol: Cisnes, R\u00edo Ib\u00e1\u00f1ez y Cochrane. Habr\u00e1 treinta y tres encuentros de f\u00fatbol durante toda la semana que dura el encuentro.<\/p>\n<p style=\"text-align: justify;\">La Gobernadora Regional, Andrea Mac\u00edas Palma, destac\u00f3 la descentralizaci\u00f3n con la que fue planeado el campeonato e indic\u00f3 que \u201ccuando logramos trabajar en conjunto instituciones del Estado con la sociedad civil, en este caso, la asociaci\u00f3n y clubes deportivos, sin duda que hay buenos resultados\u201d.<\/p>\n<p style=\"text-align: justify;\">Ante la gran cantidad de participantes que estar\u00e1n durante la semana en la Regi\u00f3n de Ays\u00e9n, la Gobernadora resalt\u00f3 que \u201cesto, adem\u00e1s, viene a mover un poco la aguja de la econom\u00eda local. Estamos considerando que aqu\u00ed tenemos hospedajes, tenemos consumo. Adem\u00e1s, las personas que vienen a la Patagonia suelen quedarse un par de d\u00edas m\u00e1s y extienden su estad\u00eda. Eso abre una oportunidad, desde el punto de vista del fomento productivo\u201d.<\/p>\n<p style=\"text-align: justify;\">El encuentro nacional, tal como su nombre lo indica, considera a equipos de norte y sur de Chile, teniendo como caracter\u00edstica que sean ligas creadas en sectores rurales de las regiones. Los clubes deportivos locales que participar\u00e1n son: Club deportivo Valles Esteros de Melinka y Club Nueva Esperanza de Coyhaique. De cada una de las series se obtiene un representante que disputa la final, que ser\u00e1 en el Estadio Municipal de Coyhaique.<\/p>\n<p style=\"text-align: justify;\">Este lunes se realizar\u00e1 la ceremonia de inauguraci\u00f3n en el Estadio Municipal de la capital regional. El alcalde de Coyhaique, Carlos Gatica Villegas, detall\u00f3 que \u201ces un evento familiar. Est\u00e1 todo previsto y todo dispuesto para que podamos disfrutar del buen f\u00fatbol rural y, por supuesto, de todos los equipos de Chile que nos van a visitar\u201d.<\/p>\n<\/div><\/section><\/div><\/p>\n<div  style='height:50px' class='hr hr-invisible   avia-builder-el-6  el_after_av_one_full  el_before_av_social_share '><span class='hr-inner ' ><span class='hr-inner-style'><\/span><\/span><\/div>\n<div  class='av-social-sharing-box  avia-builder-el-7  el_after_av_hr  el_before_av_hr  '><div class='av-share-box'><h5 class='av-share-link-description av-no-toc '>Compartir esta noticia<\/h5><ul class='av-share-box-list noLightbox'><li class='av-share-link av-social-link-facebook' ><a target=\"_blank\" aria-label=\"Compartir en Facebook\" href='https:\/\/www.facebook.com\/sharer.php?u=https:\/\/radiorevelacionfm.cl\/?p=27174&#038;t=Regi%C3%B3n%20de%20Ays%C3%A9n%20ser%C3%A1%20sede%20del%20Primer%20%E2%80%9CCampeonato%20Nacional%20de%20F%C3%BAtbol%20FENFUR%202023%E2%80%9D' aria-hidden='false' data-av_icon='\ue8f3' data-av_iconfont='entypo-fontello' title='' data-avia-related-tooltip='Compartir en Facebook' rel=\"noopener\"><span class='avia_hidden_link_text'>Compartir en Facebook<\/span><\/a><\/li><li class='av-share-link av-social-link-twitter' ><a target=\"_blank\" aria-label=\"Compartir en Twitter\" href='https:\/\/twitter.com\/share?text=Regi%C3%B3n%20de%20Ays%C3%A9n%20ser%C3%A1%20sede%20del%20Primer%20%E2%80%9CCampeonato%20Nacional%20de%20F%C3%BAtbol%20FENFUR%202023%E2%80%9D&#038;url=https:\/\/radiorevelacionfm.cl\/?p=27174' aria-hidden='false' data-av_icon='\ue8f1' data-av_iconfont='entypo-fontello' title='' data-avia-related-tooltip='Compartir en Twitter' rel=\"noopener\"><span class='avia_hidden_link_text'>Compartir en Twitter<\/span><\/a><\/li><li class='av-share-link av-social-link-whatsapp' ><a target=\"_blank\" aria-label=\"Compartir en Whatsapp\" href='https:\/\/api.whatsapp.com\/send?text=https:\/\/radiorevelacionfm.cl\/?p=27174' aria-hidden='false' data-av_icon='\uf232' data-av_iconfont='entypo-fontello' title='' data-avia-related-tooltip='Compartir en Whatsapp' rel=\"noopener\"><span class='avia_hidden_link_text'>Compartir en Whatsapp<\/span><\/a><\/li><li class='av-share-link av-social-link-linkedin' ><a target=\"_blank\" aria-label=\"Compartir en LinkedIn\" href='https:\/\/linkedin.com\/shareArticle?mini=true&#038;title=Regi%C3%B3n%20de%20Ays%C3%A9n%20ser%C3%A1%20sede%20del%20Primer%20%E2%80%9CCampeonato%20Nacional%20de%20F%C3%BAtbol%20FENFUR%202023%E2%80%9D&#038;url=https:\/\/radiorevelacionfm.cl\/?p=27174' aria-hidden='false' data-av_icon='\ue8fc' data-av_iconfont='entypo-fontello' title='' data-avia-related-tooltip='Compartir en LinkedIn' rel=\"noopener\"><span class='avia_hidden_link_text'>Compartir en LinkedIn<\/span><\/a><\/li><li class='av-share-link av-social-link-mail' ><a  aria-label=\"Compartir por correo\" href='mailto:?subject=Regi%C3%B3n%20de%20Ays%C3%A9n%20ser%C3%A1%20sede%20del%20Primer%20%E2%80%9CCampeonato%20Nacional%20de%20F%C3%BAtbol%20FENFUR%202023%E2%80%9D&#038;body=https:\/\/radiorevelacionfm.cl\/?p=27174' aria-hidden='false' data-av_icon='\ue805' data-av_iconfont='entypo-fontello' title='' data-avia-related-tooltip='Compartir por correo'><span class='avia_hidden_link_text'>Compartir por correo<\/span><\/a><\/li><\/ul><\/div><\/div>\n<div  style='height:50px' class='hr hr-invisible   avia-builder-el-8  el_after_av_social_share  el_before_av_comments_list '><span class='hr-inner ' ><span class='hr-inner-style'><\/span><\/span><\/div>\n<div  class='av-buildercomment  av-blog-meta-html-info-disabled av-blog-meta-tag-disabled  '><\/div>\n","protected":false},"excerpt":{"rendered":"","protected":false},"author":1,"featured_media":27175,"comment_status":"open","ping_status":"open","sticky":false,"template":"","format":"standard","meta":{"footnotes":""},"categories":[40],"tags":[],"class_list":["post-27174","post","type-post","status-publish","format-standard","has-post-thumbnail","hentry","category-deportes"],"jetpack_featured_media_url":"https:\/\/radiorevelacionfm.cl\/wp-content\/uploads\/2023\/01\/WhatsApp-Image-2023-01-27-at-14.28.23-1-1.jpeg","_links":{"self":[{"href":"https:\/\/radiorevelacionfm.cl\/index.php?rest_route=\/wp\/v2\/posts\/27174","targetHints":{"allow":["GET"]}}],"collection":[{"href":"https:\/\/radiorevelacionfm.cl\/index.php?rest_route=\/wp\/v2\/posts"}],"about":[{"href":"https:\/\/radiorevelacionfm.cl\/index.php?rest_route=\/wp\/v2\/types\/post"}],"author":[{"embeddable":true,"href":"https:\/\/radiorevelacionfm.cl\/index.php?rest_route=\/wp\/v2\/users\/1"}],"replies":[{"embeddable":true,"href":"https:\/\/radiorevelacionfm.cl\/index.php?rest_route=%2Fwp%2Fv2%2Fcomments&post=27174"}],"version-history":[{"count":3,"href":"https:\/\/radiorevelacionfm.cl\/index.php?rest_route=\/wp\/v2\/posts\/27174\/revisions"}],"predecessor-version":[{"id":27182,"href":"https:\/\/radiorevelacionfm.cl\/index.php?rest_route=\/wp\/v2\/posts\/27174\/revisions\/27182"}],"wp:featuredmedia":[{"embeddable":true,"href":"https:\/\/radiorevelacionfm.cl\/index.php?rest_route=\/wp\/v2\/media\/27175"}],"wp:attachment":[{"href":"https:\/\/radiorevelacionfm.cl\/index.php?rest_route=%2Fwp%2Fv2%2Fmedia&parent=27174"}],"wp:term":[{"taxonomy":"category","embeddable":true,"href":"https:\/\/radiorevelacionfm.cl\/index.php?rest_route=%2Fwp%2Fv2%2Fcategories&post=27174"},{"taxonomy":"post_tag","embeddable":true,"href":"https:\/\/radiorevelacionfm.cl\/index.php?rest_route=%2Fwp%2Fv2%2Ftags&post=27174"}],"curies":[{"name":"wp","href":"https:\/\/api.w.org\/{rel}","templated":true}]}}