{"id":27169,"date":"2023-01-28T15:15:24","date_gmt":"2023-01-28T18:15:24","guid":{"rendered":"https:\/\/radiorevelacionfm.cl\/?p=27169"},"modified":"2023-01-28T15:15:24","modified_gmt":"2023-01-28T18:15:24","slug":"aprueban-proyecto-40-horas-por-unanimidad-en-la-comision-de-trabajo-y-pasa-a-la-sala-del-senado-previo-a-ser-ley","status":"publish","type":"post","link":"https:\/\/radiorevelacionfm.cl\/?p=27169","title":{"rendered":"Aprueban proyecto 40 Horas por unanimidad en la Comisi\u00f3n de Trabajo y pasa a la Sala del Senado previo a ser ley"},"content":{"rendered":"<div class=\"flex_column av_one_full  flex_column_div av-zero-column-padding first  avia-builder-el-0  el_before_av_one_full  avia-builder-el-first  \" style='border-radius:0px; '><div  class='avia-image-container  av-styling-    avia-builder-el-1  avia-builder-el-no-sibling  avia-align-center '  itemprop=\"image\" itemscope=\"itemscope\" itemtype=\"https:\/\/schema.org\/ImageObject\"  ><div class='avia-image-container-inner'><div class='avia-image-overlay-wrap'><img decoding=\"async\" class='wp-image-27170 avia-img-lazy-loading-not-27170 avia_image' src=\"https:\/\/radiorevelacionfm.cl\/wp-content\/uploads\/2023\/01\/2-62-1-1.jpeg\" alt='' title='2 (62) (1) (1)' height=\"600\" width=\"800\"  itemprop=\"thumbnailUrl\" srcset=\"https:\/\/radiorevelacionfm.cl\/wp-content\/uploads\/2023\/01\/2-62-1-1.jpeg 800w, https:\/\/radiorevelacionfm.cl\/wp-content\/uploads\/2023\/01\/2-62-1-1-300x225.jpeg 300w, https:\/\/radiorevelacionfm.cl\/wp-content\/uploads\/2023\/01\/2-62-1-1-768x576.jpeg 768w, https:\/\/radiorevelacionfm.cl\/wp-content\/uploads\/2023\/01\/2-62-1-1-705x529.jpeg 705w, https:\/\/radiorevelacionfm.cl\/wp-content\/uploads\/2023\/01\/2-62-1-1-600x450.jpeg 600w\" sizes=\"(max-width: 800px) 100vw, 800px\" \/><\/div><\/div><\/div><\/div><div class=\"flex_column av_one_full  flex_column_div av-zero-column-padding first  avia-builder-el-2  el_after_av_one_full  el_before_av_one_full  column-top-margin\" style='border-radius:0px; '><section class=\"av_textblock_section \"  itemscope=\"itemscope\" itemtype=\"https:\/\/schema.org\/BlogPosting\" itemprop=\"blogPost\" ><div class='avia_textblock  '   itemprop=\"text\" ><p style=\"text-align: center;\"><span style=\"font-size: 18pt;\"><strong>Aprueban proyecto 40 Horas por unanimidad en la Comisi\u00f3n de Trabajo y pasa a la Sala del Senado previo a ser ley<\/strong><\/span><\/p>\n<div id=\"gtx-trans\" style=\"position: absolute; left: -50px; top: 4.31534px;\">\n<div class=\"gtx-trans-icon\"><\/div>\n<\/div>\n<\/div><\/section><\/div><div class=\"flex_column av_one_full  flex_column_div av-zero-column-padding first  avia-builder-el-4  el_after_av_one_full  el_before_av_hr  column-top-margin\" style='border-radius:0px; '><section class=\"av_textblock_section \"  itemscope=\"itemscope\" itemtype=\"https:\/\/schema.org\/BlogPosting\" itemprop=\"blogPost\" ><div class='avia_textblock  '   itemprop=\"text\" ><p style=\"text-align: justify;\">En la \u00faltima votaci\u00f3n se destaca el avance en corresponsabilidad social con banda horaria de ingreso y salida del trabajo de padres, madres y personas cuidadoras de menores de doce a\u00f1os y la posibilidad de compensar horas extraordinarias por hasta cinco d\u00edas de feriado adicional; aparte, se ratific\u00f3 que la jornada laboral se pueda distribuir en base a un promedio semanal de 40 horas en un ciclo de hasta cuatro semanas, relevando a los sindicatos para llegar a acuerdos con los empleadores.<\/p>\n<p style=\"text-align: justify;\">A cinco meses desde que el Gobierno reactiv\u00f3 el proyecto 40 Horas en el Congreso, hoy se cerr\u00f3 un nuevo ciclo al votarse y aprobarse el \u00faltimo paquete de indicaciones en la Comisi\u00f3n de Trabajo del Senado, dando un paso significativo para continuar la tramitaci\u00f3n en sala durante marzo. La ministra del Trabajo y Previsi\u00f3n Social, Jeannette Jara, y el subsecretario del Trabajo, Giorgio Boccardo, celebraron este progreso, agradeciendo a todas y todos quienes han sido parte del proceso de di\u00e1logo tripartito, entre empleadores, trabajadores y Gobierno, y que se extendi\u00f3 a los distintos sectores productivos del pa\u00eds, adem\u00e1s de las distintas sensibilidades pol\u00edticas, destacando los acuerdos que han legitimado esta iniciativa.<\/p>\n<p style=\"text-align: justify;\">Durante la sesi\u00f3n de este mi\u00e9rcoles, entre las indicaciones aprobadas se encuentra la relacionada con que las madres y padres trabajadores de ni\u00f1os y ni\u00f1as de hasta doce a\u00f1os, y las personas cuidadoras, tengan derecho a una banda de dos horas en total, dentro de la que podr\u00e1n anticipar o retrasar hasta en una hora el comienzo de sus labores, determinando as\u00ed tambi\u00e9n el horario de salida al final de la jornada.<\/p>\n<p style=\"text-align: justify;\">Tambi\u00e9n, se establece la posibilidad de acordar con el trabajador o la trabajadora que la jornada ordinaria de 40 horas se cumpla en un promedio de hasta 4 semanas, con un m\u00e1ximo de 45 horas semanales. Y se estipula que en caso que el trabajador sea sindicalizado, la empresa deber\u00e1 contar con acuerdo de la organizaci\u00f3n representativa de las y los trabajadores, para que as\u00ed, a trav\u00e9s de un acuerdo colectivo entre la empresa y el sindicato, se pueda pactar una jornada semanal de hasta 52 horas, la que solo implicar\u00e1 a los socios.<\/p>\n<p style=\"text-align: justify;\">Junto con agradecer a los parlamentarios y parlamentaria que integran dicha comisi\u00f3n, la ministra Jeannette Jara se\u00f1al\u00f3 que \u201ceste proyecto de ley se va a convertir prontamente en una realidad, una vez que se ha podido lograr este importante hito legislativo de aprobaci\u00f3n, en un marco de acuerdo, de tripartismo, que nos permita implementar la reducci\u00f3n de la jornada laboral, que es tan fundamental para la vida de las personas, que no s\u00f3lo es teor\u00eda, que no solo es una ley, sino que nos impacta en la posibilidad, por ejemplo, de tener m\u00e1s tiempo para compartir en familia, con nuestros hijas e hijos. Es una muy buena noticia y queda muy poco para que se convierta en ley\u201d.<\/p>\n<p style=\"text-align: justify;\">En tanto, el subsecretario del Trabajo, Giorgio Boccardo, expres\u00f3: \u201cNos alegra y valoramos enormemente este avance y los acuerdos transversales que hemos logrado. Pues, como Gobierno, a lo largo de toda la tramitaci\u00f3n hemos procurado con efectividad preservar el esp\u00edritu del proyecto de 40 Horas, de que las y los trabajadores tengan m\u00e1s tiempo de descanso y mejoren la calidad de vida; esto en un marco de responsabilidad econ\u00f3mica, considerando que con la gradualidad de la implementaci\u00f3n de esta ley prevista a cinco a\u00f1os se resguarde que no haya impactos negativos en las diversas actividades productivas, en los salarios y que las pymes cuenten con el acompa\u00f1amiento y el apoyo que ameritan. Posicionando as\u00ed a Chile al nivel de diferentes pa\u00edses que con \u00e9xito ya han hecho realidad reducir la jornada laboral\u201d.<\/p>\n<p style=\"text-align: justify;\">Las otras indicaciones que fueron revisadas y aprobadas dicen relaci\u00f3n con las jornadas laborales para trabajadores\/as del sector transporte: de carga, de pasajeros interprovinciales, de ferrocarriles y de pasajeros rurales; mantener el rol de la DT para entregar autorizaci\u00f3n en jornadas excepcionales; crear una regla compensatoria para jornadas consideradas en art. 38 N\u00b02; y se especifican las normas transitorias de: gradualidad y no afectaci\u00f3n de la remuneraci\u00f3n.<\/p>\n<\/div><\/section><\/div><div  style='height:50px' class='hr hr-invisible   avia-builder-el-6  el_after_av_one_full  el_before_av_social_share '><span class='hr-inner ' ><span class='hr-inner-style'><\/span><\/span><\/div><\/p>\n<div  class='av-social-sharing-box  avia-builder-el-7  el_after_av_hr  el_before_av_hr  '><div class='av-share-box'><h5 class='av-share-link-description av-no-toc '>Compartir esta noticia<\/h5><ul class='av-share-box-list noLightbox'><li class='av-share-link av-social-link-facebook' ><a target=\"_blank\" aria-label=\"Compartir en Facebook\" href='https:\/\/www.facebook.com\/sharer.php?u=https:\/\/radiorevelacionfm.cl\/?p=27169&#038;t=Aprueban%20proyecto%2040%20Horas%20por%20unanimidad%20en%20la%20Comisi%C3%B3n%20de%20Trabajo%20y%20pasa%20a%20la%20Sala%20del%20Senado%20previo%20a%20ser%20ley' aria-hidden='false' data-av_icon='\ue8f3' data-av_iconfont='entypo-fontello' title='' data-avia-related-tooltip='Compartir en Facebook' rel=\"noopener\"><span class='avia_hidden_link_text'>Compartir en Facebook<\/span><\/a><\/li><li class='av-share-link av-social-link-twitter' ><a target=\"_blank\" aria-label=\"Compartir en Twitter\" href='https:\/\/twitter.com\/share?text=Aprueban%20proyecto%2040%20Horas%20por%20unanimidad%20en%20la%20Comisi%C3%B3n%20de%20Trabajo%20y%20pasa%20a%20la%20Sala%20del%20Senado%20previo%20a%20ser%20ley&#038;url=https:\/\/radiorevelacionfm.cl\/?p=27169' aria-hidden='false' data-av_icon='\ue8f1' data-av_iconfont='entypo-fontello' title='' data-avia-related-tooltip='Compartir en Twitter' rel=\"noopener\"><span class='avia_hidden_link_text'>Compartir en Twitter<\/span><\/a><\/li><li class='av-share-link av-social-link-whatsapp' ><a target=\"_blank\" aria-label=\"Compartir en Whatsapp\" href='https:\/\/api.whatsapp.com\/send?text=https:\/\/radiorevelacionfm.cl\/?p=27169' aria-hidden='false' data-av_icon='\uf232' data-av_iconfont='entypo-fontello' title='' data-avia-related-tooltip='Compartir en Whatsapp' rel=\"noopener\"><span class='avia_hidden_link_text'>Compartir en Whatsapp<\/span><\/a><\/li><li class='av-share-link av-social-link-linkedin' ><a target=\"_blank\" aria-label=\"Compartir en LinkedIn\" href='https:\/\/linkedin.com\/shareArticle?mini=true&#038;title=Aprueban%20proyecto%2040%20Horas%20por%20unanimidad%20en%20la%20Comisi%C3%B3n%20de%20Trabajo%20y%20pasa%20a%20la%20Sala%20del%20Senado%20previo%20a%20ser%20ley&#038;url=https:\/\/radiorevelacionfm.cl\/?p=27169' aria-hidden='false' data-av_icon='\ue8fc' data-av_iconfont='entypo-fontello' title='' data-avia-related-tooltip='Compartir en LinkedIn' rel=\"noopener\"><span class='avia_hidden_link_text'>Compartir en LinkedIn<\/span><\/a><\/li><li class='av-share-link av-social-link-mail' ><a  aria-label=\"Compartir por correo\" href='mailto:?subject=Aprueban%20proyecto%2040%20Horas%20por%20unanimidad%20en%20la%20Comisi%C3%B3n%20de%20Trabajo%20y%20pasa%20a%20la%20Sala%20del%20Senado%20previo%20a%20ser%20ley&#038;body=https:\/\/radiorevelacionfm.cl\/?p=27169' aria-hidden='false' data-av_icon='\ue805' data-av_iconfont='entypo-fontello' title='' data-avia-related-tooltip='Compartir por correo'><span class='avia_hidden_link_text'>Compartir por correo<\/span><\/a><\/li><\/ul><\/div><\/div>\n<div  style='height:50px' class='hr hr-invisible   avia-builder-el-8  el_after_av_social_share  el_before_av_comments_list '><span class='hr-inner ' ><span class='hr-inner-style'><\/span><\/span><\/div>\n<div  class='av-buildercomment  av-blog-meta-html-info-disabled av-blog-meta-tag-disabled  '><\/div>\n","protected":false},"excerpt":{"rendered":"","protected":false},"author":1,"featured_media":27170,"comment_status":"open","ping_status":"open","sticky":false,"template":"","format":"standard","meta":{"footnotes":""},"categories":[56],"tags":[],"class_list":["post-27169","post","type-post","status-publish","format-standard","has-post-thumbnail","hentry","category-trabajo"],"jetpack_featured_media_url":"https:\/\/radiorevelacionfm.cl\/wp-content\/uploads\/2023\/01\/2-62-1-1.jpeg","_links":{"self":[{"href":"https:\/\/radiorevelacionfm.cl\/index.php?rest_route=\/wp\/v2\/posts\/27169","targetHints":{"allow":["GET"]}}],"collection":[{"href":"https:\/\/radiorevelacionfm.cl\/index.php?rest_route=\/wp\/v2\/posts"}],"about":[{"href":"https:\/\/radiorevelacionfm.cl\/index.php?rest_route=\/wp\/v2\/types\/post"}],"author":[{"embeddable":true,"href":"https:\/\/radiorevelacionfm.cl\/index.php?rest_route=\/wp\/v2\/users\/1"}],"replies":[{"embeddable":true,"href":"https:\/\/radiorevelacionfm.cl\/index.php?rest_route=%2Fwp%2Fv2%2Fcomments&post=27169"}],"version-history":[{"count":2,"href":"https:\/\/radiorevelacionfm.cl\/index.php?rest_route=\/wp\/v2\/posts\/27169\/revisions"}],"predecessor-version":[{"id":27190,"href":"https:\/\/radiorevelacionfm.cl\/index.php?rest_route=\/wp\/v2\/posts\/27169\/revisions\/27190"}],"wp:featuredmedia":[{"embeddable":true,"href":"https:\/\/radiorevelacionfm.cl\/index.php?rest_route=\/wp\/v2\/media\/27170"}],"wp:attachment":[{"href":"https:\/\/radiorevelacionfm.cl\/index.php?rest_route=%2Fwp%2Fv2%2Fmedia&parent=27169"}],"wp:term":[{"taxonomy":"category","embeddable":true,"href":"https:\/\/radiorevelacionfm.cl\/index.php?rest_route=%2Fwp%2Fv2%2Fcategories&post=27169"},{"taxonomy":"post_tag","embeddable":true,"href":"https:\/\/radiorevelacionfm.cl\/index.php?rest_route=%2Fwp%2Fv2%2Ftags&post=27169"}],"curies":[{"name":"wp","href":"https:\/\/api.w.org\/{rel}","templated":true}]}}