{"id":27166,"date":"2023-01-28T10:25:25","date_gmt":"2023-01-28T13:25:25","guid":{"rendered":"https:\/\/radiorevelacionfm.cl\/?p=27166"},"modified":"2023-01-28T10:25:25","modified_gmt":"2023-01-28T13:25:25","slug":"con-positivo-balance-uaysen-culmina-proceso-de-matriculas-admision-2023","status":"publish","type":"post","link":"https:\/\/radiorevelacionfm.cl\/?p=27166","title":{"rendered":"Con positivo balance UAys\u00e9n culmina proceso de matr\u00edculas admisi\u00f3n 2023"},"content":{"rendered":"<div class=\"flex_column av_one_full  flex_column_div av-zero-column-padding first  avia-builder-el-0  el_before_av_one_full  avia-builder-el-first  \" style='border-radius:0px; '><div  class='avia-image-container  av-styling-    avia-builder-el-1  avia-builder-el-no-sibling  avia-align-center '  itemprop=\"image\" itemscope=\"itemscope\" itemtype=\"https:\/\/schema.org\/ImageObject\"  ><div class='avia-image-container-inner'><div class='avia-image-overlay-wrap'><img decoding=\"async\" class='wp-image-26767 avia-img-lazy-loading-not-26767 avia_image' src=\"https:\/\/radiorevelacionfm.cl\/wp-content\/uploads\/2023\/01\/DSC01671-1-1.jpg\" alt='' title='DSC01671 (1) (1)' height=\"600\" width=\"898\"  itemprop=\"thumbnailUrl\" srcset=\"https:\/\/radiorevelacionfm.cl\/wp-content\/uploads\/2023\/01\/DSC01671-1-1.jpg 898w, https:\/\/radiorevelacionfm.cl\/wp-content\/uploads\/2023\/01\/DSC01671-1-1-300x200.jpg 300w, https:\/\/radiorevelacionfm.cl\/wp-content\/uploads\/2023\/01\/DSC01671-1-1-768x513.jpg 768w, https:\/\/radiorevelacionfm.cl\/wp-content\/uploads\/2023\/01\/DSC01671-1-1-705x471.jpg 705w, https:\/\/radiorevelacionfm.cl\/wp-content\/uploads\/2023\/01\/DSC01671-1-1-600x401.jpg 600w\" sizes=\"(max-width: 898px) 100vw, 898px\" \/><\/div><\/div><\/div><\/div><div class=\"flex_column av_one_full  flex_column_div av-zero-column-padding first  avia-builder-el-2  el_after_av_one_full  el_before_av_one_full  column-top-margin\" style='border-radius:0px; '><section class=\"av_textblock_section \"  itemscope=\"itemscope\" itemtype=\"https:\/\/schema.org\/BlogPosting\" itemprop=\"blogPost\" ><div class='avia_textblock  '   itemprop=\"text\" ><p class=\"v1MsoNormal\" style=\"text-align: center;\" align=\"center\"><strong><span style=\"font-size: 18pt;\"><span lang=\"ES\">Con positivo balance UAys\u00e9n culmina <\/span><span lang=\"ES\">proceso de matr\u00edculas admisi\u00f3n 2023<\/span><\/span><\/strong><\/p>\n<div id=\"gtx-trans\" style=\"position: absolute; left: -50px; top: 4.31534px;\">\n<div class=\"gtx-trans-icon\"><\/div>\n<\/div>\n<\/div><\/section><\/div><div class=\"flex_column av_one_full  flex_column_div av-zero-column-padding first  avia-builder-el-4  el_after_av_one_full  el_before_av_hr  column-top-margin\" style='border-radius:0px; '><section class=\"av_textblock_section \"  itemscope=\"itemscope\" itemtype=\"https:\/\/schema.org\/BlogPosting\" itemprop=\"blogPost\" ><div class='avia_textblock  '   itemprop=\"text\" ><div>\n<p class=\"v1MsoNormal\" style=\"text-align: justify;\"><span lang=\"ES\">Luego de recibir casi quinientas postulaciones, doblando los n\u00fameros del a\u00f1o pasado, la Universidad de Ays\u00e9n termin\u00f3 este viernes 27 de el proceso de matr\u00edculas admisi\u00f3n 2023 con 181 matriculados\/as para cursar sus estudios en las ocho carreras de pregrado que imparte la casa de estudios estatal y regional.<\/span><\/p>\n<p class=\"v1MsoNormal\" style=\"text-align: justify;\"><span lang=\"ES\">Seg\u00fan lo informado por David V\u00e1squez, coordinador de Admisi\u00f3n de la Universidad de Ays\u00e9n, la casa de estudios se encuentra satisfecha con los resultados del proceso de matr\u00edculas. \u00abEsta semana estamos culminando el proceso de matr\u00edculas, es decir, la materializaci\u00f3n de la carrera que eligieron los estudiantes dentro de nuestras ocho alternativas. Estamos felices porque hemos alcanzado pr\u00e1cticamente el 100% de cobertura en todas nuestras carreras, este ha sido un proceso exitoso que nos ha permitido recibir estudiantes por v\u00eda especial, PACE, BEA y v\u00eda regular, que es la que se obtiene a trav\u00e9s del puntaje, as\u00ed que esperamos que el presente a\u00f1o 2023 podamos seguir en este proceso p\u00fablico de orientaci\u00f3n y difusi\u00f3n de nuestra oferta acad\u00e9mica Universidad Ays\u00e9n.<\/span><\/p>\n<p class=\"v1MsoNormal\" style=\"text-align: justify;\"><span lang=\"ES\">V\u00e1squez detall\u00f3 las cifras de matriculados por carrera las que consisten en, Enfermer\u00eda y Obstetricia, con 20 ingresos por admisi\u00f3n regular y cuatro por especial, presentando un 100% de cumplimiento. La carrera de Psicolog\u00eda tiene 28 matriculados y Trabajo Social 29, por las v\u00edas especial y regular, ambas con un 100% de cobertura de cupos. Respecto a Ingenier\u00eda Civil Inform\u00e1tica e Ingenier\u00eda Civil Industrial, se matricularon 20 estudiantes en cada una por las v\u00edas especial y regular, tambi\u00e9n ocup\u00e1ndose el 100% de las vacantes. Por su parte Ingenier\u00eda Forestal y Agronom\u00eda tienen 14 matriculados tambi\u00e9n por admisi\u00f3n especial y regular, llenando el 93% de las vacantes. Cabe se\u00f1alar que durante el proceso no se presentaron ni retractos ni renuncias.<\/span><\/p>\n<p class=\"v1MsoNormal\" style=\"text-align: justify;\"><span lang=\"ES\">Por su parte, la rectora de la Universidad de Ays\u00e9n, Natacha Pino Acu\u00f1a, valor\u00f3 el proceso de admisi\u00f3n y matr\u00edculas y entreg\u00f3 un mensaje a los\/as nuevos matriculados\/as. \u00abEstamos muy contentos porque hemos finalizado este proceso de admisi\u00f3n 2023 el que ha sido hermoso y exitoso; hermoso porque muchas y muchos de ustedes pudieron quedarse en la regi\u00f3n para ser parte e integrarse a la Universidad de Ays\u00e9n, por lo tanto, estamos orgullosos de recibirlos contentos de que puedan quedarse ac\u00e1. Hay un cuerpo acad\u00e9mico esper\u00e1ndolos, hay actividades que los van a hacer vivir la universidad y queremos tambi\u00e9n encontrarnos en marzo, seguramente con las actividades para recibirlos y para que sean parte de nuestra universidad y ya luego empezar su proceso formativo que, sin duda, va a ser transformador para sus vidas\u00bb, enfatiz\u00f3 la autoridad universitaria.<\/span><\/p>\n<p class=\"v1MsoNormal\" style=\"text-align: justify;\"><span lang=\"ES\">En la oportunidad, el reci\u00e9n matriculado en la carrera de Ingenier\u00eda Civil Inform\u00e1tica, Mat\u00edn Murphy, se declar\u00f3 satisfecho con la concreci\u00f3n de su matr\u00edcula y se\u00f1al\u00f3 que \u00abla verdad es que desde chico siempre estuve con los computadores y la programaci\u00f3n a un nivel b\u00e1sico entonces la verdad es que me encanta tecnolog\u00eda y estar m\u00e1s enfocado en esa \u00e1rea. Decid\u00ed quedarme en la regi\u00f3n porque era medio complicado costear e irme hacia afuera de la regi\u00f3n y todo lo que tiene que ver con irse, entonces busqu\u00e9 una mejor opci\u00f3n la que ten\u00eda era ac\u00e1 en la Universidad Ays\u00e9n\u00bb, cont\u00f3.<\/span><\/p>\n<p class=\"v1MsoNormal\" style=\"text-align: justify;\"><span lang=\"ES\">Finalmente, el coordinador de Admisi\u00f3n de la Universidad de Ays\u00e9n, realiz\u00f3 un positivo balance del proceso de Admisi\u00f3n 2023 ejecutado por la Universidad de Ays\u00e9n. \u00abEstamos culminando un exitoso proceso de admisi\u00f3n 2023 durante el a\u00f1o reci\u00e9n pasado en el que nos desplazamos por el territorio a los distintos colegios entregando informaci\u00f3n sobre admisi\u00f3n a los estudiantes y sobre sus opciones post secundarias, hicimos charlas, seminarios y talleres; tambi\u00e9n recibimos a muchos establecimientos con sus estudiantes que vinieron a conocer nuestra universidad. Luego el proceso de postulaci\u00f3n fue tremendamente exitoso, estuvimos en el campus Lillo para que los estudiantes vinieran a postular junto a sus familias, por lo que esperamos este a\u00f1o 2023 esperamos continuar con las gestiones para que los\/as j\u00f3venes de la regi\u00f3n puedan optar a la educaci\u00f3n superior\u00bb, enfatiz\u00f3 el profesional.<\/span><\/p>\n<\/div>\n<div style=\"text-align: justify;\"><\/div>\n<\/div><\/section><\/div><div  style='height:50px' class='hr hr-invisible   avia-builder-el-6  el_after_av_one_full  el_before_av_social_share '><span class='hr-inner ' ><span class='hr-inner-style'><\/span><\/span><\/div><\/p>\n<div  class='av-social-sharing-box  avia-builder-el-7  el_after_av_hr  el_before_av_hr  '><div class='av-share-box'><h5 class='av-share-link-description av-no-toc '>Compartir esta noticia<\/h5><ul class='av-share-box-list noLightbox'><li class='av-share-link av-social-link-facebook' ><a target=\"_blank\" aria-label=\"Compartir en Facebook\" href='https:\/\/www.facebook.com\/sharer.php?u=https:\/\/radiorevelacionfm.cl\/?p=27166&#038;t=Con%20positivo%20balance%20UAys%C3%A9n%20culmina%20proceso%20de%20matr%C3%ADculas%20admisi%C3%B3n%202023' aria-hidden='false' data-av_icon='\ue8f3' data-av_iconfont='entypo-fontello' title='' data-avia-related-tooltip='Compartir en Facebook' rel=\"noopener\"><span class='avia_hidden_link_text'>Compartir en Facebook<\/span><\/a><\/li><li class='av-share-link av-social-link-twitter' ><a target=\"_blank\" aria-label=\"Compartir en Twitter\" href='https:\/\/twitter.com\/share?text=Con%20positivo%20balance%20UAys%C3%A9n%20culmina%20proceso%20de%20matr%C3%ADculas%20admisi%C3%B3n%202023&#038;url=https:\/\/radiorevelacionfm.cl\/?p=27166' aria-hidden='false' data-av_icon='\ue8f1' data-av_iconfont='entypo-fontello' title='' data-avia-related-tooltip='Compartir en Twitter' rel=\"noopener\"><span class='avia_hidden_link_text'>Compartir en Twitter<\/span><\/a><\/li><li class='av-share-link av-social-link-whatsapp' ><a target=\"_blank\" aria-label=\"Compartir en Whatsapp\" href='https:\/\/api.whatsapp.com\/send?text=https:\/\/radiorevelacionfm.cl\/?p=27166' aria-hidden='false' data-av_icon='\uf232' data-av_iconfont='entypo-fontello' title='' data-avia-related-tooltip='Compartir en Whatsapp' rel=\"noopener\"><span class='avia_hidden_link_text'>Compartir en Whatsapp<\/span><\/a><\/li><li class='av-share-link av-social-link-linkedin' ><a target=\"_blank\" aria-label=\"Compartir en LinkedIn\" href='https:\/\/linkedin.com\/shareArticle?mini=true&#038;title=Con%20positivo%20balance%20UAys%C3%A9n%20culmina%20proceso%20de%20matr%C3%ADculas%20admisi%C3%B3n%202023&#038;url=https:\/\/radiorevelacionfm.cl\/?p=27166' aria-hidden='false' data-av_icon='\ue8fc' data-av_iconfont='entypo-fontello' title='' data-avia-related-tooltip='Compartir en LinkedIn' rel=\"noopener\"><span class='avia_hidden_link_text'>Compartir en LinkedIn<\/span><\/a><\/li><li class='av-share-link av-social-link-mail' ><a  aria-label=\"Compartir por correo\" href='mailto:?subject=Con%20positivo%20balance%20UAys%C3%A9n%20culmina%20proceso%20de%20matr%C3%ADculas%20admisi%C3%B3n%202023&#038;body=https:\/\/radiorevelacionfm.cl\/?p=27166' aria-hidden='false' data-av_icon='\ue805' data-av_iconfont='entypo-fontello' title='' data-avia-related-tooltip='Compartir por correo'><span class='avia_hidden_link_text'>Compartir por correo<\/span><\/a><\/li><\/ul><\/div><\/div>\n<div  style='height:50px' class='hr hr-invisible   avia-builder-el-8  el_after_av_social_share  el_before_av_comments_list '><span class='hr-inner ' ><span class='hr-inner-style'><\/span><\/span><\/div>\n<div  class='av-buildercomment  av-blog-meta-html-info-disabled av-blog-meta-tag-disabled  '><\/div>\n","protected":false},"excerpt":{"rendered":"","protected":false},"author":1,"featured_media":26767,"comment_status":"open","ping_status":"open","sticky":false,"template":"","format":"standard","meta":{"footnotes":""},"categories":[49],"tags":[],"class_list":["post-27166","post","type-post","status-publish","format-standard","has-post-thumbnail","hentry","category-educacion"],"jetpack_featured_media_url":"https:\/\/radiorevelacionfm.cl\/wp-content\/uploads\/2023\/01\/DSC01671-1-1.jpg","_links":{"self":[{"href":"https:\/\/radiorevelacionfm.cl\/index.php?rest_route=\/wp\/v2\/posts\/27166","targetHints":{"allow":["GET"]}}],"collection":[{"href":"https:\/\/radiorevelacionfm.cl\/index.php?rest_route=\/wp\/v2\/posts"}],"about":[{"href":"https:\/\/radiorevelacionfm.cl\/index.php?rest_route=\/wp\/v2\/types\/post"}],"author":[{"embeddable":true,"href":"https:\/\/radiorevelacionfm.cl\/index.php?rest_route=\/wp\/v2\/users\/1"}],"replies":[{"embeddable":true,"href":"https:\/\/radiorevelacionfm.cl\/index.php?rest_route=%2Fwp%2Fv2%2Fcomments&post=27166"}],"version-history":[{"count":2,"href":"https:\/\/radiorevelacionfm.cl\/index.php?rest_route=\/wp\/v2\/posts\/27166\/revisions"}],"predecessor-version":[{"id":27184,"href":"https:\/\/radiorevelacionfm.cl\/index.php?rest_route=\/wp\/v2\/posts\/27166\/revisions\/27184"}],"wp:featuredmedia":[{"embeddable":true,"href":"https:\/\/radiorevelacionfm.cl\/index.php?rest_route=\/wp\/v2\/media\/26767"}],"wp:attachment":[{"href":"https:\/\/radiorevelacionfm.cl\/index.php?rest_route=%2Fwp%2Fv2%2Fmedia&parent=27166"}],"wp:term":[{"taxonomy":"category","embeddable":true,"href":"https:\/\/radiorevelacionfm.cl\/index.php?rest_route=%2Fwp%2Fv2%2Fcategories&post=27166"},{"taxonomy":"post_tag","embeddable":true,"href":"https:\/\/radiorevelacionfm.cl\/index.php?rest_route=%2Fwp%2Fv2%2Ftags&post=27166"}],"curies":[{"name":"wp","href":"https:\/\/api.w.org\/{rel}","templated":true}]}}