{"id":27163,"date":"2023-01-27T16:36:09","date_gmt":"2023-01-27T19:36:09","guid":{"rendered":"https:\/\/radiorevelacionfm.cl\/?p=27163"},"modified":"2023-01-27T16:36:09","modified_gmt":"2023-01-27T19:36:09","slug":"presidente-boric-relevo-origen-social-y-comprometio-apoyo-para-la-universidad-de-aysen","status":"publish","type":"post","link":"https:\/\/radiorevelacionfm.cl\/?p=27163","title":{"rendered":"Presidente Boric relev\u00f3 origen social y comprometi\u00f3 apoyo para la Universidad de Ays\u00e9n"},"content":{"rendered":"<div class=\"flex_column av_one_full  flex_column_div av-zero-column-padding first  avia-builder-el-0  el_before_av_one_full  avia-builder-el-first  \" style='border-radius:0px; '><div  class='avia-image-container  av-styling-    avia-builder-el-1  avia-builder-el-no-sibling  avia-align-center '  itemprop=\"image\" itemscope=\"itemscope\" itemtype=\"https:\/\/schema.org\/ImageObject\"  ><div class='avia-image-container-inner'><div class='avia-image-overlay-wrap'><img decoding=\"async\" class='wp-image-27164 avia-img-lazy-loading-not-27164 avia_image' src=\"https:\/\/radiorevelacionfm.cl\/wp-content\/uploads\/2023\/01\/visita-presidencial-1-1_optimized-1.jpg\" alt='' title='visita-presidencial-1-(1)_optimized (1)' height=\"600\" width=\"1066\"  itemprop=\"thumbnailUrl\" srcset=\"https:\/\/radiorevelacionfm.cl\/wp-content\/uploads\/2023\/01\/visita-presidencial-1-1_optimized-1.jpg 1066w, https:\/\/radiorevelacionfm.cl\/wp-content\/uploads\/2023\/01\/visita-presidencial-1-1_optimized-1-300x169.jpg 300w, https:\/\/radiorevelacionfm.cl\/wp-content\/uploads\/2023\/01\/visita-presidencial-1-1_optimized-1-1030x580.jpg 1030w, https:\/\/radiorevelacionfm.cl\/wp-content\/uploads\/2023\/01\/visita-presidencial-1-1_optimized-1-768x432.jpg 768w, https:\/\/radiorevelacionfm.cl\/wp-content\/uploads\/2023\/01\/visita-presidencial-1-1_optimized-1-705x397.jpg 705w, https:\/\/radiorevelacionfm.cl\/wp-content\/uploads\/2023\/01\/visita-presidencial-1-1_optimized-1-600x338.jpg 600w\" sizes=\"(max-width: 1066px) 100vw, 1066px\" \/><\/div><\/div><\/div><\/div><div class=\"flex_column av_one_full  flex_column_div av-zero-column-padding first  avia-builder-el-2  el_after_av_one_full  el_before_av_one_full  column-top-margin\" style='border-radius:0px; '><section class=\"av_textblock_section \"  itemscope=\"itemscope\" itemtype=\"https:\/\/schema.org\/BlogPosting\" itemprop=\"blogPost\" ><div class='avia_textblock  '   itemprop=\"text\" ><p style=\"text-align: center;\"><span style=\"font-size: 18pt;\"><strong>Presidente Boric relev\u00f3 origen social y comprometi\u00f3 apoyo para la Universidad de Ays\u00e9n\u00a0<\/strong><\/span><\/p>\n<div id=\"gtx-trans\" style=\"position: absolute; left: -50px; top: 4.31534px;\">\n<div class=\"gtx-trans-icon\"><\/div>\n<\/div>\n<\/div><\/section><\/div><div class=\"flex_column av_one_full  flex_column_div av-zero-column-padding first  avia-builder-el-4  el_after_av_one_full  el_before_av_hr  column-top-margin\" style='border-radius:0px; '><section class=\"av_textblock_section \"  itemscope=\"itemscope\" itemtype=\"https:\/\/schema.org\/BlogPosting\" itemprop=\"blogPost\" ><div class='avia_textblock  '   itemprop=\"text\" ><p style=\"text-align: justify;\">El mandatario, quien visit\u00f3 y comparti\u00f3 con parte de su comunidad, rememor\u00f3 la movilizaci\u00f3n social que impuls\u00f3 la creaci\u00f3n\u00a0 de la universidad regional, respald\u00f3\u00a0 la gesti\u00f3n de la rectora Natacha Pino y comprometi\u00f3 acciones para que \u00ablos hijos e hijas de Ays\u00e9n\u00bb estudien en su territorio.<\/p>\n<p style=\"text-align: justify;\">En medio de la gira a la regi\u00f3n de Ays\u00e9n, el Presidente de la Rep\u00fablica, Gabriel Boric Font, visit\u00f3 el campus R\u00edo Simpson de la Universidad de Ays\u00e9n donde comparti\u00f3 con acad\u00e9micas, acad\u00e9micos, tituladas, personal de colaboraci\u00f3n y otros miembros de la comunidad universitaria.<\/p>\n<p style=\"text-align: justify;\">El jefe de Estado arrib\u00f3 a una de las sedes ubicadas en Coyhaique donde fue recibido por la rectora, Natacha Pino Acu\u00f1a, y el cuerpo directivo para luego realizar un recorrido por algunos laboratorios y oficinas del campus. En su visita fue acompa\u00f1ado por Ingrid P\u00e9rez (Enfermer\u00eda) y Anita Ja\u00f1a (Ingenier\u00eda Civil Industrial), dos de las primeras tituladas de la casa de estudios superiores regional, adem\u00e1s dialog\u00f3 con el cuerpo acad\u00e9mico e investigadores y sostuvo un breve encuentro con las profesionales de la Unidad de G\u00e9nero.<\/p>\n<p style=\"text-align: justify;\">Durante el recorrido, el Presidente Boric quien en todo momento fue emp\u00e1tico y salud\u00f3 a quienes se le\u00a0 acercaban, pos\u00f3 para una foto grupal con varios de los integrantes de la comunidad universitaria donde aprovech\u00f3 la oportunidad de destacar el valioso aporte que realizan en la UAys\u00e9n.<\/p>\n<p style=\"text-align: justify;\">Antes de abandonar la sede de la universidad regional el mandatario relev\u00f3 el clamor social que dio origen a la instituci\u00f3n de educaci\u00f3n superior rememorando \u201cnace de las movilizaciones, nace del grito de un pueblo y es muy esperanzador ver c\u00f3mo se ha ido forjando y c\u00f3mo est\u00e1 haciendo realidad\u00a0 los\u00a0 sue\u00f1os de muchos ayseninas y ayseninos que, como bien me contaba la rectora, los hijos de Ays\u00e9n tienen derecho a estudiar en Ays\u00e9n y a\u00a0 quedarse ac\u00e1. Que toda la riqueza inmaterial que existe en la regi\u00f3n no tenga que irse, en un nuevo tipo de exilio. As\u00ed que en verdad un orgullo lo que est\u00e1n haciendo como universidad y cuenten con nuestro apoyo para seguir adelante\u201d, sentenci\u00f3 el jefe de Estado.<\/p>\n<p style=\"text-align: justify;\">Para la rectora de la UAys\u00e9n, la visita del mandatario refuerza el esfuerzo realizado en los 7 a\u00f1os\u00a0 de vida, en cuyo periodo logr\u00f3 posicionarse, tener a sus primeros titulados y cumple un rol fundamental en la regi\u00f3n.<\/p>\n<p style=\"text-align: justify;\">\u201cPudimos contarle de nuestros esfuerzos por hacer educaci\u00f3n superior en la regi\u00f3n, los desaf\u00edos futuros que tenemos, contarle nuestro proceso de acreditaci\u00f3n, de nuestros sue\u00f1os\u201d, agreg\u00f3 la m\u00e1xima autoridad universitaria.<\/p>\n<p style=\"text-align: justify;\">La acad\u00e9mica asimismo, valor\u00f3\u00a0 el compromiso del Presidente de \u00abbuscar los mecanismos para que este proyecto universitario pueda continuar en el tiempo y tambi\u00e9n podamos seguir aportando, desde la regi\u00f3n de Ays\u00e9n, al resto del pa\u00eds\u00bb.<\/p>\n<\/div><\/section><\/div><div  style='height:50px' class='hr hr-invisible   avia-builder-el-6  el_after_av_one_full  el_before_av_social_share '><span class='hr-inner ' ><span class='hr-inner-style'><\/span><\/span><\/div><\/p>\n<div  class='av-social-sharing-box  avia-builder-el-7  el_after_av_hr  el_before_av_hr  '><div class='av-share-box'><h5 class='av-share-link-description av-no-toc '>Compartir esta noticia<\/h5><ul class='av-share-box-list noLightbox'><li class='av-share-link av-social-link-facebook' ><a target=\"_blank\" aria-label=\"Compartir en Facebook\" href='https:\/\/www.facebook.com\/sharer.php?u=https:\/\/radiorevelacionfm.cl\/?p=27163&#038;t=Presidente%20Boric%20relev%C3%B3%20origen%20social%20y%20comprometi%C3%B3%20apoyo%20para%20la%20Universidad%20de%20Ays%C3%A9n' aria-hidden='false' data-av_icon='\ue8f3' data-av_iconfont='entypo-fontello' title='' data-avia-related-tooltip='Compartir en Facebook' rel=\"noopener\"><span class='avia_hidden_link_text'>Compartir en Facebook<\/span><\/a><\/li><li class='av-share-link av-social-link-twitter' ><a target=\"_blank\" aria-label=\"Compartir en Twitter\" href='https:\/\/twitter.com\/share?text=Presidente%20Boric%20relev%C3%B3%20origen%20social%20y%20comprometi%C3%B3%20apoyo%20para%20la%20Universidad%20de%20Ays%C3%A9n&#038;url=https:\/\/radiorevelacionfm.cl\/?p=27163' aria-hidden='false' data-av_icon='\ue8f1' data-av_iconfont='entypo-fontello' title='' data-avia-related-tooltip='Compartir en Twitter' rel=\"noopener\"><span class='avia_hidden_link_text'>Compartir en Twitter<\/span><\/a><\/li><li class='av-share-link av-social-link-whatsapp' ><a target=\"_blank\" aria-label=\"Compartir en Whatsapp\" href='https:\/\/api.whatsapp.com\/send?text=https:\/\/radiorevelacionfm.cl\/?p=27163' aria-hidden='false' data-av_icon='\uf232' data-av_iconfont='entypo-fontello' title='' data-avia-related-tooltip='Compartir en Whatsapp' rel=\"noopener\"><span class='avia_hidden_link_text'>Compartir en Whatsapp<\/span><\/a><\/li><li class='av-share-link av-social-link-linkedin' ><a target=\"_blank\" aria-label=\"Compartir en LinkedIn\" href='https:\/\/linkedin.com\/shareArticle?mini=true&#038;title=Presidente%20Boric%20relev%C3%B3%20origen%20social%20y%20comprometi%C3%B3%20apoyo%20para%20la%20Universidad%20de%20Ays%C3%A9n&#038;url=https:\/\/radiorevelacionfm.cl\/?p=27163' aria-hidden='false' data-av_icon='\ue8fc' data-av_iconfont='entypo-fontello' title='' data-avia-related-tooltip='Compartir en LinkedIn' rel=\"noopener\"><span class='avia_hidden_link_text'>Compartir en LinkedIn<\/span><\/a><\/li><li class='av-share-link av-social-link-mail' ><a  aria-label=\"Compartir por correo\" href='mailto:?subject=Presidente%20Boric%20relev%C3%B3%20origen%20social%20y%20comprometi%C3%B3%20apoyo%20para%20la%20Universidad%20de%20Ays%C3%A9n&#038;body=https:\/\/radiorevelacionfm.cl\/?p=27163' aria-hidden='false' data-av_icon='\ue805' data-av_iconfont='entypo-fontello' title='' data-avia-related-tooltip='Compartir por correo'><span class='avia_hidden_link_text'>Compartir por correo<\/span><\/a><\/li><\/ul><\/div><\/div>\n<div  style='height:50px' class='hr hr-invisible   avia-builder-el-8  el_after_av_social_share  el_before_av_comments_list '><span class='hr-inner ' ><span class='hr-inner-style'><\/span><\/span><\/div>\n<div  class='av-buildercomment  av-blog-meta-html-info-disabled av-blog-meta-tag-disabled  '><\/div>\n","protected":false},"excerpt":{"rendered":"","protected":false},"author":1,"featured_media":27164,"comment_status":"open","ping_status":"open","sticky":false,"template":"","format":"standard","meta":{"footnotes":""},"categories":[49],"tags":[],"class_list":["post-27163","post","type-post","status-publish","format-standard","has-post-thumbnail","hentry","category-educacion"],"jetpack_featured_media_url":"https:\/\/radiorevelacionfm.cl\/wp-content\/uploads\/2023\/01\/visita-presidencial-1-1_optimized-1.jpg","_links":{"self":[{"href":"https:\/\/radiorevelacionfm.cl\/index.php?rest_route=\/wp\/v2\/posts\/27163","targetHints":{"allow":["GET"]}}],"collection":[{"href":"https:\/\/radiorevelacionfm.cl\/index.php?rest_route=\/wp\/v2\/posts"}],"about":[{"href":"https:\/\/radiorevelacionfm.cl\/index.php?rest_route=\/wp\/v2\/types\/post"}],"author":[{"embeddable":true,"href":"https:\/\/radiorevelacionfm.cl\/index.php?rest_route=\/wp\/v2\/users\/1"}],"replies":[{"embeddable":true,"href":"https:\/\/radiorevelacionfm.cl\/index.php?rest_route=%2Fwp%2Fv2%2Fcomments&post=27163"}],"version-history":[{"count":2,"href":"https:\/\/radiorevelacionfm.cl\/index.php?rest_route=\/wp\/v2\/posts\/27163\/revisions"}],"predecessor-version":[{"id":27172,"href":"https:\/\/radiorevelacionfm.cl\/index.php?rest_route=\/wp\/v2\/posts\/27163\/revisions\/27172"}],"wp:featuredmedia":[{"embeddable":true,"href":"https:\/\/radiorevelacionfm.cl\/index.php?rest_route=\/wp\/v2\/media\/27164"}],"wp:attachment":[{"href":"https:\/\/radiorevelacionfm.cl\/index.php?rest_route=%2Fwp%2Fv2%2Fmedia&parent=27163"}],"wp:term":[{"taxonomy":"category","embeddable":true,"href":"https:\/\/radiorevelacionfm.cl\/index.php?rest_route=%2Fwp%2Fv2%2Fcategories&post=27163"},{"taxonomy":"post_tag","embeddable":true,"href":"https:\/\/radiorevelacionfm.cl\/index.php?rest_route=%2Fwp%2Fv2%2Ftags&post=27163"}],"curies":[{"name":"wp","href":"https:\/\/api.w.org\/{rel}","templated":true}]}}