{"id":27160,"date":"2023-02-01T10:56:02","date_gmt":"2023-02-01T13:56:02","guid":{"rendered":"https:\/\/radiorevelacionfm.cl\/?p=27160"},"modified":"2023-02-01T10:56:02","modified_gmt":"2023-02-01T13:56:02","slug":"con-gran-participacion-se-reunio-el-consejo-nacional-de-desarrollo-rural","status":"publish","type":"post","link":"https:\/\/radiorevelacionfm.cl\/?p=27160","title":{"rendered":"Con gran participaci\u00f3n se reuni\u00f3 el Consejo Nacional de Desarrollo Rural"},"content":{"rendered":"<div class=\"flex_column av_one_full  flex_column_div av-zero-column-padding first  avia-builder-el-0  el_before_av_one_full  avia-builder-el-first  \" style='border-radius:0px; '><div  class='avia-image-container  av-styling-    avia-builder-el-1  avia-builder-el-no-sibling  avia-align-center '  itemprop=\"image\" itemscope=\"itemscope\" itemtype=\"https:\/\/schema.org\/ImageObject\"  ><div class='avia-image-container-inner'><div class='avia-image-overlay-wrap'><img decoding=\"async\" class='wp-image-27161 avia-img-lazy-loading-not-27161 avia_image' src=\"https:\/\/radiorevelacionfm.cl\/wp-content\/uploads\/2023\/01\/CNDR-1-1.jpg\" alt='' title='CNDR (1) (1)' height=\"600\" width=\"900\"  itemprop=\"thumbnailUrl\" srcset=\"https:\/\/radiorevelacionfm.cl\/wp-content\/uploads\/2023\/01\/CNDR-1-1.jpg 900w, https:\/\/radiorevelacionfm.cl\/wp-content\/uploads\/2023\/01\/CNDR-1-1-300x200.jpg 300w, https:\/\/radiorevelacionfm.cl\/wp-content\/uploads\/2023\/01\/CNDR-1-1-768x512.jpg 768w, https:\/\/radiorevelacionfm.cl\/wp-content\/uploads\/2023\/01\/CNDR-1-1-705x470.jpg 705w, https:\/\/radiorevelacionfm.cl\/wp-content\/uploads\/2023\/01\/CNDR-1-1-600x400.jpg 600w\" sizes=\"(max-width: 900px) 100vw, 900px\" \/><\/div><\/div><\/div><\/div><div class=\"flex_column av_one_full  flex_column_div av-zero-column-padding first  avia-builder-el-2  el_after_av_one_full  el_before_av_one_full  column-top-margin\" style='border-radius:0px; '><section class=\"av_textblock_section \"  itemscope=\"itemscope\" itemtype=\"https:\/\/schema.org\/BlogPosting\" itemprop=\"blogPost\" ><div class='avia_textblock  '   itemprop=\"text\" ><p style=\"text-align: center;\"><strong><span style=\"font-size: 18pt;\">Con gran participaci\u00f3n se reuni\u00f3\u00a0<\/span><span style=\"font-size: 18pt;\">el Consejo Nacional de Desarrollo Rural<\/span><\/strong><\/p>\n<div id=\"gtx-trans\" style=\"position: absolute; left: -50px; top: 4.31534px;\">\n<div class=\"gtx-trans-icon\"><\/div>\n<\/div>\n<\/div><\/section><\/div><div class=\"flex_column av_one_full  flex_column_div av-zero-column-padding first  avia-builder-el-4  el_after_av_one_full  el_before_av_hr  column-top-margin\" style='border-radius:0px; '><section class=\"av_textblock_section \"  itemscope=\"itemscope\" itemtype=\"https:\/\/schema.org\/BlogPosting\" itemprop=\"blogPost\" ><div class='avia_textblock  '   itemprop=\"text\" ><p style=\"text-align: justify;\">En esta instancia p\u00fablico-privada hubo un intenso di\u00e1logo, con la finalidad de avanzar en mejorar la calidad de vida de las personas que habitan el mundo rural.<\/p>\n<p class=\"v1MsoNormal\" style=\"text-align: justify;\">Coordinado por la directora de la Oficina de Estudios y Pol\u00edticas Agrarias (Odepa), Andrea Garc\u00eda, hoy se reuni\u00f3 el Consejo Nacional de Desarrollo Rural. En esta instancia p\u00fablico-privada hubo un intenso di\u00e1logo, con la finalidad de avanzar en mejorar la calidad de vida de las personas que habitan el mundo rural.<\/p>\n<p class=\"v1MsoNormal\" style=\"text-align: justify;\">Andrea Garc\u00eda se\u00f1al\u00f3 que: \u201cHoy d\u00eda revisamos el sistema de indicadores de calidad de vida rural y como su fortalecimiento permite identificar mejor las brechas que existen en los territorios rurales, orientando de mejor manera el dise\u00f1o e implementaci\u00f3n de pol\u00edticas p\u00fablicas que efectivamente aborden los desaf\u00edos\u00a0 que existen en los territorios rurales, los cuales son distintos a los territorios urbanos\u201d.<\/p>\n<p class=\"v1MsoNormal\" style=\"text-align: justify;\">Adem\u00e1s, agreg\u00f3 la autoridad: \u201cTambi\u00e9n dimos cuenta del trabajo realizado durante el a\u00f1o 2022, donde no solo hemos continuado con el dise\u00f1o de planes regionales de desarrollo rural en estrecha relaci\u00f3n con los Gobiernos Regionales, sino que adem\u00e1s hemos empezado a impulsar la implementaci\u00f3n de un plan de conectividad digital que da cuenta de una de las principales demandas comunes en los distintos territorios, en tanto las brechas digitales que existen en los territorios rurales son muy significativas\u201d.<\/p>\n<p class=\"v1MsoNormal\" style=\"text-align: justify;\">Durante la sesi\u00f3n se realiz\u00f3 un an\u00e1lisis y se entregaron conclusiones de los Planes Regionales de Desarrollo Rural piloteados en el a\u00f1o 2021, en las regiones de Atacama, O\u2019Higgins y Ays\u00e9n. Asimismo, se presentaron los resultados preliminares de los Planes Regionales de Desarrollo Rural elaborados en 2022, en las regiones de Arica y Parinacota, Valpara\u00edso, \u00d1uble, Maule, Los R\u00edos y Los Lagos.<\/p>\n<p class=\"v1MsoNormal\" style=\"text-align: justify;\">La Pol\u00edtica Nacional de Desarrollo Rural busca mejorar la calidad de vida y aumentar las oportunidades de las familias rurales, promoviendo una mirada renovada del mundo rural como un espacio de gran valor para la seguridad y soberan\u00eda alimentaria del pa\u00eds, pilar fundamental de la sustentabilidad y fuente de nuestra identidad cultural.<\/p>\n<\/div><\/section><\/div><div  style='height:50px' class='hr hr-invisible   avia-builder-el-6  el_after_av_one_full  el_before_av_social_share '><span class='hr-inner ' ><span class='hr-inner-style'><\/span><\/span><\/div><\/p>\n<div  class='av-social-sharing-box  avia-builder-el-7  el_after_av_hr  el_before_av_hr  '><div class='av-share-box'><h5 class='av-share-link-description av-no-toc '>Compartir esta noticia<\/h5><ul class='av-share-box-list noLightbox'><li class='av-share-link av-social-link-facebook' ><a target=\"_blank\" aria-label=\"Compartir en Facebook\" href='https:\/\/www.facebook.com\/sharer.php?u=https:\/\/radiorevelacionfm.cl\/?p=27160&#038;t=Con%20gran%20participaci%C3%B3n%20se%20reuni%C3%B3%20el%20Consejo%20Nacional%20de%20Desarrollo%20Rural' aria-hidden='false' data-av_icon='\ue8f3' data-av_iconfont='entypo-fontello' title='' data-avia-related-tooltip='Compartir en Facebook' rel=\"noopener\"><span class='avia_hidden_link_text'>Compartir en Facebook<\/span><\/a><\/li><li class='av-share-link av-social-link-twitter' ><a target=\"_blank\" aria-label=\"Compartir en Twitter\" href='https:\/\/twitter.com\/share?text=Con%20gran%20participaci%C3%B3n%20se%20reuni%C3%B3%20el%20Consejo%20Nacional%20de%20Desarrollo%20Rural&#038;url=https:\/\/radiorevelacionfm.cl\/?p=27160' aria-hidden='false' data-av_icon='\ue8f1' data-av_iconfont='entypo-fontello' title='' data-avia-related-tooltip='Compartir en Twitter' rel=\"noopener\"><span class='avia_hidden_link_text'>Compartir en Twitter<\/span><\/a><\/li><li class='av-share-link av-social-link-whatsapp' ><a target=\"_blank\" aria-label=\"Compartir en Whatsapp\" href='https:\/\/api.whatsapp.com\/send?text=https:\/\/radiorevelacionfm.cl\/?p=27160' aria-hidden='false' data-av_icon='\uf232' data-av_iconfont='entypo-fontello' title='' data-avia-related-tooltip='Compartir en Whatsapp' rel=\"noopener\"><span class='avia_hidden_link_text'>Compartir en Whatsapp<\/span><\/a><\/li><li class='av-share-link av-social-link-linkedin' ><a target=\"_blank\" aria-label=\"Compartir en LinkedIn\" href='https:\/\/linkedin.com\/shareArticle?mini=true&#038;title=Con%20gran%20participaci%C3%B3n%20se%20reuni%C3%B3%20el%20Consejo%20Nacional%20de%20Desarrollo%20Rural&#038;url=https:\/\/radiorevelacionfm.cl\/?p=27160' aria-hidden='false' data-av_icon='\ue8fc' data-av_iconfont='entypo-fontello' title='' data-avia-related-tooltip='Compartir en LinkedIn' rel=\"noopener\"><span class='avia_hidden_link_text'>Compartir en LinkedIn<\/span><\/a><\/li><li class='av-share-link av-social-link-mail' ><a  aria-label=\"Compartir por correo\" href='mailto:?subject=Con%20gran%20participaci%C3%B3n%20se%20reuni%C3%B3%20el%20Consejo%20Nacional%20de%20Desarrollo%20Rural&#038;body=https:\/\/radiorevelacionfm.cl\/?p=27160' aria-hidden='false' data-av_icon='\ue805' data-av_iconfont='entypo-fontello' title='' data-avia-related-tooltip='Compartir por correo'><span class='avia_hidden_link_text'>Compartir por correo<\/span><\/a><\/li><\/ul><\/div><\/div>\n<div  style='height:50px' class='hr hr-invisible   avia-builder-el-8  el_after_av_social_share  el_before_av_comments_list '><span class='hr-inner ' ><span class='hr-inner-style'><\/span><\/span><\/div>\n<div  class='av-buildercomment  av-blog-meta-html-info-disabled av-blog-meta-tag-disabled  '><\/div>\n","protected":false},"excerpt":{"rendered":"","protected":false},"author":1,"featured_media":27161,"comment_status":"open","ping_status":"open","sticky":false,"template":"","format":"standard","meta":{"footnotes":""},"categories":[61],"tags":[],"class_list":["post-27160","post","type-post","status-publish","format-standard","has-post-thumbnail","hentry","category-nacional"],"jetpack_featured_media_url":"https:\/\/radiorevelacionfm.cl\/wp-content\/uploads\/2023\/01\/CNDR-1-1.jpg","_links":{"self":[{"href":"https:\/\/radiorevelacionfm.cl\/index.php?rest_route=\/wp\/v2\/posts\/27160","targetHints":{"allow":["GET"]}}],"collection":[{"href":"https:\/\/radiorevelacionfm.cl\/index.php?rest_route=\/wp\/v2\/posts"}],"about":[{"href":"https:\/\/radiorevelacionfm.cl\/index.php?rest_route=\/wp\/v2\/types\/post"}],"author":[{"embeddable":true,"href":"https:\/\/radiorevelacionfm.cl\/index.php?rest_route=\/wp\/v2\/users\/1"}],"replies":[{"embeddable":true,"href":"https:\/\/radiorevelacionfm.cl\/index.php?rest_route=%2Fwp%2Fv2%2Fcomments&post=27160"}],"version-history":[{"count":2,"href":"https:\/\/radiorevelacionfm.cl\/index.php?rest_route=\/wp\/v2\/posts\/27160\/revisions"}],"predecessor-version":[{"id":27316,"href":"https:\/\/radiorevelacionfm.cl\/index.php?rest_route=\/wp\/v2\/posts\/27160\/revisions\/27316"}],"wp:featuredmedia":[{"embeddable":true,"href":"https:\/\/radiorevelacionfm.cl\/index.php?rest_route=\/wp\/v2\/media\/27161"}],"wp:attachment":[{"href":"https:\/\/radiorevelacionfm.cl\/index.php?rest_route=%2Fwp%2Fv2%2Fmedia&parent=27160"}],"wp:term":[{"taxonomy":"category","embeddable":true,"href":"https:\/\/radiorevelacionfm.cl\/index.php?rest_route=%2Fwp%2Fv2%2Fcategories&post=27160"},{"taxonomy":"post_tag","embeddable":true,"href":"https:\/\/radiorevelacionfm.cl\/index.php?rest_route=%2Fwp%2Fv2%2Ftags&post=27160"}],"curies":[{"name":"wp","href":"https:\/\/api.w.org\/{rel}","templated":true}]}}