{"id":2716,"date":"2021-02-17T16:03:00","date_gmt":"2021-02-17T19:03:00","guid":{"rendered":"https:\/\/radiorevelacionfm.cl\/?p=2716"},"modified":"2021-02-17T16:17:22","modified_gmt":"2021-02-17T19:17:22","slug":"con-actividad-de-senderismo-refuerzan-educacion-ambiental-y-fisica-a-ninos-de-centro-de-cuidados-de-verano","status":"publish","type":"post","link":"https:\/\/radiorevelacionfm.cl\/?p=2716","title":{"rendered":"Con actividad de senderismo Mindep-Ind refuerza educaci\u00f3n ambiental y f\u00edsica a ni\u00f1os de \u00abCentro de Cuidados de Verano\u00bb"},"content":{"rendered":"<div class=\"flex_column av_one_full  flex_column_div av-zero-column-padding first  avia-builder-el-0  el_before_av_one_full  avia-builder-el-first  \" style='border-radius:0px; '><div  class='avia-image-container  av-styling-    avia-builder-el-1  avia-builder-el-no-sibling  avia-align-center '  itemprop=\"image\" itemscope=\"itemscope\" itemtype=\"https:\/\/schema.org\/ImageObject\"  ><div class='avia-image-container-inner'><div class='avia-image-overlay-wrap'><img decoding=\"async\" class='wp-image-0 avia-img-lazy-loading-not-0 avia_image' src=\"https:\/\/radiorevelacionfm.cl\/wp-content\/uploads\/2021\/02\/IMG-20210215-WA0021-1.jpg\" alt='' title=''   itemprop=\"thumbnailUrl\"  \/><\/div><\/div><\/div><\/div>\n<div class=\"flex_column av_one_full  flex_column_div av-zero-column-padding first  avia-builder-el-2  el_after_av_one_full  el_before_av_one_full  column-top-margin\" style='border-radius:0px; '><section class=\"av_textblock_section \"  itemscope=\"itemscope\" itemtype=\"https:\/\/schema.org\/BlogPosting\" itemprop=\"blogPost\" ><div class='avia_textblock  '   itemprop=\"text\" ><p style=\"text-align: center;\"><span style=\"font-size: 18pt;\"><strong>Con actividad de senderismo Mindep-Ind refuerza educaci\u00f3n ambiental y f\u00edsica a ni\u00f1os de \u00abCentro de Cuidados de Verano\u00bb<\/strong><\/span><\/p>\n<div id=\"gtx-trans\" style=\"position: absolute; left: -50px; top: 4.31534px;\">\n<div class=\"gtx-trans-icon\"><\/div>\n<\/div>\n<\/div><\/section><\/div><div class=\"flex_column av_one_full  flex_column_div av-zero-column-padding first  avia-builder-el-4  el_after_av_one_full  el_before_av_hr  column-top-margin\" style='border-radius:0px; '><section class=\"av_textblock_section \"  itemscope=\"itemscope\" itemtype=\"https:\/\/schema.org\/BlogPosting\" itemprop=\"blogPost\" ><div class='avia_textblock  '   itemprop=\"text\" ><p style=\"text-align: justify;\">La iniciativa desarrollada en el circuito Laguna Chiguay del Parque Cerro Castillo, \u00a0forma parte del programa que impulsa el Gobierno a trav\u00e9s del Ministerio de Desarrollo Social y Familia,\u00a0 en alianza con municipalidades, Junaeb y Mindep e IND.<\/p>\n<p style=\"text-align: justify;\">Durante casi un mes, ni\u00f1as y ni\u00f1os, hijos de madres y padres que en su mayor\u00eda desarrolla trabajos de temporada, \u00a0participaron de diversas actividades bajo el cuidado de monitores, y entre las favoritas de todos, destaca el circuito de trekking realizado en sendero de la laguna Chiguay, excursionismo que permite \u00a0mejorar la condici\u00f3n f\u00edsica y motivarlos en el cuidado y conocimiento del medio ambiente.<\/p>\n<p style=\"text-align: justify;\">Al respecto, el Seremi del Deporte, Rodrigo Cubilla Retamal se\u00f1al\u00f3, \u00abeste a\u00f1o nuevamente como Ministerio del Deporte e IND colaboramos con esta iniciativa que une a diferentes servicios p\u00fablicos \u00a0con un \u00fanico objetivo que es brindar un espacio de esparcimiento y cuidado, \u00a0que es muy valorado por las familias que durante el verano realizan diversos trabajos agr\u00edcolas y de cosecha\u00bb.<\/p>\n<p style=\"text-align: justify;\">En el mismo sentido, Katherin Haro, Coordinadora del Centro de Cuidados, precis\u00f3: \u00abel principal objetivo de incluir dentro de las actividades el senderismo, es que los menores disfruten de actividades al aire libre, en un entorno natural, ya que la mayor\u00eda de las actividades las realizamos al interior de un gimnasio, adem\u00e1s es muy necesario que desde peque\u00f1os tomen conciencia de la importancia del cuidado de planeta y nuestro entorno\u00bb, concluy\u00f3.<\/p>\n<p style=\"text-align: justify;\">El circuito, de baja complejidad, se realiz\u00f3 en el sector de la\u00a0\u00a0Laguna Chiguay, perteneciente al Parque Nacional Cerro Castillo,\u00a0\u00a0administrado por CONAF, entidad que facilit\u00f3 sus instalaciones para el desarrollo de esta actividad\u00a0\u00a0y que adem\u00e1s forma parte de las \u00e1reas silvestres que permiten el acceso de visitantes, aunque con aforos m\u00e1ximos y previa inscripci\u00f3n.<\/p>\n<\/div><\/section><\/div><div  style='height:50px' class='hr hr-invisible   avia-builder-el-6  el_after_av_one_full  el_before_av_social_share '><span class='hr-inner ' ><span class='hr-inner-style'><\/span><\/span><\/div><\/p>\n<div  class='av-social-sharing-box  avia-builder-el-7  el_after_av_hr  el_before_av_hr  '><div class='av-share-box'><h5 class='av-share-link-description av-no-toc '>Compartir esta noticia<\/h5><ul class='av-share-box-list noLightbox'><li class='av-share-link av-social-link-facebook' ><a target=\"_blank\" aria-label=\"Compartir en Facebook\" href='https:\/\/www.facebook.com\/sharer.php?u=https:\/\/radiorevelacionfm.cl\/?p=2716&#038;t=Con%20actividad%20de%20senderismo%20Mindep-Ind%20refuerza%20educaci%C3%B3n%20ambiental%20y%20f%C3%ADsica%20a%20ni%C3%B1os%20de%20%C2%ABCentro%20de%20Cuidados%20de%20Verano%C2%BB' aria-hidden='false' data-av_icon='\ue8f3' data-av_iconfont='entypo-fontello' title='' data-avia-related-tooltip='Compartir en Facebook' rel=\"noopener\"><span class='avia_hidden_link_text'>Compartir en Facebook<\/span><\/a><\/li><li class='av-share-link av-social-link-twitter' ><a target=\"_blank\" aria-label=\"Compartir en Twitter\" href='https:\/\/twitter.com\/share?text=Con%20actividad%20de%20senderismo%20Mindep-Ind%20refuerza%20educaci%C3%B3n%20ambiental%20y%20f%C3%ADsica%20a%20ni%C3%B1os%20de%20%C2%ABCentro%20de%20Cuidados%20de%20Verano%C2%BB&#038;url=https:\/\/radiorevelacionfm.cl\/?p=2716' aria-hidden='false' data-av_icon='\ue8f1' data-av_iconfont='entypo-fontello' title='' data-avia-related-tooltip='Compartir en Twitter' rel=\"noopener\"><span class='avia_hidden_link_text'>Compartir en Twitter<\/span><\/a><\/li><li class='av-share-link av-social-link-whatsapp' ><a target=\"_blank\" aria-label=\"Compartir en Whatsapp\" href='https:\/\/api.whatsapp.com\/send?text=https:\/\/radiorevelacionfm.cl\/?p=2716' aria-hidden='false' data-av_icon='\uf232' data-av_iconfont='entypo-fontello' title='' data-avia-related-tooltip='Compartir en Whatsapp' rel=\"noopener\"><span class='avia_hidden_link_text'>Compartir en Whatsapp<\/span><\/a><\/li><li class='av-share-link av-social-link-linkedin' ><a target=\"_blank\" aria-label=\"Compartir en LinkedIn\" href='https:\/\/linkedin.com\/shareArticle?mini=true&#038;title=Con%20actividad%20de%20senderismo%20Mindep-Ind%20refuerza%20educaci%C3%B3n%20ambiental%20y%20f%C3%ADsica%20a%20ni%C3%B1os%20de%20%C2%ABCentro%20de%20Cuidados%20de%20Verano%C2%BB&#038;url=https:\/\/radiorevelacionfm.cl\/?p=2716' aria-hidden='false' data-av_icon='\ue8fc' data-av_iconfont='entypo-fontello' title='' data-avia-related-tooltip='Compartir en LinkedIn' rel=\"noopener\"><span class='avia_hidden_link_text'>Compartir en LinkedIn<\/span><\/a><\/li><li class='av-share-link av-social-link-mail' ><a  aria-label=\"Compartir por correo\" href='mailto:?subject=Con%20actividad%20de%20senderismo%20Mindep-Ind%20refuerza%20educaci%C3%B3n%20ambiental%20y%20f%C3%ADsica%20a%20ni%C3%B1os%20de%20%C2%ABCentro%20de%20Cuidados%20de%20Verano%C2%BB&#038;body=https:\/\/radiorevelacionfm.cl\/?p=2716' aria-hidden='false' data-av_icon='\ue805' data-av_iconfont='entypo-fontello' title='' data-avia-related-tooltip='Compartir por correo'><span class='avia_hidden_link_text'>Compartir por correo<\/span><\/a><\/li><\/ul><\/div><\/div>\n<div  style='height:50px' class='hr hr-invisible   avia-builder-el-8  el_after_av_social_share  el_before_av_comments_list '><span class='hr-inner ' ><span class='hr-inner-style'><\/span><\/span><\/div>\n<div  class='av-buildercomment  av-blog-meta-html-info-disabled av-blog-meta-tag-disabled  '><\/div>\n","protected":false},"excerpt":{"rendered":"","protected":false},"author":1,"featured_media":0,"comment_status":"open","ping_status":"open","sticky":false,"template":"","format":"standard","meta":{"footnotes":""},"categories":[40],"tags":[],"class_list":["post-2716","post","type-post","status-publish","format-standard","hentry","category-deportes"],"jetpack_featured_media_url":"","_links":{"self":[{"href":"https:\/\/radiorevelacionfm.cl\/index.php?rest_route=\/wp\/v2\/posts\/2716","targetHints":{"allow":["GET"]}}],"collection":[{"href":"https:\/\/radiorevelacionfm.cl\/index.php?rest_route=\/wp\/v2\/posts"}],"about":[{"href":"https:\/\/radiorevelacionfm.cl\/index.php?rest_route=\/wp\/v2\/types\/post"}],"author":[{"embeddable":true,"href":"https:\/\/radiorevelacionfm.cl\/index.php?rest_route=\/wp\/v2\/users\/1"}],"replies":[{"embeddable":true,"href":"https:\/\/radiorevelacionfm.cl\/index.php?rest_route=%2Fwp%2Fv2%2Fcomments&post=2716"}],"version-history":[{"count":3,"href":"https:\/\/radiorevelacionfm.cl\/index.php?rest_route=\/wp\/v2\/posts\/2716\/revisions"}],"predecessor-version":[{"id":2720,"href":"https:\/\/radiorevelacionfm.cl\/index.php?rest_route=\/wp\/v2\/posts\/2716\/revisions\/2720"}],"wp:attachment":[{"href":"https:\/\/radiorevelacionfm.cl\/index.php?rest_route=%2Fwp%2Fv2%2Fmedia&parent=2716"}],"wp:term":[{"taxonomy":"category","embeddable":true,"href":"https:\/\/radiorevelacionfm.cl\/index.php?rest_route=%2Fwp%2Fv2%2Fcategories&post=2716"},{"taxonomy":"post_tag","embeddable":true,"href":"https:\/\/radiorevelacionfm.cl\/index.php?rest_route=%2Fwp%2Fv2%2Ftags&post=2716"}],"curies":[{"name":"wp","href":"https:\/\/api.w.org\/{rel}","templated":true}]}}