{"id":27157,"date":"2023-01-27T17:23:26","date_gmt":"2023-01-27T20:23:26","guid":{"rendered":"https:\/\/radiorevelacionfm.cl\/?p=27157"},"modified":"2023-01-27T17:23:26","modified_gmt":"2023-01-27T20:23:26","slug":"ministro-mop-y-cchc-coyhaique-abordan-iniciativas-de-conectividad-regional-y-medidas-que-aceleren-la-inversion","status":"publish","type":"post","link":"https:\/\/radiorevelacionfm.cl\/?p=27157","title":{"rendered":"Ministro MOP y CChC Coyhaique abordan iniciativas de conectividad regional y medidas que aceleren la inversi\u00f3n"},"content":{"rendered":"<div class=\"flex_column av_one_full  flex_column_div av-zero-column-padding first  avia-builder-el-0  el_before_av_one_full  avia-builder-el-first  \" style='border-radius:0px; '><div  class='avia-image-container  av-styling-    avia-builder-el-1  avia-builder-el-no-sibling  avia-align-center '  itemprop=\"image\" itemscope=\"itemscope\" itemtype=\"https:\/\/schema.org\/ImageObject\"  ><div class='avia-image-container-inner'><div class='avia-image-overlay-wrap'><img decoding=\"async\" class='wp-image-27158 avia-img-lazy-loading-not-27158 avia_image' src=\"https:\/\/radiorevelacionfm.cl\/wp-content\/uploads\/2023\/01\/IMG-20230124-WA0005-1-1.jpg\" alt='' title='IMG-20230124-WA0005 (1) (1)' height=\"600\" width=\"800\"  itemprop=\"thumbnailUrl\" srcset=\"https:\/\/radiorevelacionfm.cl\/wp-content\/uploads\/2023\/01\/IMG-20230124-WA0005-1-1.jpg 800w, https:\/\/radiorevelacionfm.cl\/wp-content\/uploads\/2023\/01\/IMG-20230124-WA0005-1-1-300x225.jpg 300w, https:\/\/radiorevelacionfm.cl\/wp-content\/uploads\/2023\/01\/IMG-20230124-WA0005-1-1-768x576.jpg 768w, https:\/\/radiorevelacionfm.cl\/wp-content\/uploads\/2023\/01\/IMG-20230124-WA0005-1-1-705x529.jpg 705w, https:\/\/radiorevelacionfm.cl\/wp-content\/uploads\/2023\/01\/IMG-20230124-WA0005-1-1-600x450.jpg 600w\" sizes=\"(max-width: 800px) 100vw, 800px\" \/><\/div><\/div><\/div><\/div><div class=\"flex_column av_one_full  flex_column_div av-zero-column-padding first  avia-builder-el-2  el_after_av_one_full  el_before_av_one_full  column-top-margin\" style='border-radius:0px; '><section class=\"av_textblock_section \"  itemscope=\"itemscope\" itemtype=\"https:\/\/schema.org\/BlogPosting\" itemprop=\"blogPost\" ><div class='avia_textblock  '   itemprop=\"text\" ><p style=\"text-align: center;\"><span style=\"font-size: 18pt;\"><b>Ministro MOP y CChC Coyhaique abordan iniciativas de conectividad regional y medidas que aceleren la inversi\u00f3n<\/b><\/span><\/p>\n<div id=\"gtx-trans\" style=\"position: absolute; left: -50px; top: 4.31534px;\">\n<div class=\"gtx-trans-icon\"><\/div>\n<\/div>\n<\/div><\/section><\/div><div class=\"flex_column av_one_full  flex_column_div av-zero-column-padding first  avia-builder-el-4  el_after_av_one_full  el_before_av_hr  column-top-margin\" style='border-radius:0px; '><section class=\"av_textblock_section \"  itemscope=\"itemscope\" itemtype=\"https:\/\/schema.org\/BlogPosting\" itemprop=\"blogPost\" ><div class='avia_textblock  '   itemprop=\"text\" ><p style=\"text-align: justify;\">Concretar medidas que permitan continuar con obras y proyectos detenidos o en proceso de licitaci\u00f3n, actualizar decretos y normativas, y avanzar en la reactivaci\u00f3n regional, fueron algunos de los temas planteados por la presidenta de la CChC Coyhaique, Alejandra Alert, al ministro de Obras P\u00fablicas, Juan Carlos Garc\u00eda, en su visita a la Regi\u00f3n de Ays\u00e9n.<\/p>\n<p style=\"text-align: justify;\">\u00abCuando existe la disposici\u00f3n y voluntad de sentarse a conversar, buscando soluciones a temas de inter\u00e9s regional, que permiten mejorar la calidad de vida de quienes habitamos esta regi\u00f3n con propuestas claras y responsabilidades asignadas, es posible lograr un trabajo concreto, con resultados que contribuyan con el desarrollo del sector, dando certezas a las empresas y permitiendo avanzar en reactivar la actividad de nuestra industria\u00bb, expres\u00f3 la presidenta Coyhaique CChC Alejandra Alert.<\/p>\n<p style=\"text-align: justify;\">Entre las principales inquietudes planteadas por la autoridad gremial al ministro, est\u00e1 el estado de la Ruta 7 y c\u00f3mo afecta a los diferentes sectores productivos, dado que seg\u00fan datos entregados por la cartera, el 20% de la carretera austral est\u00e1 pavimentada.<\/p>\n<p style=\"text-align: justify;\">El gremio regional, en su rol de aportar al desarrollo de la regi\u00f3n, hizo entrega de propuestas claras que permitir\u00e1n mejorar la competitividad de las empresas del sector; por su parte, el Ministro se comprometi\u00f3 a analizarlas y ver los impactos de \u00e9stas junto a la Directora General de Obras P\u00fablicas (DGOP).<\/p>\n<p style=\"text-align: justify;\">El ministro de Obras P\u00fablicas, Juan Carlos Garc\u00eda, manifest\u00f3 que \u00abes fundamental tener una interacci\u00f3n permanente con todos los actores de la construcci\u00f3n, para mejorar la coordinaci\u00f3n, apurar procesos y obras, todo siempre en beneficio de las comunidades\u00bb, adem\u00e1s Garc\u00eda, fue enf\u00e1tico, agregando que, \u00abmantenemos una relaci\u00f3n estrecha con la CChC y la reuni\u00f3n con sus representantes en Ays\u00e9n fue muy positiva, para obras sobre los desaf\u00edos que tenemos este a\u00f1o y los futuros proyectos\u00bb.<\/p>\n<\/div><\/section><\/div><div  style='height:50px' class='hr hr-invisible   avia-builder-el-6  el_after_av_one_full  el_before_av_social_share '><span class='hr-inner ' ><span class='hr-inner-style'><\/span><\/span><\/div><\/p>\n<div  class='av-social-sharing-box  avia-builder-el-7  el_after_av_hr  el_before_av_hr  '><div class='av-share-box'><h5 class='av-share-link-description av-no-toc '>Compartir esta noticia<\/h5><ul class='av-share-box-list noLightbox'><li class='av-share-link av-social-link-facebook' ><a target=\"_blank\" aria-label=\"Compartir en Facebook\" href='https:\/\/www.facebook.com\/sharer.php?u=https:\/\/radiorevelacionfm.cl\/?p=27157&#038;t=Ministro%20MOP%20y%20CChC%20Coyhaique%20abordan%20iniciativas%20de%20conectividad%20regional%20y%20medidas%20que%20aceleren%20la%20inversi%C3%B3n' aria-hidden='false' data-av_icon='\ue8f3' data-av_iconfont='entypo-fontello' title='' data-avia-related-tooltip='Compartir en Facebook' rel=\"noopener\"><span class='avia_hidden_link_text'>Compartir en Facebook<\/span><\/a><\/li><li class='av-share-link av-social-link-twitter' ><a target=\"_blank\" aria-label=\"Compartir en Twitter\" href='https:\/\/twitter.com\/share?text=Ministro%20MOP%20y%20CChC%20Coyhaique%20abordan%20iniciativas%20de%20conectividad%20regional%20y%20medidas%20que%20aceleren%20la%20inversi%C3%B3n&#038;url=https:\/\/radiorevelacionfm.cl\/?p=27157' aria-hidden='false' data-av_icon='\ue8f1' data-av_iconfont='entypo-fontello' title='' data-avia-related-tooltip='Compartir en Twitter' rel=\"noopener\"><span class='avia_hidden_link_text'>Compartir en Twitter<\/span><\/a><\/li><li class='av-share-link av-social-link-whatsapp' ><a target=\"_blank\" aria-label=\"Compartir en Whatsapp\" href='https:\/\/api.whatsapp.com\/send?text=https:\/\/radiorevelacionfm.cl\/?p=27157' aria-hidden='false' data-av_icon='\uf232' data-av_iconfont='entypo-fontello' title='' data-avia-related-tooltip='Compartir en Whatsapp' rel=\"noopener\"><span class='avia_hidden_link_text'>Compartir en Whatsapp<\/span><\/a><\/li><li class='av-share-link av-social-link-linkedin' ><a target=\"_blank\" aria-label=\"Compartir en LinkedIn\" href='https:\/\/linkedin.com\/shareArticle?mini=true&#038;title=Ministro%20MOP%20y%20CChC%20Coyhaique%20abordan%20iniciativas%20de%20conectividad%20regional%20y%20medidas%20que%20aceleren%20la%20inversi%C3%B3n&#038;url=https:\/\/radiorevelacionfm.cl\/?p=27157' aria-hidden='false' data-av_icon='\ue8fc' data-av_iconfont='entypo-fontello' title='' data-avia-related-tooltip='Compartir en LinkedIn' rel=\"noopener\"><span class='avia_hidden_link_text'>Compartir en LinkedIn<\/span><\/a><\/li><li class='av-share-link av-social-link-mail' ><a  aria-label=\"Compartir por correo\" href='mailto:?subject=Ministro%20MOP%20y%20CChC%20Coyhaique%20abordan%20iniciativas%20de%20conectividad%20regional%20y%20medidas%20que%20aceleren%20la%20inversi%C3%B3n&#038;body=https:\/\/radiorevelacionfm.cl\/?p=27157' aria-hidden='false' data-av_icon='\ue805' data-av_iconfont='entypo-fontello' title='' data-avia-related-tooltip='Compartir por correo'><span class='avia_hidden_link_text'>Compartir por correo<\/span><\/a><\/li><\/ul><\/div><\/div>\n<div  style='height:50px' class='hr hr-invisible   avia-builder-el-8  el_after_av_social_share  el_before_av_comments_list '><span class='hr-inner ' ><span class='hr-inner-style'><\/span><\/span><\/div>\n<div  class='av-buildercomment  av-blog-meta-html-info-disabled av-blog-meta-tag-disabled  '><\/div>\n","protected":false},"excerpt":{"rendered":"","protected":false},"author":1,"featured_media":27158,"comment_status":"open","ping_status":"open","sticky":false,"template":"","format":"standard","meta":{"footnotes":""},"categories":[38],"tags":[],"class_list":["post-27157","post","type-post","status-publish","format-standard","has-post-thumbnail","hentry","category-regional"],"jetpack_featured_media_url":"https:\/\/radiorevelacionfm.cl\/wp-content\/uploads\/2023\/01\/IMG-20230124-WA0005-1-1.jpg","_links":{"self":[{"href":"https:\/\/radiorevelacionfm.cl\/index.php?rest_route=\/wp\/v2\/posts\/27157","targetHints":{"allow":["GET"]}}],"collection":[{"href":"https:\/\/radiorevelacionfm.cl\/index.php?rest_route=\/wp\/v2\/posts"}],"about":[{"href":"https:\/\/radiorevelacionfm.cl\/index.php?rest_route=\/wp\/v2\/types\/post"}],"author":[{"embeddable":true,"href":"https:\/\/radiorevelacionfm.cl\/index.php?rest_route=\/wp\/v2\/users\/1"}],"replies":[{"embeddable":true,"href":"https:\/\/radiorevelacionfm.cl\/index.php?rest_route=%2Fwp%2Fv2%2Fcomments&post=27157"}],"version-history":[{"count":2,"href":"https:\/\/radiorevelacionfm.cl\/index.php?rest_route=\/wp\/v2\/posts\/27157\/revisions"}],"predecessor-version":[{"id":27173,"href":"https:\/\/radiorevelacionfm.cl\/index.php?rest_route=\/wp\/v2\/posts\/27157\/revisions\/27173"}],"wp:featuredmedia":[{"embeddable":true,"href":"https:\/\/radiorevelacionfm.cl\/index.php?rest_route=\/wp\/v2\/media\/27158"}],"wp:attachment":[{"href":"https:\/\/radiorevelacionfm.cl\/index.php?rest_route=%2Fwp%2Fv2%2Fmedia&parent=27157"}],"wp:term":[{"taxonomy":"category","embeddable":true,"href":"https:\/\/radiorevelacionfm.cl\/index.php?rest_route=%2Fwp%2Fv2%2Fcategories&post=27157"},{"taxonomy":"post_tag","embeddable":true,"href":"https:\/\/radiorevelacionfm.cl\/index.php?rest_route=%2Fwp%2Fv2%2Ftags&post=27157"}],"curies":[{"name":"wp","href":"https:\/\/api.w.org\/{rel}","templated":true}]}}