{"id":27153,"date":"2023-01-27T15:01:57","date_gmt":"2023-01-27T18:01:57","guid":{"rendered":"https:\/\/radiorevelacionfm.cl\/?p=27153"},"modified":"2023-01-27T15:01:57","modified_gmt":"2023-01-27T18:01:57","slug":"con-esquila-textil-colectivo-y-dia-de-campo-se-realizo-encuentro-de-artesanas-rurales","status":"publish","type":"post","link":"https:\/\/radiorevelacionfm.cl\/?p=27153","title":{"rendered":"Con esquila, textil colectivo y d\u00eda de campo se realiz\u00f3 encuentro de artesanas rurales"},"content":{"rendered":"<div class=\"flex_column av_one_full  flex_column_div av-zero-column-padding first  avia-builder-el-0  el_before_av_one_full  avia-builder-el-first  \" style='border-radius:0px; '><div  class='avia-image-container  av-styling-    avia-builder-el-1  avia-builder-el-no-sibling  avia-align-center '  itemprop=\"image\" itemscope=\"itemscope\" itemtype=\"https:\/\/schema.org\/ImageObject\"  ><div class='avia-image-container-inner'><div class='avia-image-overlay-wrap'><img decoding=\"async\" class='wp-image-27154 avia-img-lazy-loading-not-27154 avia_image' src=\"https:\/\/radiorevelacionfm.cl\/wp-content\/uploads\/2023\/01\/img_0922-1_optimized.jpg\" alt='' title='img_0922-(1)_optimized' height=\"600\" width=\"800\"  itemprop=\"thumbnailUrl\" srcset=\"https:\/\/radiorevelacionfm.cl\/wp-content\/uploads\/2023\/01\/img_0922-1_optimized.jpg 800w, https:\/\/radiorevelacionfm.cl\/wp-content\/uploads\/2023\/01\/img_0922-1_optimized-300x225.jpg 300w, https:\/\/radiorevelacionfm.cl\/wp-content\/uploads\/2023\/01\/img_0922-1_optimized-768x576.jpg 768w, https:\/\/radiorevelacionfm.cl\/wp-content\/uploads\/2023\/01\/img_0922-1_optimized-705x529.jpg 705w, https:\/\/radiorevelacionfm.cl\/wp-content\/uploads\/2023\/01\/img_0922-1_optimized-600x450.jpg 600w\" sizes=\"(max-width: 800px) 100vw, 800px\" \/><\/div><\/div><\/div><\/div><div class=\"flex_column av_one_full  flex_column_div av-zero-column-padding first  avia-builder-el-2  el_after_av_one_full  el_before_av_one_full  column-top-margin\" style='border-radius:0px; '><section class=\"av_textblock_section \"  itemscope=\"itemscope\" itemtype=\"https:\/\/schema.org\/BlogPosting\" itemprop=\"blogPost\" ><div class='avia_textblock  '   itemprop=\"text\" ><p dir=\"ltr\" style=\"text-align: center;\"><span style=\"font-size: 18pt;\"><strong>Con esquila, textil colectivo y d\u00eda de campo se realiz\u00f3 encuentro de artesanas rurales\u00a0<\/strong><\/span><\/p>\n<div id=\"gtx-trans\" style=\"position: absolute; left: -50px; top: 4.31534px;\">\n<div class=\"gtx-trans-icon\"><\/div>\n<\/div>\n<\/div><\/section><\/div><div class=\"flex_column av_one_full  flex_column_div av-zero-column-padding first  avia-builder-el-4  el_after_av_one_full  el_before_av_hr  column-top-margin\" style='border-radius:0px; '><section class=\"av_textblock_section \"  itemscope=\"itemscope\" itemtype=\"https:\/\/schema.org\/BlogPosting\" itemprop=\"blogPost\" ><div class='avia_textblock  '   itemprop=\"text\" ><p dir=\"ltr\" style=\"text-align: justify;\">Profundizar en la tradici\u00f3n lanera aysenina y tejer lazos de amistad, esa fue la consigna que reuni\u00f3 a 25 artesanas del lago Pollux y de Villa Ma\u00f1ihuales en una jornada desarrollada por la Organizaci\u00f3n Pulso Austral en el marco de su programa \u201cLaboratorios Creativos de Oficios Textiles\u201d.<\/p>\n<p dir=\"ltr\" style=\"text-align: justify;\">\u201cEsta jornada estuvo llena de muchas emociones\u201d, relata Enaldy Alvial, tejedora del lago Pollux, en la comuna de Coyhaique. La experiencia contempl\u00f3 poder recorrer los corrales, esquilar ovejas, aprender sobre razas y fibras laneras, compartir un asado patag\u00f3n, tejer una pieza colectiva, e intercambiar experiencias sobre asociatividad y textiler\u00eda.<\/p>\n<p dir=\"ltr\" style=\"text-align: justify;\">Bajo el sol de Cerro Galera, se realiz\u00f3 este encuentro que reuni\u00f3 a las artesanas de la Agrupaci\u00f3n Ribera de los Lagos y el Taller Ra\u00edces de Villa Ma\u00f1ihuales, junto a la representante Carolina Vargas de AG Artesanos de Ays\u00e9n y Susana Ojeda de Asociaci\u00f3n de Artesanos de Ma\u00f1ihuales. Un total de 25 mujeres rurales fueron convocadas por la Organizaci\u00f3n Pulso Austral para disfrutar un d\u00eda de campo en el Fundo Don Gerardo.<\/p>\n<p dir=\"ltr\" style=\"text-align: justify;\">\u201cEste encuentro permiti\u00f3 abrir un espacio de naturaleza, bienestar y tradici\u00f3n textil, donde surgieron conversaciones, aprendizajes, lazos de amistad y de colaboraci\u00f3n entre mujeres rurales que comparten el amor por los oficios textiles\u201d, coment\u00f3 Catalina Camus, representante de Pulso Austral, organizaci\u00f3n interdisciplinaria de mujeres que trabajan generando acciones para vincular a la comunidad desde la cultura y la educaci\u00f3n.<\/p>\n<p dir=\"ltr\" style=\"text-align: justify;\">La jornada comenz\u00f3 con las participantes presentando sus \u201ctareas\u201d tejidas que, por separado, hab\u00edan realizado en sus casas. La misi\u00f3n del primer espacio formativo fue unir con lana y aguja sus propias creaciones, donde las artesanas se reconocieron con sus pares a trav\u00e9s del oficio, un espacio creativo que las une pese a las diferencias geogr\u00e1ficas y generacionales de cada agrupaci\u00f3n. Posteriormente, se realiz\u00f3 una charla sobre clasificaci\u00f3n, propiedades y caracter\u00edsticas de las lanas, a cargo de la agr\u00f3noma regional, Sophia Peede, de Inia Tamel Aike.<\/p>\n<p dir=\"ltr\" style=\"text-align: justify;\">La historia del fundo y de la familia anfitriona tambi\u00e9n fue parte de la jornada, con un recorrido por el campo guiado por Alicia Haro. Incluso, tambi\u00e9n se vivi\u00f3 una tarde de esquila con las propias artesanas realizando una demostraci\u00f3n a sus compa\u00f1eras. \u201cUna de nuestras vecinas, Amanda Poblete, esquil\u00f3 con tijeron que es algo que hac\u00eda habitualmente y tuvo la oportunidad de esquilar con m\u00e1quina, algo que para ella fue bien emocionante porque ve\u00eda la m\u00e1quina como algo tan lejano, se atrevi\u00f3, lo hizo y le qued\u00f3 parejita su esquila\u201d, coment\u00f3 Alvial.<\/p>\n<p dir=\"ltr\" style=\"text-align: justify;\"><strong>Red de agrupaciones de artesanas<\/strong><\/p>\n<p dir=\"ltr\" style=\"text-align: justify;\">Al cierre de la jornada, hubo un espacio para reflexionar sobre asociatividad, uno de los temas centrales del programa que desarrolla Pulso Austral. Desde la organizaci\u00f3n, relevaron la importancia de estar agrupadas entre artesanas, de compartir las experiencias en torno a ello y de conformar una red a nivel regional que permita estar conectadas entre agrupaciones y territorios, desaf\u00edo que llevar\u00e1n a cabo durante este a\u00f1o.<\/p>\n<p dir=\"ltr\" style=\"text-align: justify;\">En ese contexto, la Presidenta de la Agrupaci\u00f3n Ribera de los Lagos, Enaldy Alvial, coment\u00f3 lo que signific\u00f3 para ellas esta jornada textil. \u201cFue un d\u00eda lleno de aprendizajes en distintos \u00e1mbitos\u2026 Como agrupaci\u00f3n nos estamos reintegrando despu\u00e9s de casi tres a\u00f1os, que se nos hizo dif\u00edcil juntarnos por concepto de pandemia y conectividad, donde nosotras vivimos no tenemos acceso a internet como para haber podido conectarnos por zoom y muchas tenemos patolog\u00edas de base que nos impidieron hacer esta uni\u00f3n f\u00edsica. Adem\u00e1s, tener la posibilidad de conocer a las artesanas del Taller Ra\u00edces de Ma\u00f1ihuales, que son un tremendo ejemplo para poder potenciarnos y seguir tras los pasos de ellas\u201d, se\u00f1al\u00f3 la dirigenta del Pollux.<\/p>\n<p dir=\"ltr\" style=\"text-align: justify;\">Mientras que desde Villa Ma\u00f1ihuales, valoraron la invitaci\u00f3n de Pulso Austral a poder compartir su experiencia en estos ocho a\u00f1os de vida como agrupaci\u00f3n, su receta para ser un grupo consolidado y activo. \u201cCon las artesanas del lago Pollux muchas ya nos conoc\u00edamos en otros temas, en la misma lana y en ferias, fue muy bonito escucharlas a ellas que se est\u00e1n reci\u00e9n formalizando y tratando de salir adelante en las artesan\u00edas con mucho sacrificio, pero con todas las ganas. Agradecerles a ellas que quisieron juntarse con nosotras para que les cont\u00e1ramos nuestra experiencia\u201d, coment\u00f3 Bernardita Lagos, Presidenta del Taller Ra\u00edces de Ma\u00f1ihuales.<\/p>\n<p dir=\"ltr\" style=\"text-align: justify;\">Finalmente, esta jornada textil se enmarc\u00f3 en el programa \u201cLaboratorios Creativos de Oficios Textiles\u201d, que en esta nueva versi\u00f3n es financiada por el FNDR 6% del Gobierno Regional de Ays\u00e9n. Un programa que desde el a\u00f1o 2019 lleva adelante la Organizaci\u00f3n Pulso Austral, impulsando espacios de vinculaci\u00f3n entre comunidades, donde se busca fortalecer el quehacer de las agrupaciones desde la experimentaci\u00f3n textil y colectiva. A la fecha, un total de nueve agrupaciones han trabajado con la organizaci\u00f3n, desde La Junta hasta Cochrane.<\/p>\n<div class=\"yj6qo\"><\/div>\n<\/div><\/section><\/div><div  style='height:50px' class='hr hr-invisible   avia-builder-el-6  el_after_av_one_full  el_before_av_social_share '><span class='hr-inner ' ><span class='hr-inner-style'><\/span><\/span><\/div><\/p>\n<div  class='av-social-sharing-box  avia-builder-el-7  el_after_av_hr  el_before_av_hr  '><div class='av-share-box'><h5 class='av-share-link-description av-no-toc '>Compartir esta noticia<\/h5><ul class='av-share-box-list noLightbox'><li class='av-share-link av-social-link-facebook' ><a target=\"_blank\" aria-label=\"Compartir en Facebook\" href='https:\/\/www.facebook.com\/sharer.php?u=https:\/\/radiorevelacionfm.cl\/?p=27153&#038;t=Con%20esquila%2C%20textil%20colectivo%20y%20d%C3%ADa%20de%20campo%20se%20realiz%C3%B3%20encuentro%20de%20artesanas%20rurales' aria-hidden='false' data-av_icon='\ue8f3' data-av_iconfont='entypo-fontello' title='' data-avia-related-tooltip='Compartir en Facebook' rel=\"noopener\"><span class='avia_hidden_link_text'>Compartir en Facebook<\/span><\/a><\/li><li class='av-share-link av-social-link-twitter' ><a target=\"_blank\" aria-label=\"Compartir en Twitter\" href='https:\/\/twitter.com\/share?text=Con%20esquila%2C%20textil%20colectivo%20y%20d%C3%ADa%20de%20campo%20se%20realiz%C3%B3%20encuentro%20de%20artesanas%20rurales&#038;url=https:\/\/radiorevelacionfm.cl\/?p=27153' aria-hidden='false' data-av_icon='\ue8f1' data-av_iconfont='entypo-fontello' title='' data-avia-related-tooltip='Compartir en Twitter' rel=\"noopener\"><span class='avia_hidden_link_text'>Compartir en Twitter<\/span><\/a><\/li><li class='av-share-link av-social-link-whatsapp' ><a target=\"_blank\" aria-label=\"Compartir en Whatsapp\" href='https:\/\/api.whatsapp.com\/send?text=https:\/\/radiorevelacionfm.cl\/?p=27153' aria-hidden='false' data-av_icon='\uf232' data-av_iconfont='entypo-fontello' title='' data-avia-related-tooltip='Compartir en Whatsapp' rel=\"noopener\"><span class='avia_hidden_link_text'>Compartir en Whatsapp<\/span><\/a><\/li><li class='av-share-link av-social-link-linkedin' ><a target=\"_blank\" aria-label=\"Compartir en LinkedIn\" href='https:\/\/linkedin.com\/shareArticle?mini=true&#038;title=Con%20esquila%2C%20textil%20colectivo%20y%20d%C3%ADa%20de%20campo%20se%20realiz%C3%B3%20encuentro%20de%20artesanas%20rurales&#038;url=https:\/\/radiorevelacionfm.cl\/?p=27153' aria-hidden='false' data-av_icon='\ue8fc' data-av_iconfont='entypo-fontello' title='' data-avia-related-tooltip='Compartir en LinkedIn' rel=\"noopener\"><span class='avia_hidden_link_text'>Compartir en LinkedIn<\/span><\/a><\/li><li class='av-share-link av-social-link-mail' ><a  aria-label=\"Compartir por correo\" href='mailto:?subject=Con%20esquila%2C%20textil%20colectivo%20y%20d%C3%ADa%20de%20campo%20se%20realiz%C3%B3%20encuentro%20de%20artesanas%20rurales&#038;body=https:\/\/radiorevelacionfm.cl\/?p=27153' aria-hidden='false' data-av_icon='\ue805' data-av_iconfont='entypo-fontello' title='' data-avia-related-tooltip='Compartir por correo'><span class='avia_hidden_link_text'>Compartir por correo<\/span><\/a><\/li><\/ul><\/div><\/div>\n<div  style='height:50px' class='hr hr-invisible   avia-builder-el-8  el_after_av_social_share  el_before_av_comments_list '><span class='hr-inner ' ><span class='hr-inner-style'><\/span><\/span><\/div>\n<div  class='av-buildercomment  av-blog-meta-html-info-disabled av-blog-meta-tag-disabled  '><\/div>\n","protected":false},"excerpt":{"rendered":"","protected":false},"author":1,"featured_media":27154,"comment_status":"open","ping_status":"open","sticky":false,"template":"","format":"standard","meta":{"footnotes":""},"categories":[38],"tags":[],"class_list":["post-27153","post","type-post","status-publish","format-standard","has-post-thumbnail","hentry","category-regional"],"jetpack_featured_media_url":"https:\/\/radiorevelacionfm.cl\/wp-content\/uploads\/2023\/01\/img_0922-1_optimized.jpg","_links":{"self":[{"href":"https:\/\/radiorevelacionfm.cl\/index.php?rest_route=\/wp\/v2\/posts\/27153","targetHints":{"allow":["GET"]}}],"collection":[{"href":"https:\/\/radiorevelacionfm.cl\/index.php?rest_route=\/wp\/v2\/posts"}],"about":[{"href":"https:\/\/radiorevelacionfm.cl\/index.php?rest_route=\/wp\/v2\/types\/post"}],"author":[{"embeddable":true,"href":"https:\/\/radiorevelacionfm.cl\/index.php?rest_route=\/wp\/v2\/users\/1"}],"replies":[{"embeddable":true,"href":"https:\/\/radiorevelacionfm.cl\/index.php?rest_route=%2Fwp%2Fv2%2Fcomments&post=27153"}],"version-history":[{"count":2,"href":"https:\/\/radiorevelacionfm.cl\/index.php?rest_route=\/wp\/v2\/posts\/27153\/revisions"}],"predecessor-version":[{"id":27168,"href":"https:\/\/radiorevelacionfm.cl\/index.php?rest_route=\/wp\/v2\/posts\/27153\/revisions\/27168"}],"wp:featuredmedia":[{"embeddable":true,"href":"https:\/\/radiorevelacionfm.cl\/index.php?rest_route=\/wp\/v2\/media\/27154"}],"wp:attachment":[{"href":"https:\/\/radiorevelacionfm.cl\/index.php?rest_route=%2Fwp%2Fv2%2Fmedia&parent=27153"}],"wp:term":[{"taxonomy":"category","embeddable":true,"href":"https:\/\/radiorevelacionfm.cl\/index.php?rest_route=%2Fwp%2Fv2%2Fcategories&post=27153"},{"taxonomy":"post_tag","embeddable":true,"href":"https:\/\/radiorevelacionfm.cl\/index.php?rest_route=%2Fwp%2Fv2%2Ftags&post=27153"}],"curies":[{"name":"wp","href":"https:\/\/api.w.org\/{rel}","templated":true}]}}