{"id":27144,"date":"2023-01-27T10:56:07","date_gmt":"2023-01-27T13:56:07","guid":{"rendered":"https:\/\/radiorevelacionfm.cl\/?p=27144"},"modified":"2023-01-27T10:56:07","modified_gmt":"2023-01-27T13:56:07","slug":"ruta-del-palena-se-consagra-como-el-evento-deportivo-de-la-region-de-aysen","status":"publish","type":"post","link":"https:\/\/radiorevelacionfm.cl\/?p=27144","title":{"rendered":"Ruta del Palena se consagra como el evento deportivo de la Regi\u00f3n de Ays\u00e9n"},"content":{"rendered":"<div class=\"flex_column av_one_full  flex_column_div av-zero-column-padding first  avia-builder-el-0  el_before_av_one_full  avia-builder-el-first  \" style='border-radius:0px; '><div  class='avia-image-container  av-styling-    avia-builder-el-1  avia-builder-el-no-sibling  avia-align-center '  itemprop=\"image\" itemscope=\"itemscope\" itemtype=\"https:\/\/schema.org\/ImageObject\"  ><div class='avia-image-container-inner'><div class='avia-image-overlay-wrap'><img decoding=\"async\" class='wp-image-27145 avia-img-lazy-loading-not-27145 avia_image' src=\"https:\/\/radiorevelacionfm.cl\/wp-content\/uploads\/2023\/01\/RUTA-DEL-PALENA-7-1-1.jpeg\" alt='' title='RUTA DEL PALENA 7 (1) (1)' height=\"600\" width=\"798\"  itemprop=\"thumbnailUrl\" srcset=\"https:\/\/radiorevelacionfm.cl\/wp-content\/uploads\/2023\/01\/RUTA-DEL-PALENA-7-1-1.jpeg 798w, https:\/\/radiorevelacionfm.cl\/wp-content\/uploads\/2023\/01\/RUTA-DEL-PALENA-7-1-1-300x226.jpeg 300w, https:\/\/radiorevelacionfm.cl\/wp-content\/uploads\/2023\/01\/RUTA-DEL-PALENA-7-1-1-768x577.jpeg 768w, https:\/\/radiorevelacionfm.cl\/wp-content\/uploads\/2023\/01\/RUTA-DEL-PALENA-7-1-1-705x530.jpeg 705w, https:\/\/radiorevelacionfm.cl\/wp-content\/uploads\/2023\/01\/RUTA-DEL-PALENA-7-1-1-600x451.jpeg 600w\" sizes=\"(max-width: 798px) 100vw, 798px\" \/><\/div><\/div><\/div><\/div><div class=\"flex_column av_one_full  flex_column_div av-zero-column-padding first  avia-builder-el-2  el_after_av_one_full  el_before_av_one_full  column-top-margin\" style='border-radius:0px; '><section class=\"av_textblock_section \"  itemscope=\"itemscope\" itemtype=\"https:\/\/schema.org\/BlogPosting\" itemprop=\"blogPost\" ><div class='avia_textblock  '   itemprop=\"text\" ><p style=\"text-align: center;\"><strong><span style=\"font-size: 18pt;\">Ruta del Palena se consagra como el evento deportivo de la Regi\u00f3n de Ays\u00e9n<\/span><\/strong><\/p>\n<div id=\"gtx-trans\" style=\"position: absolute; left: -50px; top: 4.31534px;\">\n<div class=\"gtx-trans-icon\"><\/div>\n<\/div>\n<\/div><\/section><\/div><div class=\"flex_column av_one_full  flex_column_div av-zero-column-padding first  avia-builder-el-4  el_after_av_one_full  el_before_av_hr  column-top-margin\" style='border-radius:0px; '><section class=\"av_textblock_section \"  itemscope=\"itemscope\" itemtype=\"https:\/\/schema.org\/BlogPosting\" itemprop=\"blogPost\" ><div class='avia_textblock  '   itemprop=\"text\" ><p style=\"text-align: justify;\">La versi\u00f3n n\u00famero 12 del Descenso Ruta del Palena, congreg\u00f3 a deportistas nacionales e incluso extranjeros, que disfrutaron 4 d\u00edas de turismo aventura en la zona norte de la regi\u00f3n de Ays\u00e9n.<\/p>\n<p style=\"text-align: justify;\">Con gran \u00e9xito se desarroll\u00f3 una nueva versi\u00f3n del descenso colectivo \u201cRuta del Palena\u201d 2023 el pasado fin de semana, donde los participantes debieron recorrer alrededor de 240 kil\u00f3metros desde la Cuenca de Palena hasta Puerto Ra\u00fal Mar\u00edn Balmaceda, uniendo las regiones de Los Lagos y Ays\u00e9n.<\/p>\n<p style=\"text-align: justify;\">Este evento deportivo bi \u2013 regional, viene a posicionar el turismo aventura en nuestro territorio, con un trabajo en conjunto con la Comuna de Palena. As\u00ed lo se\u00f1al\u00f3 el alcalde de la Comuna de Cisnes, Francisco Roncagliolo Lepio.<\/p>\n<p style=\"text-align: justify;\">\u201cNosotros agradecemos el trabajo mancomunado que hemos llevado con nuestra vecina comuna de Palena con esta bajada de rio que va de cordillera a mar, es una bajada ya instalada dentro de las 2 comunas, es una sinergia importante de colaboraci\u00f3n y apoyo que hacemos mutuamente, pensando y fortaleciendo el turismo, y obviamente generando una actividad distinta a la cual la gente puede recurrir, as\u00ed que estamos muy contentos con esta versi\u00f3n, que se haya completado\u00a0 y finalizado en Ra\u00fal Mar\u00edn Balmaceda , y que obviamente dejo muy contentos a los participantes , pero tambi\u00e9n genero un apoyo no menor en la econom\u00eda local\u201d, manifest\u00f3 el edil comunal.<\/p>\n<p style=\"text-align: justify;\">Este evento se posiciona cada a\u00f1o como el principal destino de la Patagonia Norte, as\u00ed lo recalc\u00f3 el Director de Corfo Ays\u00e9n, Humberto Mar\u00edn Leiva, instituci\u00f3n siempre presente en las actividades deportivas y de turismo aventura.<\/p>\n<p style=\"text-align: justify;\">\u201cLa Ruta del Palena se est\u00e1 consolidando como un destino tur\u00edstico birregional, atrayendo a un gran n\u00famero de personas a los deportes de aventura y naturaleza, que crecen cada a\u00f1o. No cabe duda, de que este tipo de eventos han contribuido en gran medida al desarrollo de la regi\u00f3n y contin\u00faan posicion\u00e1ndola como un destino de turismo aventura, un concepto que, desde Corfo a trav\u00e9s de nuestro Programa Per Turismo Ays\u00e9n, trabajamos por seguir posicionando fuera de las fronteras regionales\u201d, se\u00f1al\u00f3 el director de Corfo recalcando que el trabajo p\u00fablico-privado es fundamental para lograr este prop\u00f3sito.<\/p>\n<p style=\"text-align: justify;\">A pesar del cambio de fecha, que inicialmente era los primeros d\u00edas de febrero, esta nueva versi\u00f3n congreg\u00f3 a muchos participantes provenientes de diferentes lugares de la regi\u00f3n, Chile y del extranjero, as\u00ed lo destac\u00f3 Rub\u00e9n Gallardo, coordinador del descenso colectivo de la \u201cRuta del Palena\u201d.<\/p>\n<p style=\"text-align: justify;\">\u201cComo es costumbre este a\u00f1o contamos con participantes de diversos sectores de Chile, reuniendo en el rio m\u00e1s de 50 personas las cuales llegamos a Ra\u00fal Mar\u00edn Balmaceda, finalizando el evento el d\u00eda 21 de enero. Mencionar tambi\u00e9n que este evento se realizaba en un principio el primer fin de semana de febrero de cada a\u00f1o, haciendo coincidir con la fiesta costumbrista de RMB, este a\u00f1o decimos cambiar la fecha, porque hay otro evento que se lanza en los mismos d\u00edas, casi parecido al nuestro, entonces se prestada para confusiones, por eso cambiamos y hoy en d\u00eda lo haremos en enero\u201d, manifest\u00f3 Rub\u00e9n quien adem\u00e1s agradeci\u00f3 la colaboraci\u00f3n de la Municipalidad de Cisnes a trav\u00e9s de Lorena encargada de Fomento y Turismo, Municipalidad de Palena, Per Turismo Ays\u00e9n, FAO que tambi\u00e9n colabor\u00f3 en esta versi\u00f3n, Fundaci\u00f3n Melimoyu, que a \u00faltimo momento se sum\u00f3 al evento, esperando seguir con su apoyo constantes en este tipo de iniciativas, as\u00ed como tambi\u00e9n a las personas encargadas de la log\u00edstica e apoyo de rescate.<\/p>\n<p style=\"text-align: justify;\">Una de las instituciones siempre presente en las actividades de turismo aventura es Per Turismo Ays\u00e9n, que cada a\u00f1o apoya la Ruta del Palena. \u201cNuevamente se est\u00e1 apoyando en el evento bio regional Bajada Ruta del Palena, la cual tuvo una muy buena participaci\u00f3n de este a\u00f1o 2023, el cual se cambio la fecha, a pesar de eso tuvo una excelente convocatoria , una muy buena percepci\u00f3n por parte de los participantes, vino gente de muchas partes del pa\u00eds, tambi\u00e9n tuvimos turistas extranjeros, se agradece mucho la motivaci\u00f3n por parte de los dos municipios de Palena y de Cisnes,\u00a0 es un evento que ya est\u00e1 establecido durante el tiempo y yo creo que va ser un evento que va a marcar la diferencia durante los pr\u00f3ximos a\u00f1os\u201d, destac\u00f3 Rolf Traeger, Director de Per turismo Regi\u00f3n de Ays\u00e9n.<\/p>\n<p style=\"text-align: justify;\">Este a\u00f1o se sum\u00f3 el apoyo y colaboraci\u00f3n del Proyecto GEF Gobernanza Marino Costera, proyecto que busca fortalecer las comunidades y su entorno natural.<\/p>\n<p style=\"text-align: justify;\">\u201cPara nosotros\u00a0 es muy importante participar de las actividades que realizan los territorios porque uno de los elementos principales de nuestra iniciativa es el fortalecimiento de las comunidades, y la bajada del Palena representa ese trabajo colectivo que permite ir construyendo comunidad en conjunto con las autoridades. Adem\u00e1s, permite ir probando nuevas experiencias tur\u00edsticas basada en naturaleza y cultura local, y adem\u00e1s van dando vida al pladetur de la Comuna de Cisnes\u201d, manifest\u00f3 Manuela Erazo, Coordinadora Nacional del Proyecto GEF Gobernanza Marino Costera.<\/p>\n<p style=\"text-align: justify;\">La invitaci\u00f3n es para todos los deportistas y amantes del turismo aventura a participar de una nueva versi\u00f3n 2024, consagrando la Ruta del Palena como destino tur\u00edstico a nivel nacional y mundial, rodeado de paisajes paradisiacos.<\/p>\n<\/div><\/section><\/div><div  style='height:50px' class='hr hr-invisible   avia-builder-el-6  el_after_av_one_full  el_before_av_social_share '><span class='hr-inner ' ><span class='hr-inner-style'><\/span><\/span><\/div><\/p>\n<div  class='av-social-sharing-box  avia-builder-el-7  el_after_av_hr  el_before_av_hr  '><div class='av-share-box'><h5 class='av-share-link-description av-no-toc '>Compartir esta noticia<\/h5><ul class='av-share-box-list noLightbox'><li class='av-share-link av-social-link-facebook' ><a target=\"_blank\" aria-label=\"Compartir en Facebook\" href='https:\/\/www.facebook.com\/sharer.php?u=https:\/\/radiorevelacionfm.cl\/?p=27144&#038;t=Ruta%20del%20Palena%20se%20consagra%20como%20el%20evento%20deportivo%20de%20la%20Regi%C3%B3n%20de%20Ays%C3%A9n' aria-hidden='false' data-av_icon='\ue8f3' data-av_iconfont='entypo-fontello' title='' data-avia-related-tooltip='Compartir en Facebook' rel=\"noopener\"><span class='avia_hidden_link_text'>Compartir en Facebook<\/span><\/a><\/li><li class='av-share-link av-social-link-twitter' ><a target=\"_blank\" aria-label=\"Compartir en Twitter\" href='https:\/\/twitter.com\/share?text=Ruta%20del%20Palena%20se%20consagra%20como%20el%20evento%20deportivo%20de%20la%20Regi%C3%B3n%20de%20Ays%C3%A9n&#038;url=https:\/\/radiorevelacionfm.cl\/?p=27144' aria-hidden='false' data-av_icon='\ue8f1' data-av_iconfont='entypo-fontello' title='' data-avia-related-tooltip='Compartir en Twitter' rel=\"noopener\"><span class='avia_hidden_link_text'>Compartir en Twitter<\/span><\/a><\/li><li class='av-share-link av-social-link-whatsapp' ><a target=\"_blank\" aria-label=\"Compartir en Whatsapp\" href='https:\/\/api.whatsapp.com\/send?text=https:\/\/radiorevelacionfm.cl\/?p=27144' aria-hidden='false' data-av_icon='\uf232' data-av_iconfont='entypo-fontello' title='' data-avia-related-tooltip='Compartir en Whatsapp' rel=\"noopener\"><span class='avia_hidden_link_text'>Compartir en Whatsapp<\/span><\/a><\/li><li class='av-share-link av-social-link-linkedin' ><a target=\"_blank\" aria-label=\"Compartir en LinkedIn\" href='https:\/\/linkedin.com\/shareArticle?mini=true&#038;title=Ruta%20del%20Palena%20se%20consagra%20como%20el%20evento%20deportivo%20de%20la%20Regi%C3%B3n%20de%20Ays%C3%A9n&#038;url=https:\/\/radiorevelacionfm.cl\/?p=27144' aria-hidden='false' data-av_icon='\ue8fc' data-av_iconfont='entypo-fontello' title='' data-avia-related-tooltip='Compartir en LinkedIn' rel=\"noopener\"><span class='avia_hidden_link_text'>Compartir en LinkedIn<\/span><\/a><\/li><li class='av-share-link av-social-link-mail' ><a  aria-label=\"Compartir por correo\" href='mailto:?subject=Ruta%20del%20Palena%20se%20consagra%20como%20el%20evento%20deportivo%20de%20la%20Regi%C3%B3n%20de%20Ays%C3%A9n&#038;body=https:\/\/radiorevelacionfm.cl\/?p=27144' aria-hidden='false' data-av_icon='\ue805' data-av_iconfont='entypo-fontello' title='' data-avia-related-tooltip='Compartir por correo'><span class='avia_hidden_link_text'>Compartir por correo<\/span><\/a><\/li><\/ul><\/div><\/div>\n<div  style='height:50px' class='hr hr-invisible   avia-builder-el-8  el_after_av_social_share  el_before_av_comments_list '><span class='hr-inner ' ><span class='hr-inner-style'><\/span><\/span><\/div>\n<div  class='av-buildercomment  av-blog-meta-html-info-disabled av-blog-meta-tag-disabled  '><\/div>\n","protected":false},"excerpt":{"rendered":"","protected":false},"author":1,"featured_media":27145,"comment_status":"open","ping_status":"open","sticky":false,"template":"","format":"standard","meta":{"footnotes":""},"categories":[38],"tags":[],"class_list":["post-27144","post","type-post","status-publish","format-standard","has-post-thumbnail","hentry","category-regional"],"jetpack_featured_media_url":"https:\/\/radiorevelacionfm.cl\/wp-content\/uploads\/2023\/01\/RUTA-DEL-PALENA-7-1-1.jpeg","_links":{"self":[{"href":"https:\/\/radiorevelacionfm.cl\/index.php?rest_route=\/wp\/v2\/posts\/27144","targetHints":{"allow":["GET"]}}],"collection":[{"href":"https:\/\/radiorevelacionfm.cl\/index.php?rest_route=\/wp\/v2\/posts"}],"about":[{"href":"https:\/\/radiorevelacionfm.cl\/index.php?rest_route=\/wp\/v2\/types\/post"}],"author":[{"embeddable":true,"href":"https:\/\/radiorevelacionfm.cl\/index.php?rest_route=\/wp\/v2\/users\/1"}],"replies":[{"embeddable":true,"href":"https:\/\/radiorevelacionfm.cl\/index.php?rest_route=%2Fwp%2Fv2%2Fcomments&post=27144"}],"version-history":[{"count":2,"href":"https:\/\/radiorevelacionfm.cl\/index.php?rest_route=\/wp\/v2\/posts\/27144\/revisions"}],"predecessor-version":[{"id":27147,"href":"https:\/\/radiorevelacionfm.cl\/index.php?rest_route=\/wp\/v2\/posts\/27144\/revisions\/27147"}],"wp:featuredmedia":[{"embeddable":true,"href":"https:\/\/radiorevelacionfm.cl\/index.php?rest_route=\/wp\/v2\/media\/27145"}],"wp:attachment":[{"href":"https:\/\/radiorevelacionfm.cl\/index.php?rest_route=%2Fwp%2Fv2%2Fmedia&parent=27144"}],"wp:term":[{"taxonomy":"category","embeddable":true,"href":"https:\/\/radiorevelacionfm.cl\/index.php?rest_route=%2Fwp%2Fv2%2Fcategories&post=27144"},{"taxonomy":"post_tag","embeddable":true,"href":"https:\/\/radiorevelacionfm.cl\/index.php?rest_route=%2Fwp%2Fv2%2Ftags&post=27144"}],"curies":[{"name":"wp","href":"https:\/\/api.w.org\/{rel}","templated":true}]}}