{"id":27139,"date":"2023-01-27T09:48:18","date_gmt":"2023-01-27T12:48:18","guid":{"rendered":"https:\/\/radiorevelacionfm.cl\/?p=27139"},"modified":"2023-01-27T09:48:18","modified_gmt":"2023-01-27T12:48:18","slug":"presidente-boric-anuncia-nuevo-plan-de-conectividad-para-la-region-de-aysen-por-cerca-de-600-mil-millones","status":"publish","type":"post","link":"https:\/\/radiorevelacionfm.cl\/?p=27139","title":{"rendered":"Presidente Boric anuncia nuevo plan de conectividad para la regi\u00f3n de Ays\u00e9n por cerca de $600 mil millones"},"content":{"rendered":"<div class=\"flex_column av_one_full  flex_column_div av-zero-column-padding first  avia-builder-el-0  el_before_av_one_full  avia-builder-el-first  \" style='border-radius:0px; '><div  class='avia-image-container  av-styling-    avia-builder-el-1  avia-builder-el-no-sibling  avia-align-center '  itemprop=\"image\" itemscope=\"itemscope\" itemtype=\"https:\/\/schema.org\/ImageObject\"  ><div class='avia-image-container-inner'><div class='avia-image-overlay-wrap'><img decoding=\"async\" class='wp-image-27140 avia-img-lazy-loading-not-27140 avia_image' src=\"https:\/\/radiorevelacionfm.cl\/wp-content\/uploads\/2023\/01\/screenshot_20230126_185515_com_optimized.android.chrome_edit_98396988754255.jpg\" alt='' title='screenshot_20230126_185515_com_optimized.android.chrome_edit_98396988754255' height=\"614\" width=\"1072\"  itemprop=\"thumbnailUrl\" srcset=\"https:\/\/radiorevelacionfm.cl\/wp-content\/uploads\/2023\/01\/screenshot_20230126_185515_com_optimized.android.chrome_edit_98396988754255.jpg 1072w, https:\/\/radiorevelacionfm.cl\/wp-content\/uploads\/2023\/01\/screenshot_20230126_185515_com_optimized.android.chrome_edit_98396988754255-300x172.jpg 300w, https:\/\/radiorevelacionfm.cl\/wp-content\/uploads\/2023\/01\/screenshot_20230126_185515_com_optimized.android.chrome_edit_98396988754255-1030x590.jpg 1030w, https:\/\/radiorevelacionfm.cl\/wp-content\/uploads\/2023\/01\/screenshot_20230126_185515_com_optimized.android.chrome_edit_98396988754255-768x440.jpg 768w, https:\/\/radiorevelacionfm.cl\/wp-content\/uploads\/2023\/01\/screenshot_20230126_185515_com_optimized.android.chrome_edit_98396988754255-705x404.jpg 705w, https:\/\/radiorevelacionfm.cl\/wp-content\/uploads\/2023\/01\/screenshot_20230126_185515_com_optimized.android.chrome_edit_98396988754255-600x344.jpg 600w\" sizes=\"(max-width: 1072px) 100vw, 1072px\" \/><\/div><\/div><\/div><\/div><div class=\"flex_column av_one_full  flex_column_div av-zero-column-padding first  avia-builder-el-2  el_after_av_one_full  el_before_av_one_full  column-top-margin\" style='border-radius:0px; '><section class=\"av_textblock_section \"  itemscope=\"itemscope\" itemtype=\"https:\/\/schema.org\/BlogPosting\" itemprop=\"blogPost\" ><div class='avia_textblock  '   itemprop=\"text\" ><p style=\"text-align: center;\"><strong><span style=\"font-size: 18pt;\">Presidente Boric anuncia nuevo plan de conectividad para la regi\u00f3n de Ays\u00e9n por cerca de $600 mil millones<\/span><\/strong><\/p>\n<div id=\"gtx-trans\" style=\"position: absolute; left: -50px; top: 4.31534px;\">\n<div class=\"gtx-trans-icon\"><\/div>\n<\/div>\n<\/div><\/section><\/div><div class=\"flex_column av_one_full  flex_column_div av-zero-column-padding first  avia-builder-el-4  el_after_av_one_full  el_before_av_hr  column-top-margin\" style='border-radius:0px; '><section class=\"av_textblock_section \"  itemscope=\"itemscope\" itemtype=\"https:\/\/schema.org\/BlogPosting\" itemprop=\"blogPost\" ><div class='avia_textblock  '   itemprop=\"text\" ><p style=\"text-align: justify;\">La tarde de este jueves el Presidente de la Rep\u00fablica, Gabriel Boric Font, se traslad\u00f3 hasta el Embarcadero de Puerto Ingeniero Ib\u00e1\u00f1ez, para anunciar Plan de Mejoramiento para la Integraci\u00f3n y Conectividad para la Regi\u00f3n de Ays\u00e9n.<\/p>\n<p style=\"text-align: justify;\">\u201cEste plan va a representar una mejora en la calidad de vida y mayores oportunidades de desarrollo, abriendo las puertas al turismo que tiene un tremendo potencial en una regi\u00f3n como esta. Al turismo que sea verde, que sea orgulloso de la tierra, que emplee a Pymes, a organizaciones familiares, que genere adem\u00e1s un mayor v\u00ednculo con la historia, con el cuidado de la naturaleza\u201d, destac\u00f3 el Jefe de Estado.<\/p>\n<p style=\"text-align: justify;\">Esto -explic\u00f3 el Mandatario-, porque el Estado, por medio del Ministerio de Obras P\u00fablicas, asume integralmente los desaf\u00edos de financiar y ejecutar la conectividad estrat\u00e9gica de la Ruta 7, con una inversi\u00f3n cercana a los 600 mil millones de pesos (Regi\u00f3n de Ays\u00e9n y Provincia de Palena) en ocho a\u00f1os.<\/p>\n<p style=\"text-align: justify;\">En espec\u00edfico, permitir\u00e1 el avance de 140 km de pavimento de la ruta durante el actual periodo de Gobierno, es decir entre 2022-2026; mientras que en 2023 se iniciar\u00e1n obras que suman 39 km de intervenci\u00f3n en la Ruta 7.<\/p>\n<p style=\"text-align: justify;\">\u201cEste piso m\u00ednimo de 140 km yo me comprometo a conversar y sacar adelante un plan que vaya m\u00e1s r\u00e1pido para la Regi\u00f3n de Ays\u00e9n y que podamos sacar adelante y conectar a los lugares m\u00e1s rec\u00f3nditos de esta regi\u00f3n. Y nos la vamos a jugar y vamos a poner toda la energ\u00eda en eso porque es un tema de Estado, es una visi\u00f3n de Estado de conectar nuestro territorio, es geopol\u00edticamente importante, es de dignidad para sus habitantes\u201d, comprometi\u00f3 el Presidente.<\/p>\n<p style=\"text-align: justify;\">Adem\u00e1s, el Mandatario dijo que \u201cvamos a habilitar una nueva barcaza para reforzar la conectividad entre Chile Chico y Puerto Ib\u00e1\u00f1ez, a trav\u00e9s del Lago General Carrera (&#8230;) que va a estar operando durante el segundo semestre de este a\u00f1o. Esta medida viene acompa\u00f1ada de una nueva gobernanza para la operaci\u00f3n de las naves, que nos permita resolver de manera m\u00e1s eficiente los problemas en el servicio (&#8230;); vamos a hacer una renovaci\u00f3n integral de la pista del Aer\u00f3dromo de Villa O\u2019Higgins (&#8230;); a partir de lo que acordamos con la regi\u00f3n, vamos a modificar el Convenio de Programaci\u00f3n de la Ruta 7, lo que contaba anteriormente para actualizarlo y avanzar m\u00e1s all\u00e1 de los 140 km. (&#8230;); nos comprometemos con el Edificio Consistorial para poder salir adelante, lo comentaban los funcionarios municipales veo all\u00e1, lo vamos a sacar adelante juntos\u201d.<\/p>\n<p style=\"text-align: justify;\">Es espec\u00edfico, los trabajos se ejecutar\u00e1n en el tramo Cruce Bah\u00eda Murta a Puente El Belga 17 Km, comuna de R\u00edo Ib\u00e1\u00f1ez; tramo Confluencia Baker y Neff a puente Chacabuco 17 Km, comuna de Cochrane; tramo L\u00edmite Sur Parque Patagonia \u2013 Acceso Norte Cochrane 5 Km, comuna de Cochrane; reposici\u00f3n puentes Palena y Rosselot, comuna de Cisnes; relicitaci\u00f3n de obras en la Ruta 7, a implementar este 2023.<\/p>\n<p style=\"text-align: justify;\">El Presidente de la Rep\u00fablica, Gabriel Boric Font, dijo que \u201cvamos a seguir trabajando en conjunto con ustedes, desde el territorio, para mejorar las condiciones de vida de nuestro pueblo en todos los lugares, en los lugares m\u00e1s remotos de Chile para que en todos los lugares de nuestro pa\u00eds todos tengan derecho a una vida digna y feliz\u201d.<\/p>\n<p style=\"text-align: justify;\">Por su parte, el ministro de Obras P\u00fablicas Juan Carlos Garc\u00eda afirm\u00f3: \u201cEste es un plan de conectividad, de inversi\u00f3n y de generaci\u00f3n de empleos, pero sobre todo es un Plan que busca entregar justicia a estos territorios. Actualmente el 45% de la ruta 7 est\u00e1 pavimentada y avanzamos aproximadamente 15 kil\u00f3metros por a\u00f1o. A este ritmo, terminar\u00edamos en 30 a\u00f1os m\u00e1s. Este Plan busca avanzar m\u00e1s r\u00e1pido e igualar las oportunidades de esta regi\u00f3n con el resto del pa\u00eds\u00bb.<\/p>\n<p style=\"text-align: justify;\">El ministro Garc\u00eda tambi\u00e9n agreg\u00f3: \u201cAdem\u00e1s importantes efectos tendr\u00e1 este Plan de Conectividad en la vida de las personas que habitan en Ays\u00e9n y Palena, se generar\u00e1n importantes efectos en el desarrollo tur\u00edstico, cruzando adem\u00e1s tres zonas que generan mucho inter\u00e9s como Queulat, Chelenko y Los Glaciares\u201d.<\/p>\n<\/div><\/section><\/div><div  style='height:50px' class='hr hr-invisible   avia-builder-el-6  el_after_av_one_full  el_before_av_social_share '><span class='hr-inner ' ><span class='hr-inner-style'><\/span><\/span><\/div><\/p>\n<div  class='av-social-sharing-box  avia-builder-el-7  el_after_av_hr  el_before_av_hr  '><div class='av-share-box'><h5 class='av-share-link-description av-no-toc '>Compartir esta noticia<\/h5><ul class='av-share-box-list noLightbox'><li class='av-share-link av-social-link-facebook' ><a target=\"_blank\" aria-label=\"Compartir en Facebook\" href='https:\/\/www.facebook.com\/sharer.php?u=https:\/\/radiorevelacionfm.cl\/?p=27139&#038;t=Presidente%20Boric%20anuncia%20nuevo%20plan%20de%20conectividad%20para%20la%20regi%C3%B3n%20de%20Ays%C3%A9n%20por%20cerca%20de%20%24600%20mil%20millones' aria-hidden='false' data-av_icon='\ue8f3' data-av_iconfont='entypo-fontello' title='' data-avia-related-tooltip='Compartir en Facebook' rel=\"noopener\"><span class='avia_hidden_link_text'>Compartir en Facebook<\/span><\/a><\/li><li class='av-share-link av-social-link-twitter' ><a target=\"_blank\" aria-label=\"Compartir en Twitter\" href='https:\/\/twitter.com\/share?text=Presidente%20Boric%20anuncia%20nuevo%20plan%20de%20conectividad%20para%20la%20regi%C3%B3n%20de%20Ays%C3%A9n%20por%20cerca%20de%20%24600%20mil%20millones&#038;url=https:\/\/radiorevelacionfm.cl\/?p=27139' aria-hidden='false' data-av_icon='\ue8f1' data-av_iconfont='entypo-fontello' title='' data-avia-related-tooltip='Compartir en Twitter' rel=\"noopener\"><span class='avia_hidden_link_text'>Compartir en Twitter<\/span><\/a><\/li><li class='av-share-link av-social-link-whatsapp' ><a target=\"_blank\" aria-label=\"Compartir en Whatsapp\" href='https:\/\/api.whatsapp.com\/send?text=https:\/\/radiorevelacionfm.cl\/?p=27139' aria-hidden='false' data-av_icon='\uf232' data-av_iconfont='entypo-fontello' title='' data-avia-related-tooltip='Compartir en Whatsapp' rel=\"noopener\"><span class='avia_hidden_link_text'>Compartir en Whatsapp<\/span><\/a><\/li><li class='av-share-link av-social-link-linkedin' ><a target=\"_blank\" aria-label=\"Compartir en LinkedIn\" href='https:\/\/linkedin.com\/shareArticle?mini=true&#038;title=Presidente%20Boric%20anuncia%20nuevo%20plan%20de%20conectividad%20para%20la%20regi%C3%B3n%20de%20Ays%C3%A9n%20por%20cerca%20de%20%24600%20mil%20millones&#038;url=https:\/\/radiorevelacionfm.cl\/?p=27139' aria-hidden='false' data-av_icon='\ue8fc' data-av_iconfont='entypo-fontello' title='' data-avia-related-tooltip='Compartir en LinkedIn' rel=\"noopener\"><span class='avia_hidden_link_text'>Compartir en LinkedIn<\/span><\/a><\/li><li class='av-share-link av-social-link-mail' ><a  aria-label=\"Compartir por correo\" href='mailto:?subject=Presidente%20Boric%20anuncia%20nuevo%20plan%20de%20conectividad%20para%20la%20regi%C3%B3n%20de%20Ays%C3%A9n%20por%20cerca%20de%20%24600%20mil%20millones&#038;body=https:\/\/radiorevelacionfm.cl\/?p=27139' aria-hidden='false' data-av_icon='\ue805' data-av_iconfont='entypo-fontello' title='' data-avia-related-tooltip='Compartir por correo'><span class='avia_hidden_link_text'>Compartir por correo<\/span><\/a><\/li><\/ul><\/div><\/div>\n<div  style='height:50px' class='hr hr-invisible   avia-builder-el-8  el_after_av_social_share  el_before_av_comments_list '><span class='hr-inner ' ><span class='hr-inner-style'><\/span><\/span><\/div>\n<div  class='av-buildercomment  av-blog-meta-html-info-disabled av-blog-meta-tag-disabled  '><\/div>\n","protected":false},"excerpt":{"rendered":"","protected":false},"author":1,"featured_media":27140,"comment_status":"open","ping_status":"open","sticky":false,"template":"","format":"standard","meta":{"footnotes":""},"categories":[38],"tags":[],"class_list":["post-27139","post","type-post","status-publish","format-standard","has-post-thumbnail","hentry","category-regional"],"jetpack_featured_media_url":"https:\/\/radiorevelacionfm.cl\/wp-content\/uploads\/2023\/01\/screenshot_20230126_185515_com_optimized.android.chrome_edit_98396988754255.jpg","_links":{"self":[{"href":"https:\/\/radiorevelacionfm.cl\/index.php?rest_route=\/wp\/v2\/posts\/27139","targetHints":{"allow":["GET"]}}],"collection":[{"href":"https:\/\/radiorevelacionfm.cl\/index.php?rest_route=\/wp\/v2\/posts"}],"about":[{"href":"https:\/\/radiorevelacionfm.cl\/index.php?rest_route=\/wp\/v2\/types\/post"}],"author":[{"embeddable":true,"href":"https:\/\/radiorevelacionfm.cl\/index.php?rest_route=\/wp\/v2\/users\/1"}],"replies":[{"embeddable":true,"href":"https:\/\/radiorevelacionfm.cl\/index.php?rest_route=%2Fwp%2Fv2%2Fcomments&post=27139"}],"version-history":[{"count":2,"href":"https:\/\/radiorevelacionfm.cl\/index.php?rest_route=\/wp\/v2\/posts\/27139\/revisions"}],"predecessor-version":[{"id":27143,"href":"https:\/\/radiorevelacionfm.cl\/index.php?rest_route=\/wp\/v2\/posts\/27139\/revisions\/27143"}],"wp:featuredmedia":[{"embeddable":true,"href":"https:\/\/radiorevelacionfm.cl\/index.php?rest_route=\/wp\/v2\/media\/27140"}],"wp:attachment":[{"href":"https:\/\/radiorevelacionfm.cl\/index.php?rest_route=%2Fwp%2Fv2%2Fmedia&parent=27139"}],"wp:term":[{"taxonomy":"category","embeddable":true,"href":"https:\/\/radiorevelacionfm.cl\/index.php?rest_route=%2Fwp%2Fv2%2Fcategories&post=27139"},{"taxonomy":"post_tag","embeddable":true,"href":"https:\/\/radiorevelacionfm.cl\/index.php?rest_route=%2Fwp%2Fv2%2Ftags&post=27139"}],"curies":[{"name":"wp","href":"https:\/\/api.w.org\/{rel}","templated":true}]}}