{"id":27135,"date":"2023-01-27T13:23:06","date_gmt":"2023-01-27T16:23:06","guid":{"rendered":"https:\/\/radiorevelacionfm.cl\/?p=27135"},"modified":"2023-01-27T13:23:06","modified_gmt":"2023-01-27T16:23:06","slug":"exitosa-convocatoria-en-lanzamiento-de-memorias-de-un-patagon-al-fin-del-mundo-y-conversatorio-historia-del-puente-presidente-ibanez-monumento-nacional","status":"publish","type":"post","link":"https:\/\/radiorevelacionfm.cl\/?p=27135","title":{"rendered":"Exitosa convocatoria en lanzamiento de \u201cMemorias de un patag\u00f3n\u201d, \u201cAl fin del mundo\u201d y conversatorio \u201cHistoria del puente Presidente Ib\u00e1\u00f1ez, Monumento Nacional\u201d"},"content":{"rendered":"<div class=\"flex_column av_one_full  flex_column_div av-zero-column-padding first  avia-builder-el-0  el_before_av_one_full  avia-builder-el-first  \" style='border-radius:0px; '><div  class='avia-image-container  av-styling-    avia-builder-el-1  avia-builder-el-no-sibling  avia-align-center '  itemprop=\"image\" itemscope=\"itemscope\" itemtype=\"https:\/\/schema.org\/ImageObject\"  ><div class='avia-image-container-inner'><div class='avia-image-overlay-wrap'><img decoding=\"async\" class='wp-image-27136 avia-img-lazy-loading-not-27136 avia_image' src=\"https:\/\/radiorevelacionfm.cl\/wp-content\/uploads\/2023\/01\/dsc_0032_optimized.jpg\" alt='' title='dsc_0032_optimized' height=\"600\" width=\"900\"  itemprop=\"thumbnailUrl\" srcset=\"https:\/\/radiorevelacionfm.cl\/wp-content\/uploads\/2023\/01\/dsc_0032_optimized.jpg 900w, https:\/\/radiorevelacionfm.cl\/wp-content\/uploads\/2023\/01\/dsc_0032_optimized-300x200.jpg 300w, https:\/\/radiorevelacionfm.cl\/wp-content\/uploads\/2023\/01\/dsc_0032_optimized-768x512.jpg 768w, https:\/\/radiorevelacionfm.cl\/wp-content\/uploads\/2023\/01\/dsc_0032_optimized-705x470.jpg 705w, https:\/\/radiorevelacionfm.cl\/wp-content\/uploads\/2023\/01\/dsc_0032_optimized-600x400.jpg 600w\" sizes=\"(max-width: 900px) 100vw, 900px\" \/><\/div><\/div><\/div><\/div><div class=\"flex_column av_one_full  flex_column_div av-zero-column-padding first  avia-builder-el-2  el_after_av_one_full  el_before_av_one_full  column-top-margin\" style='border-radius:0px; '><section class=\"av_textblock_section \"  itemscope=\"itemscope\" itemtype=\"https:\/\/schema.org\/BlogPosting\" itemprop=\"blogPost\" ><div class='avia_textblock  '   itemprop=\"text\" ><p style=\"text-align: center;\"><span style=\"font-size: 18pt;\"><strong>Exitosa convocatoria en lanzamiento de \u201cMemorias de un patag\u00f3n\u201d, \u201cAl fin del mundo\u201d y conversatorio \u201cHistoria del puente Presidente Ib\u00e1\u00f1ez, Monumento Nacional\u201d<\/strong><\/span><\/p>\n<div id=\"gtx-trans\" style=\"position: absolute; left: -50px; top: 4.31534px;\">\n<div class=\"gtx-trans-icon\"><\/div>\n<\/div>\n<\/div><\/section><\/div><div class=\"flex_column av_one_full  flex_column_div av-zero-column-padding first  avia-builder-el-4  el_after_av_one_full  el_before_av_hr  column-top-margin\" style='border-radius:0px; '><section class=\"av_textblock_section \"  itemscope=\"itemscope\" itemtype=\"https:\/\/schema.org\/BlogPosting\" itemprop=\"blogPost\" ><div class='avia_textblock  '   itemprop=\"text\" ><p style=\"text-align: justify;\">Enmarcadas dentro de las actividades de Vive el Verano en Ays\u00e9n, instancia organizada por la Ilustre Municipalidad de Ays\u00e9n, la Biblioteca P\u00fablica alberg\u00f3 a un gran n\u00famero de personas interesadas en la literatura e historia patrimonial aysenina.<\/p>\n<p style=\"text-align: justify;\">Dentro de esta semana se vivieron dos actividades enlazadas a Vive el Verano en Ays\u00e9n, instancia organizada por la Ilustre Municipalidad de Ays\u00e9n. As\u00ed fue como la Biblioteca P\u00fablica alberg\u00f3 a un gran n\u00famero de personas interesadas en la literatura e historia patrimonial aysenina.<\/p>\n<p style=\"text-align: justify;\">El martes 24 de enero fue el lanzamiento de los libros, \u201cMemorias de un patag\u00f3n\u201d de Orlando Gallardo y \u201cAl fin del mundo\u201d de Segismundo Gallardo, dos hermanos que tuvieron la posibilidad de mostrar ante la comunidad aysenina su literatura. Y que los asistentes catalogaron como emocionante, \u201cyo soy una aysenina postiza. Todo me encanta de Ays\u00e9n y sab\u00eda de estos dos escritores, pero no lo que hab\u00edan escrito. As\u00ed que fue muy bueno y emocionante\u201d, coment\u00f3 Mar\u00eda Teresa Aedo, asistente al lanzamiento.<\/p>\n<p style=\"text-align: justify;\">En la ocasi\u00f3n, y en representaci\u00f3n de la Ilustre Municipalidad de Ays\u00e9n, Cristi\u00e1n Torres, encargado de la Unidad de Cultura, destac\u00f3 estas actividades, \u201cestamos sumamente contentos de nuevamente habilitar la biblioteca para el lanzamiento de dos libros. Creo que mantener el esp\u00edritu e inter\u00e9s por parte de la comunidad da cuenta de la responsabilidad que tenemos como municipio de seguir abriendo estas instancias. Estas historias van construyendo la identidad de Ays\u00e9n, nos remite a los or\u00edgenes y al sentido de pertenencia que debemos mantener con nuestra historia y nuestra gente\u201d.<\/p>\n<p style=\"text-align: justify;\">En la actividad tambi\u00e9n estuvo presente el concejal de la comuna, Jorge Figueroa Jara, \u201ctuvimos la dicha de haber estado en este lanzamiento. Dos libros que rescatan nuestra cultura, sus vivencias, sus historias de vida y rescatan lo que es importante, la tradici\u00f3n de nuestro querido Puerto Ays\u00e9n. Felicitar a la Biblioteca P\u00fablica, a la Unidad de Patrimonio y al Departamento de Cultura y tambi\u00e9n agradecer a las personas que estuvieron hoy presentes\u201d. Asimismo, Yasna Jara, encargada de la Biblioteca P\u00fablica, agreg\u00f3 que fue una ceremonia emotiva, familiar y de encuentro generacional y de amistades, \u201cagradecemos la confianza de los escritores y de las personas que nos acompa\u00f1aron y de todos quienes hicieron posible que esta actividad fuera emotiva y redonda\u201d.<\/p>\n<p style=\"text-align: justify;\">Los escritores Orlando y Segismundo Gallardo tambi\u00e9n estuvieron agradecidos de la instancia que se llev\u00f3 a cabo en la Biblioteca P\u00fablica, \u201cagradecido con las autoridades municipales y funcionarios que con entusiasmo recibieron a estos dos hermanos patagones. Mi hermano rese\u00f1a su historia y mi libro es de ficci\u00f3n y cuentos absolutamente ambientados en la Patagonia, con ra\u00edces de realidad y algo de fantas\u00eda\u201d, comenta el autor Segismundo Gallardo, agregando que su libro se encuentra disponible a la venta en la librer\u00eda Puerto Libro.<\/p>\n<p style=\"text-align: justify;\">Y Orlando Gallardo, quien present\u00f3 su libro \u201cMemorias de un patag\u00f3n\u201d tambi\u00e9n estuvo presente en el conversatorio \u201cHistoria del Puente Presidente Ib\u00e1\u00f1ez, Monumento Nacional\u201d que se llev\u00f3 a cabo el 25 de enero y en donde pudo recordar y transmitir lo que signific\u00f3 para \u00e9l trabajar en la construcci\u00f3n de la emblem\u00e1tica estructura, \u201cestoy sorprendido y emocionado. Me encontr\u00e9 con gente de muchos a\u00f1os, yo hace 49 a\u00f1os que no participaba en ninguna actividad social ni nada, ya que me autoexili\u00e9 en el a\u00f1o 1973 en Argentina y estas instancias para m\u00ed han sido emocionantes y gratificantes\u201d, coment\u00f3 Gallardo.<\/p>\n<\/div><\/section><\/div><div  style='height:50px' class='hr hr-invisible   avia-builder-el-6  el_after_av_one_full  el_before_av_social_share '><span class='hr-inner ' ><span class='hr-inner-style'><\/span><\/span><\/div><\/p>\n<div  class='av-social-sharing-box  avia-builder-el-7  el_after_av_hr  el_before_av_hr  '><div class='av-share-box'><h5 class='av-share-link-description av-no-toc '>Compartir esta noticia<\/h5><ul class='av-share-box-list noLightbox'><li class='av-share-link av-social-link-facebook' ><a target=\"_blank\" aria-label=\"Compartir en Facebook\" href='https:\/\/www.facebook.com\/sharer.php?u=https:\/\/radiorevelacionfm.cl\/?p=27135&#038;t=Exitosa%20convocatoria%20en%20lanzamiento%20de%20%E2%80%9CMemorias%20de%20un%20patag%C3%B3n%E2%80%9D%2C%20%E2%80%9CAl%20fin%20del%20mundo%E2%80%9D%20y%20conversatorio%20%E2%80%9CHistoria%20del%20puente%20Presidente%20Ib%C3%A1%C3%B1ez%2C%20Monumento%20Nacional%E2%80%9D' aria-hidden='false' data-av_icon='\ue8f3' data-av_iconfont='entypo-fontello' title='' data-avia-related-tooltip='Compartir en Facebook' rel=\"noopener\"><span class='avia_hidden_link_text'>Compartir en Facebook<\/span><\/a><\/li><li class='av-share-link av-social-link-twitter' ><a target=\"_blank\" aria-label=\"Compartir en Twitter\" href='https:\/\/twitter.com\/share?text=Exitosa%20convocatoria%20en%20lanzamiento%20de%20%E2%80%9CMemorias%20de%20un%20patag%C3%B3n%E2%80%9D%2C%20%E2%80%9CAl%20fin%20del%20mundo%E2%80%9D%20y%20conversatorio%20%E2%80%9CHistoria%20del%20puente%20Presidente%20Ib%C3%A1%C3%B1ez%2C%20Monumento%20Nacional%E2%80%9D&#038;url=https:\/\/radiorevelacionfm.cl\/?p=27135' aria-hidden='false' data-av_icon='\ue8f1' data-av_iconfont='entypo-fontello' title='' data-avia-related-tooltip='Compartir en Twitter' rel=\"noopener\"><span class='avia_hidden_link_text'>Compartir en Twitter<\/span><\/a><\/li><li class='av-share-link av-social-link-whatsapp' ><a target=\"_blank\" aria-label=\"Compartir en Whatsapp\" href='https:\/\/api.whatsapp.com\/send?text=https:\/\/radiorevelacionfm.cl\/?p=27135' aria-hidden='false' data-av_icon='\uf232' data-av_iconfont='entypo-fontello' title='' data-avia-related-tooltip='Compartir en Whatsapp' rel=\"noopener\"><span class='avia_hidden_link_text'>Compartir en Whatsapp<\/span><\/a><\/li><li class='av-share-link av-social-link-linkedin' ><a target=\"_blank\" aria-label=\"Compartir en LinkedIn\" href='https:\/\/linkedin.com\/shareArticle?mini=true&#038;title=Exitosa%20convocatoria%20en%20lanzamiento%20de%20%E2%80%9CMemorias%20de%20un%20patag%C3%B3n%E2%80%9D%2C%20%E2%80%9CAl%20fin%20del%20mundo%E2%80%9D%20y%20conversatorio%20%E2%80%9CHistoria%20del%20puente%20Presidente%20Ib%C3%A1%C3%B1ez%2C%20Monumento%20Nacional%E2%80%9D&#038;url=https:\/\/radiorevelacionfm.cl\/?p=27135' aria-hidden='false' data-av_icon='\ue8fc' data-av_iconfont='entypo-fontello' title='' data-avia-related-tooltip='Compartir en LinkedIn' rel=\"noopener\"><span class='avia_hidden_link_text'>Compartir en LinkedIn<\/span><\/a><\/li><li class='av-share-link av-social-link-mail' ><a  aria-label=\"Compartir por correo\" href='mailto:?subject=Exitosa%20convocatoria%20en%20lanzamiento%20de%20%E2%80%9CMemorias%20de%20un%20patag%C3%B3n%E2%80%9D%2C%20%E2%80%9CAl%20fin%20del%20mundo%E2%80%9D%20y%20conversatorio%20%E2%80%9CHistoria%20del%20puente%20Presidente%20Ib%C3%A1%C3%B1ez%2C%20Monumento%20Nacional%E2%80%9D&#038;body=https:\/\/radiorevelacionfm.cl\/?p=27135' aria-hidden='false' data-av_icon='\ue805' data-av_iconfont='entypo-fontello' title='' data-avia-related-tooltip='Compartir por correo'><span class='avia_hidden_link_text'>Compartir por correo<\/span><\/a><\/li><\/ul><\/div><\/div>\n<div  style='height:50px' class='hr hr-invisible   avia-builder-el-8  el_after_av_social_share  el_before_av_comments_list '><span class='hr-inner ' ><span class='hr-inner-style'><\/span><\/span><\/div>\n<div  class='av-buildercomment  av-blog-meta-html-info-disabled av-blog-meta-tag-disabled  '><\/div>\n","protected":false},"excerpt":{"rendered":"","protected":false},"author":1,"featured_media":27136,"comment_status":"open","ping_status":"open","sticky":false,"template":"","format":"standard","meta":{"footnotes":""},"categories":[38],"tags":[],"class_list":["post-27135","post","type-post","status-publish","format-standard","has-post-thumbnail","hentry","category-regional"],"jetpack_featured_media_url":"https:\/\/radiorevelacionfm.cl\/wp-content\/uploads\/2023\/01\/dsc_0032_optimized.jpg","_links":{"self":[{"href":"https:\/\/radiorevelacionfm.cl\/index.php?rest_route=\/wp\/v2\/posts\/27135","targetHints":{"allow":["GET"]}}],"collection":[{"href":"https:\/\/radiorevelacionfm.cl\/index.php?rest_route=\/wp\/v2\/posts"}],"about":[{"href":"https:\/\/radiorevelacionfm.cl\/index.php?rest_route=\/wp\/v2\/types\/post"}],"author":[{"embeddable":true,"href":"https:\/\/radiorevelacionfm.cl\/index.php?rest_route=\/wp\/v2\/users\/1"}],"replies":[{"embeddable":true,"href":"https:\/\/radiorevelacionfm.cl\/index.php?rest_route=%2Fwp%2Fv2%2Fcomments&post=27135"}],"version-history":[{"count":2,"href":"https:\/\/radiorevelacionfm.cl\/index.php?rest_route=\/wp\/v2\/posts\/27135\/revisions"}],"predecessor-version":[{"id":27156,"href":"https:\/\/radiorevelacionfm.cl\/index.php?rest_route=\/wp\/v2\/posts\/27135\/revisions\/27156"}],"wp:featuredmedia":[{"embeddable":true,"href":"https:\/\/radiorevelacionfm.cl\/index.php?rest_route=\/wp\/v2\/media\/27136"}],"wp:attachment":[{"href":"https:\/\/radiorevelacionfm.cl\/index.php?rest_route=%2Fwp%2Fv2%2Fmedia&parent=27135"}],"wp:term":[{"taxonomy":"category","embeddable":true,"href":"https:\/\/radiorevelacionfm.cl\/index.php?rest_route=%2Fwp%2Fv2%2Fcategories&post=27135"},{"taxonomy":"post_tag","embeddable":true,"href":"https:\/\/radiorevelacionfm.cl\/index.php?rest_route=%2Fwp%2Fv2%2Ftags&post=27135"}],"curies":[{"name":"wp","href":"https:\/\/api.w.org\/{rel}","templated":true}]}}