{"id":27131,"date":"2023-01-27T09:33:14","date_gmt":"2023-01-27T12:33:14","guid":{"rendered":"https:\/\/radiorevelacionfm.cl\/?p=27131"},"modified":"2023-01-27T09:33:14","modified_gmt":"2023-01-27T12:33:14","slug":"con-gran-participacion-ciudadana-finaliza-el-ciclo-de-talleres-explora-tu-verano-en-el-museo","status":"publish","type":"post","link":"https:\/\/radiorevelacionfm.cl\/?p=27131","title":{"rendered":"Con gran participaci\u00f3n ciudadana finaliza el ciclo de talleres Explora tu Verano en el Museo"},"content":{"rendered":"<div class=\"flex_column av_one_full  flex_column_div av-zero-column-padding first  avia-builder-el-0  el_before_av_one_full  avia-builder-el-first  \" style='border-radius:0px; '><div  class='avia-image-container  av-styling-    avia-builder-el-1  avia-builder-el-no-sibling  avia-align-center '  itemprop=\"image\" itemscope=\"itemscope\" itemtype=\"https:\/\/schema.org\/ImageObject\"  ><div class='avia-image-container-inner'><div class='avia-image-overlay-wrap'><img decoding=\"async\" class='wp-image-27132 avia-img-lazy-loading-not-27132 avia_image' src=\"https:\/\/radiorevelacionfm.cl\/wp-content\/uploads\/2023\/01\/1-2023-01-26T211543.473-1-1.jpg\" alt='' title='1 - 2023-01-26T211543.473 (1) (1)' height=\"600\" width=\"900\"  itemprop=\"thumbnailUrl\" srcset=\"https:\/\/radiorevelacionfm.cl\/wp-content\/uploads\/2023\/01\/1-2023-01-26T211543.473-1-1.jpg 900w, https:\/\/radiorevelacionfm.cl\/wp-content\/uploads\/2023\/01\/1-2023-01-26T211543.473-1-1-300x200.jpg 300w, https:\/\/radiorevelacionfm.cl\/wp-content\/uploads\/2023\/01\/1-2023-01-26T211543.473-1-1-768x512.jpg 768w, https:\/\/radiorevelacionfm.cl\/wp-content\/uploads\/2023\/01\/1-2023-01-26T211543.473-1-1-705x470.jpg 705w, https:\/\/radiorevelacionfm.cl\/wp-content\/uploads\/2023\/01\/1-2023-01-26T211543.473-1-1-600x400.jpg 600w\" sizes=\"(max-width: 900px) 100vw, 900px\" \/><\/div><\/div><\/div><\/div><div class=\"flex_column av_one_full  flex_column_div av-zero-column-padding first  avia-builder-el-2  el_after_av_one_full  el_before_av_one_full  column-top-margin\" style='border-radius:0px; '><section class=\"av_textblock_section \"  itemscope=\"itemscope\" itemtype=\"https:\/\/schema.org\/BlogPosting\" itemprop=\"blogPost\" ><div class='avia_textblock  '   itemprop=\"text\" ><p style=\"text-align: center;\"><span style=\"font-size: 18pt;\"><strong>Con gran participaci\u00f3n ciudadana finaliza el ciclo de talleres Explora tu Verano en el Museo<\/strong><\/span><\/p>\n<div id=\"gtx-trans\" style=\"position: absolute; left: -50px; top: 4.31534px;\">\n<div class=\"gtx-trans-icon\"><\/div>\n<\/div>\n<\/div><\/section><\/div><div class=\"flex_column av_one_full  flex_column_div av-zero-column-padding first  avia-builder-el-4  el_after_av_one_full  el_before_av_hr  column-top-margin\" style='border-radius:0px; '><section class=\"av_textblock_section \"  itemscope=\"itemscope\" itemtype=\"https:\/\/schema.org\/BlogPosting\" itemprop=\"blogPost\" ><div class='avia_textblock  '   itemprop=\"text\" ><p style=\"text-align: justify;\">M\u00e1s de 200 personas entre las edades de 4 a 72 a\u00f1os participaron de \u201cExplora tu verano en el Museo\u201d, un ciclo de talleres gratuitos que explor\u00f3 el arte, la ciencia y el patrimonio este verano en Coyhaique.<\/p>\n<p style=\"text-align: justify;\">Descubrir el cosmos desde la Patagonia, viajar al pasado arqueol\u00f3gico de Ays\u00e9n, explorar la naturaleza a trav\u00e9s de la fotograf\u00eda e ilustraci\u00f3n, conocer el patrimonio mediante fotograf\u00edas familiares y ejercitar el pensamiento estrat\u00e9gico mediante el ajedrez fueron algunas de las actividades que dieron vida al ciclo de talleres realizados entre el 10 y 21 de enero.<\/p>\n<p style=\"text-align: justify;\">La iniciativa fue organizada por el Museo Regional de Ays\u00e9n del Servicio Nacional del Patrimonio Cultural junto al Proyecto Explora Ays\u00e9n del Ministerio de Ciencia, ejecutado por el Campus Patagonia de la Universidad Austral de Chile, y cont\u00f3 con la colaboraci\u00f3n de las organizaciones ONG Aumen, Centro de Investigaci\u00f3n en Ecosistemas de la Patagonia (CIEP), Club de Ajedrez de Ays\u00e9n, Biota Ltda. y la Corporaci\u00f3n Nacional Forestal (CONAF).<\/p>\n<p style=\"text-align: justify;\"><strong>Ciencia Abierta: conocimiento compartido<\/strong><\/p>\n<p style=\"text-align: justify;\">Las 15 actividades de \u201cExplora tu verano en el Museo: Talleres de Arte, Ciencia Abierta y Patrimonio\u201d, tuvieron como objetivo ser un encuentro entre especialistas de la ciencia y las artes con diversos p\u00fablicos, promoviendo la socializaci\u00f3n y apropiaci\u00f3n del conocimiento.<\/p>\n<p style=\"text-align: justify;\">\u201cComo Museo Regional estamos s\u00faper contentos con el resultado de los talleres. Destacamos la alianza y el trabajo mancomunado con el equipo de Explora, el cual nos permiti\u00f3 generar una diversidad de talleres y abordar distintas tem\u00e1ticas. Nos damos cuenta que hay mucho inter\u00e9s en temas cient\u00edficos y en temas culturales\u201d, coment\u00f3 Mar\u00eda Jos\u00e9 Fern\u00e1ndez, encargada\u00a0 Programaci\u00f3n y Gesti\u00f3n de P\u00fablicos del Museo Regional de Ays\u00e9n.<\/p>\n<p style=\"text-align: justify;\">El inter\u00e9s de la ciudadan\u00eda en estas tem\u00e1ticas se vio reflejado en las m\u00e1s de 200 personas de Coyhaique, Puerto Cisnes, Puerto Ays\u00e9n y Cochrane que llegaron hasta el Museo Regional de Ays\u00e9n para participar de la iniciativa.<\/p>\n<p style=\"text-align: justify;\">\u201cLos talleres est\u00e1n s\u00faper bien enfocados y siempre var\u00edan en su contenido. Mi experiencia es s\u00faper buena y espero que siga y que llegue a m\u00e1s personas y lugares. Como familia es muy bonita la experiencia, se agradece el poder involucrarse con los hijos en estos espacios\u201d, expres\u00f3 Lidia Moreno, madre de participantes de Explora tu verano en el Museo.<\/p>\n<p style=\"text-align: justify;\">Sobre el ciclo de talleres, Karina Ocampo, encargada de Ciencia P\u00fablica de Explora Ays\u00e9n concluy\u00f3: \u201cEn estas actividades buscamos abordar tem\u00e1ticas solicitadas por la comunidad incluyendo una mirada desde el arte, el patrimonio y la biodiversidad local. Destacamos la participaci\u00f3n de personas de todo Ays\u00e9n y resaltamos el impacto que tuvieron las actividades en p\u00fablicos de todas las edades. Esperamos que puedan seguir aplicando en su entorno lo que aprendimos durante estas semanas, ya que sin duda, el traspaso de conocimiento que hizo cada relator fue muy interesante y de gran nivel\u201d.<\/p>\n<\/div><\/section><\/div><div  style='height:50px' class='hr hr-invisible   avia-builder-el-6  el_after_av_one_full  el_before_av_social_share '><span class='hr-inner ' ><span class='hr-inner-style'><\/span><\/span><\/div><\/p>\n<div  class='av-social-sharing-box  avia-builder-el-7  el_after_av_hr  el_before_av_hr  '><div class='av-share-box'><h5 class='av-share-link-description av-no-toc '>Compartir esta noticia<\/h5><ul class='av-share-box-list noLightbox'><li class='av-share-link av-social-link-facebook' ><a target=\"_blank\" aria-label=\"Compartir en Facebook\" href='https:\/\/www.facebook.com\/sharer.php?u=https:\/\/radiorevelacionfm.cl\/?p=27131&#038;t=Con%20gran%20participaci%C3%B3n%20ciudadana%20finaliza%20el%20ciclo%20de%20talleres%20Explora%20tu%20Verano%20en%20el%20Museo' aria-hidden='false' data-av_icon='\ue8f3' data-av_iconfont='entypo-fontello' title='' data-avia-related-tooltip='Compartir en Facebook' rel=\"noopener\"><span class='avia_hidden_link_text'>Compartir en Facebook<\/span><\/a><\/li><li class='av-share-link av-social-link-twitter' ><a target=\"_blank\" aria-label=\"Compartir en Twitter\" href='https:\/\/twitter.com\/share?text=Con%20gran%20participaci%C3%B3n%20ciudadana%20finaliza%20el%20ciclo%20de%20talleres%20Explora%20tu%20Verano%20en%20el%20Museo&#038;url=https:\/\/radiorevelacionfm.cl\/?p=27131' aria-hidden='false' data-av_icon='\ue8f1' data-av_iconfont='entypo-fontello' title='' data-avia-related-tooltip='Compartir en Twitter' rel=\"noopener\"><span class='avia_hidden_link_text'>Compartir en Twitter<\/span><\/a><\/li><li class='av-share-link av-social-link-whatsapp' ><a target=\"_blank\" aria-label=\"Compartir en Whatsapp\" href='https:\/\/api.whatsapp.com\/send?text=https:\/\/radiorevelacionfm.cl\/?p=27131' aria-hidden='false' data-av_icon='\uf232' data-av_iconfont='entypo-fontello' title='' data-avia-related-tooltip='Compartir en Whatsapp' rel=\"noopener\"><span class='avia_hidden_link_text'>Compartir en Whatsapp<\/span><\/a><\/li><li class='av-share-link av-social-link-linkedin' ><a target=\"_blank\" aria-label=\"Compartir en LinkedIn\" href='https:\/\/linkedin.com\/shareArticle?mini=true&#038;title=Con%20gran%20participaci%C3%B3n%20ciudadana%20finaliza%20el%20ciclo%20de%20talleres%20Explora%20tu%20Verano%20en%20el%20Museo&#038;url=https:\/\/radiorevelacionfm.cl\/?p=27131' aria-hidden='false' data-av_icon='\ue8fc' data-av_iconfont='entypo-fontello' title='' data-avia-related-tooltip='Compartir en LinkedIn' rel=\"noopener\"><span class='avia_hidden_link_text'>Compartir en LinkedIn<\/span><\/a><\/li><li class='av-share-link av-social-link-mail' ><a  aria-label=\"Compartir por correo\" href='mailto:?subject=Con%20gran%20participaci%C3%B3n%20ciudadana%20finaliza%20el%20ciclo%20de%20talleres%20Explora%20tu%20Verano%20en%20el%20Museo&#038;body=https:\/\/radiorevelacionfm.cl\/?p=27131' aria-hidden='false' data-av_icon='\ue805' data-av_iconfont='entypo-fontello' title='' data-avia-related-tooltip='Compartir por correo'><span class='avia_hidden_link_text'>Compartir por correo<\/span><\/a><\/li><\/ul><\/div><\/div>\n<div  style='height:50px' class='hr hr-invisible   avia-builder-el-8  el_after_av_social_share  el_before_av_comments_list '><span class='hr-inner ' ><span class='hr-inner-style'><\/span><\/span><\/div>\n<div  class='av-buildercomment  av-blog-meta-html-info-disabled av-blog-meta-tag-disabled  '><\/div>\n","protected":false},"excerpt":{"rendered":"","protected":false},"author":1,"featured_media":27132,"comment_status":"open","ping_status":"open","sticky":false,"template":"","format":"standard","meta":{"footnotes":""},"categories":[49],"tags":[],"class_list":["post-27131","post","type-post","status-publish","format-standard","has-post-thumbnail","hentry","category-educacion"],"jetpack_featured_media_url":"https:\/\/radiorevelacionfm.cl\/wp-content\/uploads\/2023\/01\/1-2023-01-26T211543.473-1-1.jpg","_links":{"self":[{"href":"https:\/\/radiorevelacionfm.cl\/index.php?rest_route=\/wp\/v2\/posts\/27131","targetHints":{"allow":["GET"]}}],"collection":[{"href":"https:\/\/radiorevelacionfm.cl\/index.php?rest_route=\/wp\/v2\/posts"}],"about":[{"href":"https:\/\/radiorevelacionfm.cl\/index.php?rest_route=\/wp\/v2\/types\/post"}],"author":[{"embeddable":true,"href":"https:\/\/radiorevelacionfm.cl\/index.php?rest_route=\/wp\/v2\/users\/1"}],"replies":[{"embeddable":true,"href":"https:\/\/radiorevelacionfm.cl\/index.php?rest_route=%2Fwp%2Fv2%2Fcomments&post=27131"}],"version-history":[{"count":2,"href":"https:\/\/radiorevelacionfm.cl\/index.php?rest_route=\/wp\/v2\/posts\/27131\/revisions"}],"predecessor-version":[{"id":27142,"href":"https:\/\/radiorevelacionfm.cl\/index.php?rest_route=\/wp\/v2\/posts\/27131\/revisions\/27142"}],"wp:featuredmedia":[{"embeddable":true,"href":"https:\/\/radiorevelacionfm.cl\/index.php?rest_route=\/wp\/v2\/media\/27132"}],"wp:attachment":[{"href":"https:\/\/radiorevelacionfm.cl\/index.php?rest_route=%2Fwp%2Fv2%2Fmedia&parent=27131"}],"wp:term":[{"taxonomy":"category","embeddable":true,"href":"https:\/\/radiorevelacionfm.cl\/index.php?rest_route=%2Fwp%2Fv2%2Fcategories&post=27131"},{"taxonomy":"post_tag","embeddable":true,"href":"https:\/\/radiorevelacionfm.cl\/index.php?rest_route=%2Fwp%2Fv2%2Ftags&post=27131"}],"curies":[{"name":"wp","href":"https:\/\/api.w.org\/{rel}","templated":true}]}}