{"id":2713,"date":"2021-02-17T14:15:47","date_gmt":"2021-02-17T17:15:47","guid":{"rendered":"https:\/\/radiorevelacionfm.cl\/?p=2713"},"modified":"2021-02-17T14:15:47","modified_gmt":"2021-02-17T17:15:47","slug":"para-mayo-reprograman-juicio-por-fraude-y-malversacion-contra-ex-alcalde-de-guaitecas","status":"publish","type":"post","link":"https:\/\/radiorevelacionfm.cl\/?p=2713","title":{"rendered":"Para mayo reprograman juicio por fraude y malversaci\u00f3n contra ex-Alcalde de Guaitecas"},"content":{"rendered":"<div class=\"flex_column av_one_full  flex_column_div av-zero-column-padding first  avia-builder-el-0  el_before_av_one_full  avia-builder-el-first  \" style='border-radius:0px; '><div  class='avia-image-container  av-styling-    avia-builder-el-1  avia-builder-el-no-sibling  avia-align-center '  itemprop=\"image\" itemscope=\"itemscope\" itemtype=\"https:\/\/schema.org\/ImageObject\"  ><div class='avia-image-container-inner'><div class='avia-image-overlay-wrap'><img decoding=\"async\" class='wp-image-0 avia-img-lazy-loading-not-0 avia_image' src=\"https:\/\/radiorevelacionfm.cl\/wp-content\/uploads\/2021\/02\/IMG_3403-620x403-1.jpg\" alt='' title=''   itemprop=\"thumbnailUrl\"  \/><\/div><\/div><\/div><\/div><div class=\"flex_column av_one_full  flex_column_div av-zero-column-padding first  avia-builder-el-2  el_after_av_one_full  el_before_av_one_full  column-top-margin\" style='border-radius:0px; '><section class=\"av_textblock_section \"  itemscope=\"itemscope\" itemtype=\"https:\/\/schema.org\/BlogPosting\" itemprop=\"blogPost\" ><div class='avia_textblock  '   itemprop=\"text\" ><p style=\"text-align: center;\"><span style=\"font-size: 18pt;\"><strong>Para mayo reprograman juicio por fraude y malversaci\u00f3n contra ex-Alcalde de Guaitecas<\/strong><\/span><\/p>\n<div id=\"gtx-trans\" style=\"position: absolute; left: -50px; top: 4.31534px;\">\n<div class=\"gtx-trans-icon\"><\/div>\n<\/div>\n<\/div><\/section><\/div><div class=\"flex_column av_one_full  flex_column_div av-zero-column-padding first  avia-builder-el-4  el_after_av_one_full  el_before_av_hr  column-top-margin\" style='border-radius:0px; '><section class=\"av_textblock_section \"  itemscope=\"itemscope\" itemtype=\"https:\/\/schema.org\/BlogPosting\" itemprop=\"blogPost\" ><div class='avia_textblock  '   itemprop=\"text\" ><p style=\"text-align: justify;\">El ex edil ser\u00e1 llevado a juicio junto a otro imputado que ser\u00eda parte del millonario fraude a las arcas fiscales de la comuna de Guaitecas, en un monto que supera los 300 millones de pesos.<span id=\"more-83707\"><\/span><\/p>\n<p style=\"text-align: justify;\">El Tribunal de Juicio Oral en lo Penal de Coyhaique revis\u00f3 en las \u00faltimas horas, la factibilidad de realizar el pr\u00f3ximo 15 de marzo el juicio por los delitos de malversaci\u00f3n de caudales p\u00fablicos y fraude al fisco en car\u00e1cter de reiterado, hechos en los cuales su principal imputado es el ex Alcalde de la comuna de Guaitecas, Cristian Alvarado junto a otro imputado.<\/p>\n<p style=\"text-align: justify;\">Las condiciones sanitarias inciertas y la inestabilidad de la se\u00f1al de internet en Melinka dificultar\u00edan el desarrollo del juicio, algo en lo que concord\u00f3 la Fiscal\u00eda y la defensa de los imputados, proceso que se espera poder realizar de forma presencial.<\/p>\n<p style=\"text-align: justify;\">De esta forma, se ha reprogramado el juicio para el d\u00eda lunes 10 de mayo del presente a\u00f1o, considerando que ser\u00edan 2 los imputados y al menos 20 testigos y lo ideal es que la audiencia sea de manera presencial.<\/p>\n<p style=\"text-align: justify;\">Desde el Poder Judicial se ha indicado a nuestro medio de comunicaci\u00f3n que, el d\u00eda 16 de abril pr\u00f3ximo se llevar\u00e1 a cabo una audiencia de factibilidad, con el fin de verificar si las condiciones sanitarias permiten o no llevar a cabo el juicio con la presencia de los imputados, la Fiscal\u00eda, defensores de los imputados y los testigos en el Tribunal en el mes de mayo.<\/p>\n<p style=\"text-align: justify;\">Recordar que, debido a los delitos de fraude al fisco y malversaci\u00f3n de caudales p\u00fablicos en car\u00e1cter de reiterado, el entonces Alcalde de Guaitecas, Cristian Alvarado, fue destituido de ese cargo, ya que la investigaci\u00f3n que sigue en su contra el Ministerio Publico pudo determinar que se defraud\u00f3 al Municipio por un monto que supera los 300 millones de pesos, mientras Alvarado ocupaba el sill\u00f3n edilicio.<\/p>\n<\/div><\/section><\/div><div  style='height:50px' class='hr hr-invisible   avia-builder-el-6  el_after_av_one_full  el_before_av_social_share '><span class='hr-inner ' ><span class='hr-inner-style'><\/span><\/span><\/div><\/p>\n<div  class='av-social-sharing-box  avia-builder-el-7  el_after_av_hr  el_before_av_hr  '><div class='av-share-box'><h5 class='av-share-link-description av-no-toc '>Compartir esta noticia<\/h5><ul class='av-share-box-list noLightbox'><li class='av-share-link av-social-link-facebook' ><a target=\"_blank\" aria-label=\"Compartir en Facebook\" href='https:\/\/www.facebook.com\/sharer.php?u=https:\/\/radiorevelacionfm.cl\/?p=2713&#038;t=Para%20mayo%20reprograman%20juicio%20por%20fraude%20y%20malversaci%C3%B3n%20contra%20ex-Alcalde%20de%20Guaitecas' aria-hidden='false' data-av_icon='\ue8f3' data-av_iconfont='entypo-fontello' title='' data-avia-related-tooltip='Compartir en Facebook' rel=\"noopener\"><span class='avia_hidden_link_text'>Compartir en Facebook<\/span><\/a><\/li><li class='av-share-link av-social-link-twitter' ><a target=\"_blank\" aria-label=\"Compartir en Twitter\" href='https:\/\/twitter.com\/share?text=Para%20mayo%20reprograman%20juicio%20por%20fraude%20y%20malversaci%C3%B3n%20contra%20ex-Alcalde%20de%20Guaitecas&#038;url=https:\/\/radiorevelacionfm.cl\/?p=2713' aria-hidden='false' data-av_icon='\ue8f1' data-av_iconfont='entypo-fontello' title='' data-avia-related-tooltip='Compartir en Twitter' rel=\"noopener\"><span class='avia_hidden_link_text'>Compartir en Twitter<\/span><\/a><\/li><li class='av-share-link av-social-link-whatsapp' ><a target=\"_blank\" aria-label=\"Compartir en Whatsapp\" href='https:\/\/api.whatsapp.com\/send?text=https:\/\/radiorevelacionfm.cl\/?p=2713' aria-hidden='false' data-av_icon='\uf232' data-av_iconfont='entypo-fontello' title='' data-avia-related-tooltip='Compartir en Whatsapp' rel=\"noopener\"><span class='avia_hidden_link_text'>Compartir en Whatsapp<\/span><\/a><\/li><li class='av-share-link av-social-link-linkedin' ><a target=\"_blank\" aria-label=\"Compartir en LinkedIn\" href='https:\/\/linkedin.com\/shareArticle?mini=true&#038;title=Para%20mayo%20reprograman%20juicio%20por%20fraude%20y%20malversaci%C3%B3n%20contra%20ex-Alcalde%20de%20Guaitecas&#038;url=https:\/\/radiorevelacionfm.cl\/?p=2713' aria-hidden='false' data-av_icon='\ue8fc' data-av_iconfont='entypo-fontello' title='' data-avia-related-tooltip='Compartir en LinkedIn' rel=\"noopener\"><span class='avia_hidden_link_text'>Compartir en LinkedIn<\/span><\/a><\/li><li class='av-share-link av-social-link-mail' ><a  aria-label=\"Compartir por correo\" href='mailto:?subject=Para%20mayo%20reprograman%20juicio%20por%20fraude%20y%20malversaci%C3%B3n%20contra%20ex-Alcalde%20de%20Guaitecas&#038;body=https:\/\/radiorevelacionfm.cl\/?p=2713' aria-hidden='false' data-av_icon='\ue805' data-av_iconfont='entypo-fontello' title='' data-avia-related-tooltip='Compartir por correo'><span class='avia_hidden_link_text'>Compartir por correo<\/span><\/a><\/li><\/ul><\/div><\/div>\n<div  style='height:50px' class='hr hr-invisible   avia-builder-el-8  el_after_av_social_share  el_before_av_comments_list '><span class='hr-inner ' ><span class='hr-inner-style'><\/span><\/span><\/div>\n<div  class='av-buildercomment  av-blog-meta-html-info-disabled av-blog-meta-tag-disabled  '><\/div>\n","protected":false},"excerpt":{"rendered":"","protected":false},"author":1,"featured_media":0,"comment_status":"open","ping_status":"open","sticky":false,"template":"","format":"standard","meta":{"footnotes":""},"categories":[55],"tags":[],"class_list":["post-2713","post","type-post","status-publish","format-standard","hentry","category-justicia"],"jetpack_featured_media_url":"","_links":{"self":[{"href":"https:\/\/radiorevelacionfm.cl\/index.php?rest_route=\/wp\/v2\/posts\/2713","targetHints":{"allow":["GET"]}}],"collection":[{"href":"https:\/\/radiorevelacionfm.cl\/index.php?rest_route=\/wp\/v2\/posts"}],"about":[{"href":"https:\/\/radiorevelacionfm.cl\/index.php?rest_route=\/wp\/v2\/types\/post"}],"author":[{"embeddable":true,"href":"https:\/\/radiorevelacionfm.cl\/index.php?rest_route=\/wp\/v2\/users\/1"}],"replies":[{"embeddable":true,"href":"https:\/\/radiorevelacionfm.cl\/index.php?rest_route=%2Fwp%2Fv2%2Fcomments&post=2713"}],"version-history":[{"count":1,"href":"https:\/\/radiorevelacionfm.cl\/index.php?rest_route=\/wp\/v2\/posts\/2713\/revisions"}],"predecessor-version":[{"id":2715,"href":"https:\/\/radiorevelacionfm.cl\/index.php?rest_route=\/wp\/v2\/posts\/2713\/revisions\/2715"}],"wp:attachment":[{"href":"https:\/\/radiorevelacionfm.cl\/index.php?rest_route=%2Fwp%2Fv2%2Fmedia&parent=2713"}],"wp:term":[{"taxonomy":"category","embeddable":true,"href":"https:\/\/radiorevelacionfm.cl\/index.php?rest_route=%2Fwp%2Fv2%2Fcategories&post=2713"},{"taxonomy":"post_tag","embeddable":true,"href":"https:\/\/radiorevelacionfm.cl\/index.php?rest_route=%2Fwp%2Fv2%2Ftags&post=2713"}],"curies":[{"name":"wp","href":"https:\/\/api.w.org\/{rel}","templated":true}]}}