{"id":27128,"date":"2023-01-26T21:23:01","date_gmt":"2023-01-27T00:23:01","guid":{"rendered":"https:\/\/radiorevelacionfm.cl\/?p=27128"},"modified":"2023-01-26T21:23:01","modified_gmt":"2023-01-27T00:23:01","slug":"el-estado-se-hara-cargo-de-la-ruta-7-gobernadora-de-aysen-valora-nuevo-plan-de-conectividad-del-presidente-boric","status":"publish","type":"post","link":"https:\/\/radiorevelacionfm.cl\/?p=27128","title":{"rendered":"El Estado se har\u00e1 cargo de la Ruta 7: Gobernadora de Ays\u00e9n valora nuevo plan de conectividad del Presidente Boric"},"content":{"rendered":"<div class=\"flex_column av_one_full  flex_column_div av-zero-column-padding first  avia-builder-el-0  el_before_av_one_full  avia-builder-el-first  \" style='border-radius:0px; '><div  class='avia-image-container  av-styling-    avia-builder-el-1  avia-builder-el-no-sibling  avia-align-center '  itemprop=\"image\" itemscope=\"itemscope\" itemtype=\"https:\/\/schema.org\/ImageObject\"  ><div class='avia-image-container-inner'><div class='avia-image-overlay-wrap'><img decoding=\"async\" class='wp-image-27129 avia-img-lazy-loading-not-27129 avia_image' src=\"https:\/\/radiorevelacionfm.cl\/wp-content\/uploads\/2023\/01\/foto-2-29-1-1.jpeg\" alt='' title='foto 2 (29) (1) (1)' height=\"600\" width=\"901\"  itemprop=\"thumbnailUrl\" srcset=\"https:\/\/radiorevelacionfm.cl\/wp-content\/uploads\/2023\/01\/foto-2-29-1-1.jpeg 901w, https:\/\/radiorevelacionfm.cl\/wp-content\/uploads\/2023\/01\/foto-2-29-1-1-300x200.jpeg 300w, https:\/\/radiorevelacionfm.cl\/wp-content\/uploads\/2023\/01\/foto-2-29-1-1-768x511.jpeg 768w, https:\/\/radiorevelacionfm.cl\/wp-content\/uploads\/2023\/01\/foto-2-29-1-1-705x469.jpeg 705w, https:\/\/radiorevelacionfm.cl\/wp-content\/uploads\/2023\/01\/foto-2-29-1-1-600x400.jpeg 600w\" sizes=\"(max-width: 901px) 100vw, 901px\" \/><\/div><\/div><\/div><\/div><div class=\"flex_column av_one_full  flex_column_div av-zero-column-padding first  avia-builder-el-2  el_after_av_one_full  el_before_av_one_full  column-top-margin\" style='border-radius:0px; '><section class=\"av_textblock_section \"  itemscope=\"itemscope\" itemtype=\"https:\/\/schema.org\/BlogPosting\" itemprop=\"blogPost\" ><div class='avia_textblock  '   itemprop=\"text\" ><p style=\"text-align: center;\"><strong><span style=\"font-size: 18pt;\">El Estado se har\u00e1 cargo de la Ruta 7: Gobernadora de Ays\u00e9n valora nuevo plan de conectividad del Presidente Boric<\/span><\/strong><\/p>\n<div id=\"gtx-trans\" style=\"position: absolute; left: -50px; top: 4.31534px;\">\n<div class=\"gtx-trans-icon\"><\/div>\n<\/div>\n<\/div><\/section><\/div><div class=\"flex_column av_one_full  flex_column_div av-zero-column-padding first  avia-builder-el-4  el_after_av_one_full  el_before_av_hr  column-top-margin\" style='border-radius:0px; '><section class=\"av_textblock_section \"  itemscope=\"itemscope\" itemtype=\"https:\/\/schema.org\/BlogPosting\" itemprop=\"blogPost\" ><div class='avia_textblock  '   itemprop=\"text\" ><p dir=\"ltr\" style=\"text-align: justify;\">Este jueves la gira del Presidente de la Rep\u00fablica, Gabriel Boric Font, por la Regi\u00f3n de Ays\u00e9n, continu\u00f3 en la comuna de R\u00edo Ib\u00e1\u00f1ez, lugar donde, acompa\u00f1ado por la Gobernadora Regional, Andrea Mac\u00edas Palma, present\u00f3 a la ciudadan\u00eda el Plan de Mejoramiento para la Integraci\u00f3n y Conectividad, en el que se establece que el Estado \u2014a trav\u00e9s del Ministerio de Obras P\u00fablicas (MOP)\u2014 asume integralmente los desaf\u00edos de financiar y ejecutar la conectividad estrat\u00e9gica de la Ruta 7.<\/p>\n<p dir=\"ltr\" style=\"text-align: justify;\">De acuerdo a las cifras entregadas por el Gobierno, el nuevo plan de conectividad del Presidente Boric, quien lo comunic\u00f3 junto al jefe de la cartera de Obras P\u00fablicas, Juan Carlos Garc\u00eda, contempla una inversi\u00f3n cercana a los 600 mil millones de pesos en ocho a\u00f1os, a destinar entre Ays\u00e9n (M$438.042.516) y la localidad de Palena en la Regi\u00f3n de Los Lagos (M$152.125.371). Con este financiamiento comprometido para la Ruta 7, una de las instituciones que m\u00e1s se benefician es el Gobierno Regional de Ays\u00e9n, que ver\u00e1 liberado su presupuesto para atender obras complementarias de alta sensibilidad para la poblaci\u00f3n.<\/p>\n<p dir=\"ltr\" style=\"text-align: justify;\">En esta l\u00ednea, la Gobernadora Andrea Mac\u00edas Palma dijo estar \u00abmuy contenta\u00bb con la visita presidencial y este anuncio para la regi\u00f3n. \u00abSiempre hemos dicho que el Estado ha estado retrasado en su inversi\u00f3n, que ha llegado tarde en ciertas cosas, que ha sido desde el Gobierno Regional desde donde han tenido que sostenerse grandes inversiones, y hoy este es un tremendo anuncio, que nos permite liberar recursos para optar a otras iniciativas. Tambi\u00e9n en materia de conectividad vamos a seguir apoyando y colaborando, pero que el Estado se haga cargo del financiamiento de la Ruta 7, viene a hacer justicia con la Regi\u00f3n de Ays\u00e9n\u00bb, declar\u00f3.<\/p>\n<p dir=\"ltr\" style=\"text-align: justify;\">Con esta medida, el Gobierno posibilitar\u00e1 el avance de 140 km de pavimento de la ruta durante la actual administraci\u00f3n del Presidente Gabriel Boric, (2022-2026). En tanto, para este 2023 se iniciar\u00e1n obras que suman 39 km de intervenci\u00f3n en la Ruta 7, tales como: el tramo del Cruce Bah\u00eda Murta a Puente El Belga, en la comuna de R\u00edo Ib\u00e1\u00f1ez (17 Km); el tramo Confluencia Baker y Neff a Puente Chacabuco, en la comuna de Cochrane (17 km); el tramo L\u00edmite Sur Parque Patagonia \u2013 Acceso Norte Cochrane (5 Km); la reposici\u00f3n de los puentes Palena y Rosselot, en la comuna de Cisnes; y la relicitaci\u00f3n de obras en la Ruta 7.<\/p>\n<p dir=\"ltr\" style=\"text-align: justify;\">Sobre este avance de 140 km durante su mandato, el jefe de Gobierno explic\u00f3 que ese ser\u00e1 un piso m\u00ednimo. \u00abLa Carretera Austral tiene 1.240 km, un 45% de ella est\u00e1 pavimentada, y si seguimos a este ritmo nos vamos a demorar demasiado. Por lo tanto, este piso m\u00ednimo de 140 km yo me comprometo a conversar y sacar adelante un plan que vaya m\u00e1s r\u00e1pido para la Regi\u00f3n de Ays\u00e9n, y que podamos sacar adelante y conectar a los lugares m\u00e1s rec\u00f3nditos de esta regi\u00f3n. Nos la vamos a jugar y vamos a poner toda la energ\u00eda en eso, porque es un tema de Estado, es una visi\u00f3n de Estado, de conectar nuestro territorio, es geopol\u00edticamente importante, es de dignidad para sus habitantes\u00bb, manifest\u00f3 el Presidente de la Rep\u00fablica.<\/p>\n<p dir=\"ltr\" style=\"text-align: justify;\">Adem\u00e1s de lo anterior, el mandatario anunci\u00f3 que este 2023 iniciar\u00e1n las obras para la construcci\u00f3n de la nueva nave que reforzar\u00e1 la conectividad lacustre en el lago General Carrera. Esta barcaza ser\u00e1 un complemento a la operaci\u00f3n de la nave La Tehuelche, que ya se encuentra nuevamente en funcionamiento, y a la reactivaci\u00f3n del servicio de la barcaza Pilchero, lo que significar\u00e1 una inversi\u00f3n adicional de 400 millones de pesos.<\/p>\n<p dir=\"ltr\" style=\"text-align: justify;\">\u00abQueremos tambi\u00e9n hacer con esto una invitaci\u00f3n, y ya estamos trabajando con la Gobernadora. Queremos trabajar con todas las autoridades locales para que estas medidas podamos suplementarlas, priorizando en conjunto la conectividad local, que es tan importante para la regi\u00f3n. Que prioricemos en conjunto las nuevas inversiones, de manera que una inversi\u00f3n, que en nuestro Gobierno va a llegar a 400 mil millones de pesos, no sea decidida desde La Moneda, sino que la decidamos en conjunto con el Gobierno Regional, con las autoridades locales, y que los recursos regionales y nacionales vayan a fortalecer la conectividad y, por sobre todo, un desarrollo de la regi\u00f3n sostenible\u00bb, se\u00f1al\u00f3 el Ministro de Obras P\u00fablicas, Juan Carlos Garc\u00eda.<\/p>\n<\/div><\/section><\/div><div  style='height:50px' class='hr hr-invisible   avia-builder-el-6  el_after_av_one_full  el_before_av_social_share '><span class='hr-inner ' ><span class='hr-inner-style'><\/span><\/span><\/div><\/p>\n<div  class='av-social-sharing-box  avia-builder-el-7  el_after_av_hr  el_before_av_hr  '><div class='av-share-box'><h5 class='av-share-link-description av-no-toc '>Compartir esta noticia<\/h5><ul class='av-share-box-list noLightbox'><li class='av-share-link av-social-link-facebook' ><a target=\"_blank\" aria-label=\"Compartir en Facebook\" href='https:\/\/www.facebook.com\/sharer.php?u=https:\/\/radiorevelacionfm.cl\/?p=27128&#038;t=El%20Estado%20se%20har%C3%A1%20cargo%20de%20la%20Ruta%207%3A%20Gobernadora%20de%20Ays%C3%A9n%20valora%20nuevo%20plan%20de%20conectividad%20del%20Presidente%20Boric' aria-hidden='false' data-av_icon='\ue8f3' data-av_iconfont='entypo-fontello' title='' data-avia-related-tooltip='Compartir en Facebook' rel=\"noopener\"><span class='avia_hidden_link_text'>Compartir en Facebook<\/span><\/a><\/li><li class='av-share-link av-social-link-twitter' ><a target=\"_blank\" aria-label=\"Compartir en Twitter\" href='https:\/\/twitter.com\/share?text=El%20Estado%20se%20har%C3%A1%20cargo%20de%20la%20Ruta%207%3A%20Gobernadora%20de%20Ays%C3%A9n%20valora%20nuevo%20plan%20de%20conectividad%20del%20Presidente%20Boric&#038;url=https:\/\/radiorevelacionfm.cl\/?p=27128' aria-hidden='false' data-av_icon='\ue8f1' data-av_iconfont='entypo-fontello' title='' data-avia-related-tooltip='Compartir en Twitter' rel=\"noopener\"><span class='avia_hidden_link_text'>Compartir en Twitter<\/span><\/a><\/li><li class='av-share-link av-social-link-whatsapp' ><a target=\"_blank\" aria-label=\"Compartir en Whatsapp\" href='https:\/\/api.whatsapp.com\/send?text=https:\/\/radiorevelacionfm.cl\/?p=27128' aria-hidden='false' data-av_icon='\uf232' data-av_iconfont='entypo-fontello' title='' data-avia-related-tooltip='Compartir en Whatsapp' rel=\"noopener\"><span class='avia_hidden_link_text'>Compartir en Whatsapp<\/span><\/a><\/li><li class='av-share-link av-social-link-linkedin' ><a target=\"_blank\" aria-label=\"Compartir en LinkedIn\" href='https:\/\/linkedin.com\/shareArticle?mini=true&#038;title=El%20Estado%20se%20har%C3%A1%20cargo%20de%20la%20Ruta%207%3A%20Gobernadora%20de%20Ays%C3%A9n%20valora%20nuevo%20plan%20de%20conectividad%20del%20Presidente%20Boric&#038;url=https:\/\/radiorevelacionfm.cl\/?p=27128' aria-hidden='false' data-av_icon='\ue8fc' data-av_iconfont='entypo-fontello' title='' data-avia-related-tooltip='Compartir en LinkedIn' rel=\"noopener\"><span class='avia_hidden_link_text'>Compartir en LinkedIn<\/span><\/a><\/li><li class='av-share-link av-social-link-mail' ><a  aria-label=\"Compartir por correo\" href='mailto:?subject=El%20Estado%20se%20har%C3%A1%20cargo%20de%20la%20Ruta%207%3A%20Gobernadora%20de%20Ays%C3%A9n%20valora%20nuevo%20plan%20de%20conectividad%20del%20Presidente%20Boric&#038;body=https:\/\/radiorevelacionfm.cl\/?p=27128' aria-hidden='false' data-av_icon='\ue805' data-av_iconfont='entypo-fontello' title='' data-avia-related-tooltip='Compartir por correo'><span class='avia_hidden_link_text'>Compartir por correo<\/span><\/a><\/li><\/ul><\/div><\/div>\n<div  style='height:50px' class='hr hr-invisible   avia-builder-el-8  el_after_av_social_share  el_before_av_comments_list '><span class='hr-inner ' ><span class='hr-inner-style'><\/span><\/span><\/div>\n<div  class='av-buildercomment  av-blog-meta-html-info-disabled av-blog-meta-tag-disabled  '><\/div>\n","protected":false},"excerpt":{"rendered":"","protected":false},"author":1,"featured_media":27129,"comment_status":"open","ping_status":"open","sticky":false,"template":"","format":"standard","meta":{"footnotes":""},"categories":[38],"tags":[],"class_list":["post-27128","post","type-post","status-publish","format-standard","has-post-thumbnail","hentry","category-regional"],"jetpack_featured_media_url":"https:\/\/radiorevelacionfm.cl\/wp-content\/uploads\/2023\/01\/foto-2-29-1-1.jpeg","_links":{"self":[{"href":"https:\/\/radiorevelacionfm.cl\/index.php?rest_route=\/wp\/v2\/posts\/27128","targetHints":{"allow":["GET"]}}],"collection":[{"href":"https:\/\/radiorevelacionfm.cl\/index.php?rest_route=\/wp\/v2\/posts"}],"about":[{"href":"https:\/\/radiorevelacionfm.cl\/index.php?rest_route=\/wp\/v2\/types\/post"}],"author":[{"embeddable":true,"href":"https:\/\/radiorevelacionfm.cl\/index.php?rest_route=\/wp\/v2\/users\/1"}],"replies":[{"embeddable":true,"href":"https:\/\/radiorevelacionfm.cl\/index.php?rest_route=%2Fwp%2Fv2%2Fcomments&post=27128"}],"version-history":[{"count":2,"href":"https:\/\/radiorevelacionfm.cl\/index.php?rest_route=\/wp\/v2\/posts\/27128\/revisions"}],"predecessor-version":[{"id":27134,"href":"https:\/\/radiorevelacionfm.cl\/index.php?rest_route=\/wp\/v2\/posts\/27128\/revisions\/27134"}],"wp:featuredmedia":[{"embeddable":true,"href":"https:\/\/radiorevelacionfm.cl\/index.php?rest_route=\/wp\/v2\/media\/27129"}],"wp:attachment":[{"href":"https:\/\/radiorevelacionfm.cl\/index.php?rest_route=%2Fwp%2Fv2%2Fmedia&parent=27128"}],"wp:term":[{"taxonomy":"category","embeddable":true,"href":"https:\/\/radiorevelacionfm.cl\/index.php?rest_route=%2Fwp%2Fv2%2Fcategories&post=27128"},{"taxonomy":"post_tag","embeddable":true,"href":"https:\/\/radiorevelacionfm.cl\/index.php?rest_route=%2Fwp%2Fv2%2Ftags&post=27128"}],"curies":[{"name":"wp","href":"https:\/\/api.w.org\/{rel}","templated":true}]}}