{"id":27124,"date":"2023-01-26T19:33:30","date_gmt":"2023-01-26T22:33:30","guid":{"rendered":"https:\/\/radiorevelacionfm.cl\/?p=27124"},"modified":"2023-01-26T19:33:30","modified_gmt":"2023-01-26T22:33:30","slug":"en-dia-de-la-educacion-ambiental-anuncian-proyectos-regionales-ganadores-del-fondo-de-proteccion-ambiental","status":"publish","type":"post","link":"https:\/\/radiorevelacionfm.cl\/?p=27124","title":{"rendered":"En D\u00eda de la Educaci\u00f3n Ambiental, anuncian proyectos regionales ganadores del Fondo de Protecci\u00f3n Ambiental"},"content":{"rendered":"<div class=\"flex_column av_one_full  flex_column_div av-zero-column-padding first  avia-builder-el-0  el_before_av_one_full  avia-builder-el-first  \" style='border-radius:0px; '><div  class='avia-image-container  av-styling-    avia-builder-el-1  avia-builder-el-no-sibling  avia-align-center '  itemprop=\"image\" itemscope=\"itemscope\" itemtype=\"https:\/\/schema.org\/ImageObject\"  ><div class='avia-image-container-inner'><div class='avia-image-overlay-wrap'><img decoding=\"async\" class='wp-image-27125 avia-img-lazy-loading-not-27125 avia_image' src=\"https:\/\/radiorevelacionfm.cl\/wp-content\/uploads\/2023\/01\/fpa2-1_optimized-1.jpg\" alt='' title='fpa2-(1)_optimized (1)' height=\"600\" width=\"800\"  itemprop=\"thumbnailUrl\" srcset=\"https:\/\/radiorevelacionfm.cl\/wp-content\/uploads\/2023\/01\/fpa2-1_optimized-1.jpg 800w, https:\/\/radiorevelacionfm.cl\/wp-content\/uploads\/2023\/01\/fpa2-1_optimized-1-300x225.jpg 300w, https:\/\/radiorevelacionfm.cl\/wp-content\/uploads\/2023\/01\/fpa2-1_optimized-1-768x576.jpg 768w, https:\/\/radiorevelacionfm.cl\/wp-content\/uploads\/2023\/01\/fpa2-1_optimized-1-705x529.jpg 705w, https:\/\/radiorevelacionfm.cl\/wp-content\/uploads\/2023\/01\/fpa2-1_optimized-1-600x450.jpg 600w\" sizes=\"(max-width: 800px) 100vw, 800px\" \/><\/div><\/div><\/div><\/div><div class=\"flex_column av_one_full  flex_column_div av-zero-column-padding first  avia-builder-el-2  el_after_av_one_full  el_before_av_one_full  column-top-margin\" style='border-radius:0px; '><section class=\"av_textblock_section \"  itemscope=\"itemscope\" itemtype=\"https:\/\/schema.org\/BlogPosting\" itemprop=\"blogPost\" ><div class='avia_textblock  '   itemprop=\"text\" ><p style=\"text-align: center;\"><span style=\"font-size: 18pt;\"><strong>En D\u00eda de la Educaci\u00f3n Ambiental, anuncian proyectos regionales ganadores del Fondo de Protecci\u00f3n Ambiental <\/strong><\/span><\/p>\n<div id=\"gtx-trans\" style=\"position: absolute; left: -50px; top: 4.31534px;\">\n<div class=\"gtx-trans-icon\"><\/div>\n<\/div>\n<\/div><\/section><\/div><div class=\"flex_column av_one_full  flex_column_div av-zero-column-padding first  avia-builder-el-4  el_after_av_one_full  el_before_av_hr  column-top-margin\" style='border-radius:0px; '><section class=\"av_textblock_section \"  itemscope=\"itemscope\" itemtype=\"https:\/\/schema.org\/BlogPosting\" itemprop=\"blogPost\" ><div class='avia_textblock  '   itemprop=\"text\" ><p style=\"text-align: justify;\">Hace 48 a\u00f1os que cada 26 de enero se celebra el d\u00eda de la educaci\u00f3n Ambiental, desde que en que la Conferencia de las Naciones Unidas se expuso la necesidad de contar con criterios y principios comunes para ofrecer a los pueblos del mundo orientaci\u00f3n e inspiraci\u00f3n para preservar y mejorar el medio ambiente.<\/p>\n<p style=\"text-align: justify;\">Para conmemorar este d\u00eda, desde el Ministerio de Medio Ambiente anunciaron los ganadores y ganadoras del Fondo de Protecci\u00f3n Ambiental, iniciativa destinada a financiar proyectos originados en la ciudadan\u00eda y organizaciones de la sociedad civil, y as\u00ed entregar soluciones ambientales para y desde las comunidades, promoviendo adem\u00e1s valores ambientales con un fuerte componente educativo.<\/p>\n<p style=\"text-align: justify;\">El SEREMI del Medio Ambiente, Juli\u00e1n C\u00e1rdenas destac\u00f3 que como Ministerio desarrollan varios programas que tienen a la educaci\u00f3n ambiental como cimiento, tal es el caso del\u00a0 Sistema de Certificaci\u00f3n Ambiental de Establecimientos Educacionales SNCAE, el sistema de Certificaci\u00f3n Ambiental Municipal SCAM y\u00a0 los programas de sensibilizaci\u00f3n ciudadana, como el FNDR de educaci\u00f3n ambiental en aire, \u201cEl Fondo de Protecci\u00f3n Ambiental es sin duda una de las herramientas de gesti\u00f3n m\u00e1s poderosa con que contamos como Ministerio, pues nos permite desarrollar ideas ambientales con una mirada local e identitaria, las que pueden luego proyectarse y sostenerse en el tiempo, promoviendo adem\u00e1s su socializaci\u00f3n comunitaria, convirti\u00e9ndose as\u00ed en verdaderos agentes de cambio\u201d, valor\u00f3 la autoridad.<\/p>\n<p style=\"text-align: justify;\">La educaci\u00f3n ambiental es un proceso permanente que compromete a toda la comunidad, para conocer, valorar y aprender a convivir de manera respetuosa y solidaria con los distintos ecosistemas en que estamos insertos. En esta l\u00ednea, los proyectos del Fondo de Protecci\u00f3n Ambiental se soportan en un pilar central, que es la Educaci\u00f3n Ambiental con las comunidades donde se emplazan. Son una instancia de sensibilizaci\u00f3n y aprendizaje sobre diversos temas ambientales, y donde se ven beneficiadas organizaciones vecinales, establecimientos educacionales y otras emplazadas en el territorio.<\/p>\n<p style=\"text-align: justify;\">Los resultados del XXVI Concurso del FPA 2023 consideraron una entrega de recursos del orden de 700 millones de pesos, beneficiando a 122 organizaciones a nivel nacional. Para este concurso, el Ministerio del Medio Ambiente aument\u00f3 los montos de ejecuci\u00f3n para cada proyecto, pasando de los 4,5 millones en promedio que se entregaban hasta el a\u00f1o pasado, a 6 millones de pesos para cada uno en 2023.<\/p>\n<p style=\"text-align: justify;\">En la regi\u00f3n de Ays\u00e9n los beneficiados fueron: el Consejo Vecinal de Desarrollo Barrio Quebrada la Cruz con el proyecto \u201cQuebrada la Cruz: Recuperando un espacio de encuentro\u201d en la ciudad de Coyhaique; el Sindicato de Trabajadores Independientes de la Pesca Artesanal con el proyecto \u201cManejo y erradicaci\u00f3n\u00a0 del Retamo (Spartium junceum) de la playa principal\u201d de Puerto Ra\u00fal Mar\u00edn Balmaceda; la Junta de vecinos N\u00b016 de Valle con un \u201cCentro comunitario ap\u00edcola\u201d; \u00a0el Centro General de Padres y Apoderados Escuela E-7 Gabriela Mistral de Puerto Ays\u00e9n con la tercera versi\u00f3n de la iniciativa \u201cLombricando Vamos Avanzando\u201d; el Centro de Padres y Apoderados Jard\u00edn Familiar El Para\u00edso, de Puerto Guadal, con el proyecto \u201cConociendo y cuidando la Flora Nativa en mi Jard\u00edn\u201d; el Centro General de Padres y Apoderados Escuela B\u00e1sica de Chile Chico con \u201cGuardianes de la Estepa\u201d; y el Centro General de Padres del Colegio Santa Teresa de los Andes de Puerto Ays\u00e9n con el proyecto \u201cUpcycling textil\u201d, un primer paso al consumo consciente.<\/p>\n<p style=\"text-align: justify;\">El SEREMI del Medio Ambiente felicit\u00f3 a las organizaciones participantes y a aquellos que durante 2023 ver\u00e1n concretadas sus iniciativas \u201cEs muy reconfortante ver como cada a\u00f1o son m\u00e1s y m\u00e1s las iniciativas que postulan a este fondo, porque sabemos que este tipo de apoyo es esencial para movilizar cambios sustentables. Por lo mismo, quiero aprovechar de contarle a aquellas organizaciones que no fueron seleccionadas en estos concursos, y tambi\u00e9n a quienes quieran sumarse, que prontamente lanzaremos nuevos concursos de este fondo FPA, as\u00ed que las y los invitamos a mantenerse atentos a nuestras redes sociales\u201d, anunci\u00f3 Juli\u00e1n C\u00e1rdenas.<\/p>\n<p style=\"text-align: justify;\">Para los nuevos llamados del Fondo de Protecci\u00f3n Ambiental 2023 el Ministerio del Medio Ambiente espera contribuir a satisfacer demandas ambientales urgentes de las regiones como son la gesti\u00f3n h\u00eddrica, la conservaci\u00f3n y protecci\u00f3n de \u00e1reas naturales, el manejo de residuos y la gesti\u00f3n de humedales, entre otros, y se espera que, en conjunto, los recursos asociados a estos nuevos concursos asciendan a m\u00e1s de $ 1.100 millones.<\/p>\n<\/div><\/section><\/div><div  style='height:50px' class='hr hr-invisible   avia-builder-el-6  el_after_av_one_full  el_before_av_social_share '><span class='hr-inner ' ><span class='hr-inner-style'><\/span><\/span><\/div><\/p>\n<div  class='av-social-sharing-box  avia-builder-el-7  el_after_av_hr  el_before_av_hr  '><div class='av-share-box'><h5 class='av-share-link-description av-no-toc '>Compartir esta noticia<\/h5><ul class='av-share-box-list noLightbox'><li class='av-share-link av-social-link-facebook' ><a target=\"_blank\" aria-label=\"Compartir en Facebook\" href='https:\/\/www.facebook.com\/sharer.php?u=https:\/\/radiorevelacionfm.cl\/?p=27124&#038;t=En%20D%C3%ADa%20de%20la%20Educaci%C3%B3n%20Ambiental%2C%20anuncian%20proyectos%20regionales%20ganadores%20del%20Fondo%20de%20Protecci%C3%B3n%20Ambiental' aria-hidden='false' data-av_icon='\ue8f3' data-av_iconfont='entypo-fontello' title='' data-avia-related-tooltip='Compartir en Facebook' rel=\"noopener\"><span class='avia_hidden_link_text'>Compartir en Facebook<\/span><\/a><\/li><li class='av-share-link av-social-link-twitter' ><a target=\"_blank\" aria-label=\"Compartir en Twitter\" href='https:\/\/twitter.com\/share?text=En%20D%C3%ADa%20de%20la%20Educaci%C3%B3n%20Ambiental%2C%20anuncian%20proyectos%20regionales%20ganadores%20del%20Fondo%20de%20Protecci%C3%B3n%20Ambiental&#038;url=https:\/\/radiorevelacionfm.cl\/?p=27124' aria-hidden='false' data-av_icon='\ue8f1' data-av_iconfont='entypo-fontello' title='' data-avia-related-tooltip='Compartir en Twitter' rel=\"noopener\"><span class='avia_hidden_link_text'>Compartir en Twitter<\/span><\/a><\/li><li class='av-share-link av-social-link-whatsapp' ><a target=\"_blank\" aria-label=\"Compartir en Whatsapp\" href='https:\/\/api.whatsapp.com\/send?text=https:\/\/radiorevelacionfm.cl\/?p=27124' aria-hidden='false' data-av_icon='\uf232' data-av_iconfont='entypo-fontello' title='' data-avia-related-tooltip='Compartir en Whatsapp' rel=\"noopener\"><span class='avia_hidden_link_text'>Compartir en Whatsapp<\/span><\/a><\/li><li class='av-share-link av-social-link-linkedin' ><a target=\"_blank\" aria-label=\"Compartir en LinkedIn\" href='https:\/\/linkedin.com\/shareArticle?mini=true&#038;title=En%20D%C3%ADa%20de%20la%20Educaci%C3%B3n%20Ambiental%2C%20anuncian%20proyectos%20regionales%20ganadores%20del%20Fondo%20de%20Protecci%C3%B3n%20Ambiental&#038;url=https:\/\/radiorevelacionfm.cl\/?p=27124' aria-hidden='false' data-av_icon='\ue8fc' data-av_iconfont='entypo-fontello' title='' data-avia-related-tooltip='Compartir en LinkedIn' rel=\"noopener\"><span class='avia_hidden_link_text'>Compartir en LinkedIn<\/span><\/a><\/li><li class='av-share-link av-social-link-mail' ><a  aria-label=\"Compartir por correo\" href='mailto:?subject=En%20D%C3%ADa%20de%20la%20Educaci%C3%B3n%20Ambiental%2C%20anuncian%20proyectos%20regionales%20ganadores%20del%20Fondo%20de%20Protecci%C3%B3n%20Ambiental&#038;body=https:\/\/radiorevelacionfm.cl\/?p=27124' aria-hidden='false' data-av_icon='\ue805' data-av_iconfont='entypo-fontello' title='' data-avia-related-tooltip='Compartir por correo'><span class='avia_hidden_link_text'>Compartir por correo<\/span><\/a><\/li><\/ul><\/div><\/div>\n<div  style='height:50px' class='hr hr-invisible   avia-builder-el-8  el_after_av_social_share  el_before_av_comments_list '><span class='hr-inner ' ><span class='hr-inner-style'><\/span><\/span><\/div>\n<div  class='av-buildercomment  av-blog-meta-html-info-disabled av-blog-meta-tag-disabled  '><\/div>\n","protected":false},"excerpt":{"rendered":"","protected":false},"author":1,"featured_media":27125,"comment_status":"open","ping_status":"open","sticky":false,"template":"","format":"standard","meta":{"footnotes":""},"categories":[39],"tags":[],"class_list":["post-27124","post","type-post","status-publish","format-standard","has-post-thumbnail","hentry","category-medio-ambiente"],"jetpack_featured_media_url":"https:\/\/radiorevelacionfm.cl\/wp-content\/uploads\/2023\/01\/fpa2-1_optimized-1.jpg","_links":{"self":[{"href":"https:\/\/radiorevelacionfm.cl\/index.php?rest_route=\/wp\/v2\/posts\/27124","targetHints":{"allow":["GET"]}}],"collection":[{"href":"https:\/\/radiorevelacionfm.cl\/index.php?rest_route=\/wp\/v2\/posts"}],"about":[{"href":"https:\/\/radiorevelacionfm.cl\/index.php?rest_route=\/wp\/v2\/types\/post"}],"author":[{"embeddable":true,"href":"https:\/\/radiorevelacionfm.cl\/index.php?rest_route=\/wp\/v2\/users\/1"}],"replies":[{"embeddable":true,"href":"https:\/\/radiorevelacionfm.cl\/index.php?rest_route=%2Fwp%2Fv2%2Fcomments&post=27124"}],"version-history":[{"count":2,"href":"https:\/\/radiorevelacionfm.cl\/index.php?rest_route=\/wp\/v2\/posts\/27124\/revisions"}],"predecessor-version":[{"id":27127,"href":"https:\/\/radiorevelacionfm.cl\/index.php?rest_route=\/wp\/v2\/posts\/27124\/revisions\/27127"}],"wp:featuredmedia":[{"embeddable":true,"href":"https:\/\/radiorevelacionfm.cl\/index.php?rest_route=\/wp\/v2\/media\/27125"}],"wp:attachment":[{"href":"https:\/\/radiorevelacionfm.cl\/index.php?rest_route=%2Fwp%2Fv2%2Fmedia&parent=27124"}],"wp:term":[{"taxonomy":"category","embeddable":true,"href":"https:\/\/radiorevelacionfm.cl\/index.php?rest_route=%2Fwp%2Fv2%2Fcategories&post=27124"},{"taxonomy":"post_tag","embeddable":true,"href":"https:\/\/radiorevelacionfm.cl\/index.php?rest_route=%2Fwp%2Fv2%2Ftags&post=27124"}],"curies":[{"name":"wp","href":"https:\/\/api.w.org\/{rel}","templated":true}]}}