{"id":27120,"date":"2023-01-26T16:00:24","date_gmt":"2023-01-26T19:00:24","guid":{"rendered":"https:\/\/radiorevelacionfm.cl\/?p=27120"},"modified":"2023-01-26T16:00:24","modified_gmt":"2023-01-26T19:00:24","slug":"alcalde-francisco-roncagliolo-es-fundamental-que-el-concepto-chile-por-chile-por-tierra-se-siga-instalando","status":"publish","type":"post","link":"https:\/\/radiorevelacionfm.cl\/?p=27120","title":{"rendered":"Alcalde Francisco Roncagliolo \u201ces fundamental que el concepto Chile por Chile por tierra se siga instalando\u201d"},"content":{"rendered":"<div class=\"flex_column av_one_full  flex_column_div av-zero-column-padding first  avia-builder-el-0  el_before_av_one_full  avia-builder-el-first  \" style='border-radius:0px; '><div  class='avia-image-container  av-styling-    avia-builder-el-1  avia-builder-el-no-sibling  avia-align-center '  itemprop=\"image\" itemscope=\"itemscope\" itemtype=\"https:\/\/schema.org\/ImageObject\"  ><div class='avia-image-container-inner'><div class='avia-image-overlay-wrap'><img decoding=\"async\" class='wp-image-27121 avia-img-lazy-loading-not-27121 avia_image' src=\"https:\/\/radiorevelacionfm.cl\/wp-content\/uploads\/2023\/01\/ALCALDE-PRESIDENTE-2-1-1.jpg\" alt='' title='ALCALDE PRESIDENTE 2 (1) (1)' height=\"600\" width=\"900\"  itemprop=\"thumbnailUrl\" srcset=\"https:\/\/radiorevelacionfm.cl\/wp-content\/uploads\/2023\/01\/ALCALDE-PRESIDENTE-2-1-1.jpg 900w, https:\/\/radiorevelacionfm.cl\/wp-content\/uploads\/2023\/01\/ALCALDE-PRESIDENTE-2-1-1-300x200.jpg 300w, https:\/\/radiorevelacionfm.cl\/wp-content\/uploads\/2023\/01\/ALCALDE-PRESIDENTE-2-1-1-768x512.jpg 768w, https:\/\/radiorevelacionfm.cl\/wp-content\/uploads\/2023\/01\/ALCALDE-PRESIDENTE-2-1-1-705x470.jpg 705w, https:\/\/radiorevelacionfm.cl\/wp-content\/uploads\/2023\/01\/ALCALDE-PRESIDENTE-2-1-1-600x400.jpg 600w\" sizes=\"(max-width: 900px) 100vw, 900px\" \/><\/div><\/div><\/div><\/div><div class=\"flex_column av_one_full  flex_column_div av-zero-column-padding first  avia-builder-el-2  el_after_av_one_full  el_before_av_one_full  column-top-margin\" style='border-radius:0px; '><section class=\"av_textblock_section \"  itemscope=\"itemscope\" itemtype=\"https:\/\/schema.org\/BlogPosting\" itemprop=\"blogPost\" ><div class='avia_textblock  '   itemprop=\"text\" ><p style=\"text-align: center;\"><strong><span style=\"font-size: 18pt;\">Alcalde Francisco Roncagliolo \u201ces fundamental que el concepto Chile por Chile por tierra se siga instalando\u201d<\/span><\/strong><\/p>\n<div id=\"gtx-trans\" style=\"position: absolute; left: -50px; top: 4.31534px;\">\n<div class=\"gtx-trans-icon\"><\/div>\n<\/div>\n<\/div><\/section><\/div><div class=\"flex_column av_one_full  flex_column_div av-zero-column-padding first  avia-builder-el-4  el_after_av_one_full  el_before_av_hr  column-top-margin\" style='border-radius:0px; '><section class=\"av_textblock_section \"  itemscope=\"itemscope\" itemtype=\"https:\/\/schema.org\/BlogPosting\" itemprop=\"blogPost\" ><div class='avia_textblock  '   itemprop=\"text\" ><p style=\"text-align: justify;\">Junto con plantear como AREMU al Presidente de la Rep\u00fablica y al Ministro del MOP la necesidad de mejorar la conectividad al interior de la regi\u00f3n de Ays\u00e9n, el Alcalde de la comuna de Cisnes remarc\u00f3 la importancia de existe una conectividad adecuada y por tierra con la regi\u00f3n de Los Lagos.<\/p>\n<p style=\"text-align: justify;\">El Alcalde Francisco Roncagliolo, como parte integrante de la Aremu, organizaci\u00f3n que re\u00fane a los diez jefes comunales de la regi\u00f3n de Ays\u00e9n, estuvo presente en una reuni\u00f3n sostenida con el Presidente de la Rep\u00fablica, Gabriel Boric y el Ministro de Obras P\u00fablicas, Juan Carlos Garc\u00eda.<\/p>\n<p style=\"text-align: justify;\">En la oportunidad y junto con valorar lo positivo del encuentro, fue claro en se\u00f1alar que, de la mano con mejorar la conectividad interior del territorio, se debe avanzar en unir a las regiones de Ays\u00e9n y Los Lagos por tierra, algo que tambi\u00e9n se ha trabajado con la Comisi\u00f3n de Infraestructura del Consejo Regional.<\/p>\n<p style=\"text-align: justify;\">\u201cHa sido una muy buena reuni\u00f3n, en el sentido de que, hace bastante tiempo que estamos trabajando como comuna, tambi\u00e9n en conjunto con la Comisi\u00f3n de Infraestructura del Consejo Regional de Ays\u00e9n en relaci\u00f3n a la conectividad. Pero no solamente la conectividad interior, sino que, lo que buscamos es la conectividad de la regi\u00f3n de Ays\u00e9n con la regi\u00f3n de Los Lagos y para eso es fundamental que el concepto de Chile por Chile por tierra se siga instalando. Mientras eso se termina, se puedan fortalecer los subsidios mar\u00edtimos, hoy somos una gran isla como regi\u00f3n y por lo tanto necesitamos fortalecer el subsidio mar\u00edtimo para poder desarrollarnos\u201d.<\/p>\n<p style=\"text-align: justify;\">El Alcalde de la comuna de Cisnes, remarc\u00f3 lo positivo del resultado de la reuni\u00f3n con el Presidente de la Rep\u00fablica, ya que, la m\u00e1xima autoridad del pa\u00eds reconoci\u00f3 en el encuentro que estos temas deben ser parte de una pol\u00edtica de Estado.<\/p>\n<p style=\"text-align: justify;\">\u201cPor lo mismo, digo que estoy contento con la reuni\u00f3n, porque efectivamente una de las cosas que se concret\u00f3 es que, el Presidente toma este concepto y lo visualiza as\u00ed, en el sentido de que tiene que ser pol\u00edtica de Estado la que tome el trabajo de conectividad de esta ruta estructural, que es la ruta 7, \u00e9l har\u00e1 los anuncios correspondientes. Pero, se busca que podamos trabajar en conjunto, entre el Ministerio de Obras P\u00fablicas, el Ministerio de Transportes, la regi\u00f3n de Ays\u00e9n y obviamente lo que hemos dicho siempre la provincia de Palena, en c\u00f3mo avanzar r\u00e1pidamente esto y proyectarlo en un muy corto plazo\u201d.<\/p>\n<p style=\"text-align: justify;\">Algo fundamental para que estas grandes iniciativas de conectividad se concreten, se requiere del compromiso y los recursos, financiamiento que debe ser estatal, con el fin de que, las regiones inviertan su presupuesto en otras necesidades, enfatiz\u00f3 el Alcalde Francisco Roncagliolo.<\/p>\n<p style=\"text-align: justify;\">\u201cPor lo tanto, sacar esta responsabilidad de las regiones, hoy d\u00eda cada regi\u00f3n, la regi\u00f3n de Ays\u00e9n y la regi\u00f3n de los Lagos va priorizando como se avanza en esta conectividad. Necesitamos que esto lo tome el Estado, lo tomen los ministerios a nivel central y que se vaya ejecutando y en las regiones dejarlas en libertad para que puedan ejecutar sus propios proyectos interiores como son las transversales, seguir avanzando en ciertos niveles de pavimentaci\u00f3n. Obviamente con eso, ir focalizando la energ\u00eda de todas las personas que trabajan en la regi\u00f3n, en los ministerios, para que apoyen a las comunidades\u201d, puntualiz\u00f3 la autoridad comunal.<\/p>\n<\/div><\/section><\/div><div  style='height:50px' class='hr hr-invisible   avia-builder-el-6  el_after_av_one_full  el_before_av_social_share '><span class='hr-inner ' ><span class='hr-inner-style'><\/span><\/span><\/div><\/p>\n<div  class='av-social-sharing-box  avia-builder-el-7  el_after_av_hr  el_before_av_hr  '><div class='av-share-box'><h5 class='av-share-link-description av-no-toc '>Compartir esta noticia<\/h5><ul class='av-share-box-list noLightbox'><li class='av-share-link av-social-link-facebook' ><a target=\"_blank\" aria-label=\"Compartir en Facebook\" href='https:\/\/www.facebook.com\/sharer.php?u=https:\/\/radiorevelacionfm.cl\/?p=27120&#038;t=Alcalde%20Francisco%20Roncagliolo%20%E2%80%9Ces%20fundamental%20que%20el%20concepto%20Chile%20por%20Chile%20por%20tierra%20se%20siga%20instalando%E2%80%9D' aria-hidden='false' data-av_icon='\ue8f3' data-av_iconfont='entypo-fontello' title='' data-avia-related-tooltip='Compartir en Facebook' rel=\"noopener\"><span class='avia_hidden_link_text'>Compartir en Facebook<\/span><\/a><\/li><li class='av-share-link av-social-link-twitter' ><a target=\"_blank\" aria-label=\"Compartir en Twitter\" href='https:\/\/twitter.com\/share?text=Alcalde%20Francisco%20Roncagliolo%20%E2%80%9Ces%20fundamental%20que%20el%20concepto%20Chile%20por%20Chile%20por%20tierra%20se%20siga%20instalando%E2%80%9D&#038;url=https:\/\/radiorevelacionfm.cl\/?p=27120' aria-hidden='false' data-av_icon='\ue8f1' data-av_iconfont='entypo-fontello' title='' data-avia-related-tooltip='Compartir en Twitter' rel=\"noopener\"><span class='avia_hidden_link_text'>Compartir en Twitter<\/span><\/a><\/li><li class='av-share-link av-social-link-whatsapp' ><a target=\"_blank\" aria-label=\"Compartir en Whatsapp\" href='https:\/\/api.whatsapp.com\/send?text=https:\/\/radiorevelacionfm.cl\/?p=27120' aria-hidden='false' data-av_icon='\uf232' data-av_iconfont='entypo-fontello' title='' data-avia-related-tooltip='Compartir en Whatsapp' rel=\"noopener\"><span class='avia_hidden_link_text'>Compartir en Whatsapp<\/span><\/a><\/li><li class='av-share-link av-social-link-linkedin' ><a target=\"_blank\" aria-label=\"Compartir en LinkedIn\" href='https:\/\/linkedin.com\/shareArticle?mini=true&#038;title=Alcalde%20Francisco%20Roncagliolo%20%E2%80%9Ces%20fundamental%20que%20el%20concepto%20Chile%20por%20Chile%20por%20tierra%20se%20siga%20instalando%E2%80%9D&#038;url=https:\/\/radiorevelacionfm.cl\/?p=27120' aria-hidden='false' data-av_icon='\ue8fc' data-av_iconfont='entypo-fontello' title='' data-avia-related-tooltip='Compartir en LinkedIn' rel=\"noopener\"><span class='avia_hidden_link_text'>Compartir en LinkedIn<\/span><\/a><\/li><li class='av-share-link av-social-link-mail' ><a  aria-label=\"Compartir por correo\" href='mailto:?subject=Alcalde%20Francisco%20Roncagliolo%20%E2%80%9Ces%20fundamental%20que%20el%20concepto%20Chile%20por%20Chile%20por%20tierra%20se%20siga%20instalando%E2%80%9D&#038;body=https:\/\/radiorevelacionfm.cl\/?p=27120' aria-hidden='false' data-av_icon='\ue805' data-av_iconfont='entypo-fontello' title='' data-avia-related-tooltip='Compartir por correo'><span class='avia_hidden_link_text'>Compartir por correo<\/span><\/a><\/li><\/ul><\/div><\/div>\n<div  style='height:50px' class='hr hr-invisible   avia-builder-el-8  el_after_av_social_share  el_before_av_comments_list '><span class='hr-inner ' ><span class='hr-inner-style'><\/span><\/span><\/div>\n<div  class='av-buildercomment  av-blog-meta-html-info-disabled av-blog-meta-tag-disabled  '><\/div>\n","protected":false},"excerpt":{"rendered":"","protected":false},"author":1,"featured_media":27121,"comment_status":"open","ping_status":"open","sticky":false,"template":"","format":"standard","meta":{"footnotes":""},"categories":[38],"tags":[],"class_list":["post-27120","post","type-post","status-publish","format-standard","has-post-thumbnail","hentry","category-regional"],"jetpack_featured_media_url":"https:\/\/radiorevelacionfm.cl\/wp-content\/uploads\/2023\/01\/ALCALDE-PRESIDENTE-2-1-1.jpg","_links":{"self":[{"href":"https:\/\/radiorevelacionfm.cl\/index.php?rest_route=\/wp\/v2\/posts\/27120","targetHints":{"allow":["GET"]}}],"collection":[{"href":"https:\/\/radiorevelacionfm.cl\/index.php?rest_route=\/wp\/v2\/posts"}],"about":[{"href":"https:\/\/radiorevelacionfm.cl\/index.php?rest_route=\/wp\/v2\/types\/post"}],"author":[{"embeddable":true,"href":"https:\/\/radiorevelacionfm.cl\/index.php?rest_route=\/wp\/v2\/users\/1"}],"replies":[{"embeddable":true,"href":"https:\/\/radiorevelacionfm.cl\/index.php?rest_route=%2Fwp%2Fv2%2Fcomments&post=27120"}],"version-history":[{"count":2,"href":"https:\/\/radiorevelacionfm.cl\/index.php?rest_route=\/wp\/v2\/posts\/27120\/revisions"}],"predecessor-version":[{"id":27123,"href":"https:\/\/radiorevelacionfm.cl\/index.php?rest_route=\/wp\/v2\/posts\/27120\/revisions\/27123"}],"wp:featuredmedia":[{"embeddable":true,"href":"https:\/\/radiorevelacionfm.cl\/index.php?rest_route=\/wp\/v2\/media\/27121"}],"wp:attachment":[{"href":"https:\/\/radiorevelacionfm.cl\/index.php?rest_route=%2Fwp%2Fv2%2Fmedia&parent=27120"}],"wp:term":[{"taxonomy":"category","embeddable":true,"href":"https:\/\/radiorevelacionfm.cl\/index.php?rest_route=%2Fwp%2Fv2%2Fcategories&post=27120"},{"taxonomy":"post_tag","embeddable":true,"href":"https:\/\/radiorevelacionfm.cl\/index.php?rest_route=%2Fwp%2Fv2%2Ftags&post=27120"}],"curies":[{"name":"wp","href":"https:\/\/api.w.org\/{rel}","templated":true}]}}