{"id":27117,"date":"2023-01-30T15:11:07","date_gmt":"2023-01-30T18:11:07","guid":{"rendered":"https:\/\/radiorevelacionfm.cl\/?p=27117"},"modified":"2023-01-30T15:11:07","modified_gmt":"2023-01-30T18:11:07","slug":"consejos-para-que-ninas-ninos-y-adultos-disfruten-juntos-durante-las-vacaciones-de-verano","status":"publish","type":"post","link":"https:\/\/radiorevelacionfm.cl\/?p=27117","title":{"rendered":"Consejos para que ni\u00f1as, ni\u00f1os y adultos disfruten juntos durante las vacaciones de verano"},"content":{"rendered":"<div class=\"flex_column av_one_full  flex_column_div av-zero-column-padding first  avia-builder-el-0  el_before_av_one_full  avia-builder-el-first  \" style='border-radius:0px; '><div  class='avia-image-container  av-styling-    avia-builder-el-1  avia-builder-el-no-sibling  avia-align-center '  itemprop=\"image\" itemscope=\"itemscope\" itemtype=\"https:\/\/schema.org\/ImageObject\"  ><div class='avia-image-container-inner'><div class='avia-image-overlay-wrap'><img decoding=\"async\" class='wp-image-27118 avia-img-lazy-loading-not-27118 avia_image' src=\"https:\/\/radiorevelacionfm.cl\/wp-content\/uploads\/2023\/01\/Ninas-y-ninos-1-1.jpeg\" alt='' title='Ni\u00f1as y ni\u00f1os (1) (1)' height=\"600\" width=\"900\"  itemprop=\"thumbnailUrl\" srcset=\"https:\/\/radiorevelacionfm.cl\/wp-content\/uploads\/2023\/01\/Ninas-y-ninos-1-1.jpeg 900w, https:\/\/radiorevelacionfm.cl\/wp-content\/uploads\/2023\/01\/Ninas-y-ninos-1-1-300x200.jpeg 300w, https:\/\/radiorevelacionfm.cl\/wp-content\/uploads\/2023\/01\/Ninas-y-ninos-1-1-768x512.jpeg 768w, https:\/\/radiorevelacionfm.cl\/wp-content\/uploads\/2023\/01\/Ninas-y-ninos-1-1-705x470.jpeg 705w, https:\/\/radiorevelacionfm.cl\/wp-content\/uploads\/2023\/01\/Ninas-y-ninos-1-1-600x400.jpeg 600w\" sizes=\"(max-width: 900px) 100vw, 900px\" \/><\/div><\/div><\/div><\/div><div class=\"flex_column av_one_full  flex_column_div av-zero-column-padding first  avia-builder-el-2  el_after_av_one_full  el_before_av_one_full  column-top-margin\" style='border-radius:0px; '><section class=\"av_textblock_section \"  itemscope=\"itemscope\" itemtype=\"https:\/\/schema.org\/BlogPosting\" itemprop=\"blogPost\" ><div class='avia_textblock  '   itemprop=\"text\" ><p style=\"text-align: center;\"><span style=\"font-size: 18pt;\"><b>Consejos para que ni\u00f1as, ni\u00f1os y adultos disfruten juntos durante las vacaciones de verano<\/b><\/span><\/p>\n<div id=\"gtx-trans\" style=\"position: absolute; left: -50px; top: 4.31534px;\">\n<div class=\"gtx-trans-icon\"><\/div>\n<\/div>\n<\/div><\/section><\/div><div class=\"flex_column av_one_full  flex_column_div av-zero-column-padding first  avia-builder-el-4  el_after_av_one_full  el_before_av_hr  column-top-margin\" style='border-radius:0px; '><section class=\"av_textblock_section \"  itemscope=\"itemscope\" itemtype=\"https:\/\/schema.org\/BlogPosting\" itemprop=\"blogPost\" ><div class='avia_textblock  '   itemprop=\"text\" ><div class=\"v1WordSection1\">\n<p class=\"v1MsoNormal\" style=\"text-align: justify;\">Como cada a\u00f1o, las vacaciones de verano se transforman en un momento especial y significativo para las ni\u00f1as y ni\u00f1os, quienes tienen la oportunidad de acceder a experiencias de juego y encuentro junto a sus familias. Por lo mismo, la Subsecretar\u00eda de Educaci\u00f3n Parvularia hace una invitaci\u00f3n a aprovechar esta \u00e9poca y seguir promoviendo una cultura de las infancias: una cultura que pone el bienestar de ellas y ellos en el centro.<\/p>\n<p class=\"v1MsoNormal\" style=\"text-align: justify;\">\u00abAprovechemos las oportunidades que nos brinda el per\u00edodo de vacaciones de verano, para compartir y realizar actividades con las ni\u00f1as y ni\u00f1os, que est\u00e9n centradas en sus gustos e intereses. Escuchemos y respetemos sus opiniones: siempre tenemos mucho que aprender de ellas y ellos\u00bb, destaca la subsecretaria de Educaci\u00f3n Parvularia, Claudia Lagos Serrano.<\/p>\n<p class=\"v1MsoNormal\" style=\"text-align: justify;\">Algunas recomendaciones para que ni\u00f1as, ni\u00f1os y adultos disfruten de este verano, son:<\/p>\n<p style=\"text-align: justify;\"><b>Promovamos el juego<\/b><\/p>\n<ul style=\"text-align: justify;\" type=\"disc\">\n<li class=\"v1MsoNormal\">Las vacaciones deben ser sin\u00f3nimo de juego y explorar el entorno. Promovamos que disfruten de actividades que les gusten, como pintar, armar figuras con bloques, interpretar roles, entre otros.<\/li>\n<li class=\"v1MsoNormal\">Las ni\u00f1as y ni\u00f1os se entretienen observando, explorando y manipulando distintos tipos de objetos y no requieren, por tanto, juguetes o elementos costosos. Por ejemplo, se pueden utilizar botellas de pl\u00e1stico vac\u00edas, tapas, cajas de distintos tama\u00f1os, tubos de cart\u00f3n, para que jueguen espont\u00e1neamente.<\/li>\n<\/ul>\n<p style=\"text-align: justify;\"><b>Descubramos nuevos espacios<\/b><\/p>\n<ul style=\"text-align: justify;\" type=\"disc\">\n<li class=\"v1MsoNormal\">Durante el verano existen diversas ofertas de los municipios y centros culturales para ni\u00f1os y ni\u00f1as.\u00a0 Aproveche de ir con ellos a conocer espacios culturales como bibliotecas, museos y otros lugares significativos para la comunidad o comuna.<\/li>\n<li class=\"v1MsoNormal\">En estos espacios -y siempre- incentive di\u00e1logos en los que podr\u00e1 conocer lo que las ni\u00f1as y ni\u00f1os sienten, quieren, desean, piensan y creen. Escuchar sus opiniones es muy importante y desarrolla su autoestima.<\/li>\n<\/ul>\n<p style=\"text-align: justify;\"><b>\u00a0<\/b><b>Disfrutemos al aire libre<\/b><\/p>\n<ul style=\"text-align: justify;\" type=\"disc\">\n<li class=\"v1MsoNormal\">Privilegie visitar parques y \u00e1reas verdes. El contacto con la naturaleza permite desarrollar distintas habilidades en las ni\u00f1as y ni\u00f1os, promoviendo al mismo tiempo el disfrute y goce por la naturaleza. Asimismo, es posible establecer conversaciones respecto a las caracter\u00edsticas del entorno natural y su cuidado.<\/li>\n<li class=\"v1MsoNormal\">En un lugar con sombra, haga un picnic, organizando en conjunto lo que necesitar\u00e1n. Hagan una lista y chequ\u00e9enla, revisando que se encuentre todo. Este espacio permite desarrollar habilidades de organizaci\u00f3n, anticipaci\u00f3n, coordinaci\u00f3n y valores como la cooperaci\u00f3n, entre otros.<\/li>\n<\/ul>\n<p class=\"v1MsoNormal\" style=\"text-align: justify;\"><b>Importancia de los h\u00e1bitos y resguardos<\/b><\/p>\n<ul style=\"text-align: justify;\" type=\"disc\">\n<li class=\"v1MsoNormal\">Durante las vacaciones, pueden flexibilizarse ciertas actividades, como por ejemplo despertarse o acostarse m\u00e1s tarde, siempre y cuando se mantengan ciertas rutinas b\u00e1sicas como: alimentaci\u00f3n saludable, higiene y lavado de dientes, entre otros.<\/li>\n<li class=\"v1MsoNormal\">Dado el calor, recuerde la importancia de realizar tanto la hidrataci\u00f3n de las ni\u00f1as y ni\u00f1os, como la aplicaci\u00f3n de protecci\u00f3n solar, de manera permanente. Privilegie, adem\u00e1s, el uso de gorros o sombreros, y de ropa, en lo posible, con filtro UV.<\/li>\n<\/ul>\n<p class=\"v1MsoNormal\" style=\"text-align: justify;\"><b>Aplicaci\u00f3n Contigo Juego y Aprendo<\/b><\/p>\n<ul style=\"text-align: justify;\" type=\"disc\">\n<li class=\"v1MsoNormal\">Esta aplicaci\u00f3n es gratuita y se puede descargar en:\u00a0<a href=\"https:\/\/contigojuegoyaprendo.cl\/\" target=\"_blank\" rel=\"noopener noreferrer\">https:\/\/contigojuegoyaprendo.cl\/<\/a>. Dispone una serie de contenidos educativos, enfocados en las ni\u00f1as, ni\u00f1os y sus familias. Se pueden encontrar materiales did\u00e1cticos, recursos educativos y orientaciones, todo en formato digital, para incentivar la realizaci\u00f3n de actividades l\u00fadico-recreativas durante las vacaciones, con especial foco en el juego como motor de los aprendizajes, y la promoci\u00f3n de la lectura y escritura.<\/li>\n<\/ul>\n<\/div>\n<\/div><\/section><\/div><div  style='height:50px' class='hr hr-invisible   avia-builder-el-6  el_after_av_one_full  el_before_av_social_share '><span class='hr-inner ' ><span class='hr-inner-style'><\/span><\/span><\/div><\/p>\n<div  class='av-social-sharing-box  avia-builder-el-7  el_after_av_hr  el_before_av_hr  '><div class='av-share-box'><h5 class='av-share-link-description av-no-toc '>Compartir esta noticia<\/h5><ul class='av-share-box-list noLightbox'><li class='av-share-link av-social-link-facebook' ><a target=\"_blank\" aria-label=\"Compartir en Facebook\" href='https:\/\/www.facebook.com\/sharer.php?u=https:\/\/radiorevelacionfm.cl\/?p=27117&#038;t=Consejos%20para%20que%20ni%C3%B1as%2C%20ni%C3%B1os%20y%20adultos%20disfruten%20juntos%20durante%20las%20vacaciones%20de%20verano' aria-hidden='false' data-av_icon='\ue8f3' data-av_iconfont='entypo-fontello' title='' data-avia-related-tooltip='Compartir en Facebook' rel=\"noopener\"><span class='avia_hidden_link_text'>Compartir en Facebook<\/span><\/a><\/li><li class='av-share-link av-social-link-twitter' ><a target=\"_blank\" aria-label=\"Compartir en Twitter\" href='https:\/\/twitter.com\/share?text=Consejos%20para%20que%20ni%C3%B1as%2C%20ni%C3%B1os%20y%20adultos%20disfruten%20juntos%20durante%20las%20vacaciones%20de%20verano&#038;url=https:\/\/radiorevelacionfm.cl\/?p=27117' aria-hidden='false' data-av_icon='\ue8f1' data-av_iconfont='entypo-fontello' title='' data-avia-related-tooltip='Compartir en Twitter' rel=\"noopener\"><span class='avia_hidden_link_text'>Compartir en Twitter<\/span><\/a><\/li><li class='av-share-link av-social-link-whatsapp' ><a target=\"_blank\" aria-label=\"Compartir en Whatsapp\" href='https:\/\/api.whatsapp.com\/send?text=https:\/\/radiorevelacionfm.cl\/?p=27117' aria-hidden='false' data-av_icon='\uf232' data-av_iconfont='entypo-fontello' title='' data-avia-related-tooltip='Compartir en Whatsapp' rel=\"noopener\"><span class='avia_hidden_link_text'>Compartir en Whatsapp<\/span><\/a><\/li><li class='av-share-link av-social-link-linkedin' ><a target=\"_blank\" aria-label=\"Compartir en LinkedIn\" href='https:\/\/linkedin.com\/shareArticle?mini=true&#038;title=Consejos%20para%20que%20ni%C3%B1as%2C%20ni%C3%B1os%20y%20adultos%20disfruten%20juntos%20durante%20las%20vacaciones%20de%20verano&#038;url=https:\/\/radiorevelacionfm.cl\/?p=27117' aria-hidden='false' data-av_icon='\ue8fc' data-av_iconfont='entypo-fontello' title='' data-avia-related-tooltip='Compartir en LinkedIn' rel=\"noopener\"><span class='avia_hidden_link_text'>Compartir en LinkedIn<\/span><\/a><\/li><li class='av-share-link av-social-link-mail' ><a  aria-label=\"Compartir por correo\" href='mailto:?subject=Consejos%20para%20que%20ni%C3%B1as%2C%20ni%C3%B1os%20y%20adultos%20disfruten%20juntos%20durante%20las%20vacaciones%20de%20verano&#038;body=https:\/\/radiorevelacionfm.cl\/?p=27117' aria-hidden='false' data-av_icon='\ue805' data-av_iconfont='entypo-fontello' title='' data-avia-related-tooltip='Compartir por correo'><span class='avia_hidden_link_text'>Compartir por correo<\/span><\/a><\/li><\/ul><\/div><\/div>\n<div  style='height:50px' class='hr hr-invisible   avia-builder-el-8  el_after_av_social_share  el_before_av_comments_list '><span class='hr-inner ' ><span class='hr-inner-style'><\/span><\/span><\/div>\n<div  class='av-buildercomment  av-blog-meta-html-info-disabled av-blog-meta-tag-disabled  '><\/div>\n","protected":false},"excerpt":{"rendered":"","protected":false},"author":1,"featured_media":27118,"comment_status":"open","ping_status":"open","sticky":false,"template":"","format":"standard","meta":{"footnotes":""},"categories":[49],"tags":[],"class_list":["post-27117","post","type-post","status-publish","format-standard","has-post-thumbnail","hentry","category-educacion"],"jetpack_featured_media_url":"https:\/\/radiorevelacionfm.cl\/wp-content\/uploads\/2023\/01\/Ninas-y-ninos-1-1.jpeg","_links":{"self":[{"href":"https:\/\/radiorevelacionfm.cl\/index.php?rest_route=\/wp\/v2\/posts\/27117","targetHints":{"allow":["GET"]}}],"collection":[{"href":"https:\/\/radiorevelacionfm.cl\/index.php?rest_route=\/wp\/v2\/posts"}],"about":[{"href":"https:\/\/radiorevelacionfm.cl\/index.php?rest_route=\/wp\/v2\/types\/post"}],"author":[{"embeddable":true,"href":"https:\/\/radiorevelacionfm.cl\/index.php?rest_route=\/wp\/v2\/users\/1"}],"replies":[{"embeddable":true,"href":"https:\/\/radiorevelacionfm.cl\/index.php?rest_route=%2Fwp%2Fv2%2Fcomments&post=27117"}],"version-history":[{"count":2,"href":"https:\/\/radiorevelacionfm.cl\/index.php?rest_route=\/wp\/v2\/posts\/27117\/revisions"}],"predecessor-version":[{"id":27228,"href":"https:\/\/radiorevelacionfm.cl\/index.php?rest_route=\/wp\/v2\/posts\/27117\/revisions\/27228"}],"wp:featuredmedia":[{"embeddable":true,"href":"https:\/\/radiorevelacionfm.cl\/index.php?rest_route=\/wp\/v2\/media\/27118"}],"wp:attachment":[{"href":"https:\/\/radiorevelacionfm.cl\/index.php?rest_route=%2Fwp%2Fv2%2Fmedia&parent=27117"}],"wp:term":[{"taxonomy":"category","embeddable":true,"href":"https:\/\/radiorevelacionfm.cl\/index.php?rest_route=%2Fwp%2Fv2%2Fcategories&post=27117"},{"taxonomy":"post_tag","embeddable":true,"href":"https:\/\/radiorevelacionfm.cl\/index.php?rest_route=%2Fwp%2Fv2%2Ftags&post=27117"}],"curies":[{"name":"wp","href":"https:\/\/api.w.org\/{rel}","templated":true}]}}