{"id":27110,"date":"2023-01-26T15:09:12","date_gmt":"2023-01-26T18:09:12","guid":{"rendered":"https:\/\/radiorevelacionfm.cl\/?p=27110"},"modified":"2023-01-26T15:09:12","modified_gmt":"2023-01-26T18:09:12","slug":"guaitecas-cochrane-y-aysen-fortalecen-gestion-cultural-y-planificacion-territorial","status":"publish","type":"post","link":"https:\/\/radiorevelacionfm.cl\/?p=27110","title":{"rendered":"Guaitecas, Cochrane y Ays\u00e9n fortalecen gesti\u00f3n cultural y planificaci\u00f3n territorial"},"content":{"rendered":"<div class=\"flex_column av_one_full  flex_column_div av-zero-column-padding first  avia-builder-el-0  el_before_av_one_full  avia-builder-el-first  \" style='border-radius:0px; '><div  class='avia-image-container  av-styling-    avia-builder-el-1  avia-builder-el-no-sibling  avia-align-center '  itemprop=\"image\" itemscope=\"itemscope\" itemtype=\"https:\/\/schema.org\/ImageObject\"  ><div class='avia-image-container-inner'><div class='avia-image-overlay-wrap'><img decoding=\"async\" class='wp-image-27111 avia-img-lazy-loading-not-27111 avia_image' src=\"https:\/\/radiorevelacionfm.cl\/wp-content\/uploads\/2023\/01\/Fotografia-1-Actividad-Unidad-de-Cultura-Aysen-en-Biblioteca-Publica-de-Puerto-Aysen-1.jpg\" alt='' title='Fotograf\u00eda 1 - Actividad Unidad de Cultura Ays\u00e9n en Biblioteca P\u00fablica de Puerto Ays\u00e9n (1)' height=\"600\" width=\"900\"  itemprop=\"thumbnailUrl\" srcset=\"https:\/\/radiorevelacionfm.cl\/wp-content\/uploads\/2023\/01\/Fotografia-1-Actividad-Unidad-de-Cultura-Aysen-en-Biblioteca-Publica-de-Puerto-Aysen-1.jpg 900w, https:\/\/radiorevelacionfm.cl\/wp-content\/uploads\/2023\/01\/Fotografia-1-Actividad-Unidad-de-Cultura-Aysen-en-Biblioteca-Publica-de-Puerto-Aysen-1-300x200.jpg 300w, https:\/\/radiorevelacionfm.cl\/wp-content\/uploads\/2023\/01\/Fotografia-1-Actividad-Unidad-de-Cultura-Aysen-en-Biblioteca-Publica-de-Puerto-Aysen-1-768x512.jpg 768w, https:\/\/radiorevelacionfm.cl\/wp-content\/uploads\/2023\/01\/Fotografia-1-Actividad-Unidad-de-Cultura-Aysen-en-Biblioteca-Publica-de-Puerto-Aysen-1-705x470.jpg 705w, https:\/\/radiorevelacionfm.cl\/wp-content\/uploads\/2023\/01\/Fotografia-1-Actividad-Unidad-de-Cultura-Aysen-en-Biblioteca-Publica-de-Puerto-Aysen-1-600x400.jpg 600w\" sizes=\"(max-width: 900px) 100vw, 900px\" \/><\/div><\/div><\/div><\/div><div class=\"flex_column av_one_full  flex_column_div av-zero-column-padding first  avia-builder-el-2  el_after_av_one_full  el_before_av_one_full  column-top-margin\" style='border-radius:0px; '><section class=\"av_textblock_section \"  itemscope=\"itemscope\" itemtype=\"https:\/\/schema.org\/BlogPosting\" itemprop=\"blogPost\" ><div class='avia_textblock  '   itemprop=\"text\" ><p style=\"text-align: center;\"><span style=\"font-size: 18pt;\"><b>Guaitecas, Cochrane y Ays\u00e9n fortalecen gesti\u00f3n cultural y planificaci\u00f3n territorial<\/b><b>\u00a0<\/b><\/span><\/p>\n<div id=\"gtx-trans\" style=\"position: absolute; left: -50px; top: 4.31534px;\">\n<div class=\"gtx-trans-icon\"><\/div>\n<\/div>\n<\/div><\/section><\/div><div class=\"flex_column av_one_full  flex_column_div av-zero-column-padding first  avia-builder-el-4  el_after_av_one_full  el_before_av_hr  column-top-margin\" style='border-radius:0px; '><section class=\"av_textblock_section \"  itemscope=\"itemscope\" itemtype=\"https:\/\/schema.org\/BlogPosting\" itemprop=\"blogPost\" ><div class='avia_textblock  '   itemprop=\"text\" ><p style=\"text-align: justify;\">En su compromiso de reforzar la gesti\u00f3n territorial y dotar de herramientas de intervenci\u00f3n, la Seremi de las Culturas, las Artes y el Patrimonio Ays\u00e9n, mediante el programa Red Cultura, ha entablado una continua alianza con instituciones municipales para la planificaci\u00f3n regional.<\/p>\n<p style=\"text-align: justify;\">Desde el 2022, las casas edilicias de Cochrane, Ays\u00e9n y Guaitecas vienen efectuando un convenio de car\u00e1cter colaborativo para disminuir la desigualdad en el acceso y la participaci\u00f3n de la poblaci\u00f3n en relaci\u00f3n a las artes y el patrimonio, lo que converge en la sistematizaci\u00f3n de Planes Municipales de Cultura (PMC) y Planes de Gesti\u00f3n (PG) orientados a la articulaci\u00f3n de agentes regionales e infraestructura.<\/p>\n<p style=\"text-align: justify;\">Ambos instrumentos resultan fundamentales a la hora de trazar una hoja de ruta. \u201cEste esfuerzo entre el ministerio y los gobiernos locales viene a fortalecer las estrategias de desarrollo cultural, adem\u00e1s de presentar un trabajo que a\u00fane los deseos de las comunidades culturales, junto al deseo de los gobiernos locales de qu\u00e9 es aquello que quieren relevar y levantar para posicionar el matiz cultural de las artes y del patrimonio\u201d, expres\u00f3 el seremi de Culturas Ays\u00e9n, Felipe Quiroz.<\/p>\n<p style=\"text-align: justify;\"><b>Guaitecas y la actualizaci\u00f3n de PMC<\/b><\/p>\n<p style=\"text-align: justify;\">En el caso de Guaitecas, a partir de las necesidades sociales, el 2018 levant\u00f3 su PMC. Tras cuatro a\u00f1os de vigencia, est\u00e1 en proceso de actualizaci\u00f3n con nuevas directrices emergidas del abordaje in situ. \u201cEl plan municipal de cultura ha permitido focalizar los esfuerzos municipales en aquellos \u00e1mbitos que est\u00e1n asociados al patrimonio cultural material e inmaterial, al patrimonio natural y al rescate de toda la creaci\u00f3n musical en cuarteta y la tradici\u00f3n del acorde\u00f3n y la guitarra, entre otras.\u00a0\u00a0Adem\u00e1s, ha permitido establecer alianzas entre actores p\u00fablicos y privado\u201d, manifest\u00f3 Lorena Gonz\u00e1lez, encargada de la Unidad de Cultura.<\/p>\n<p style=\"text-align: justify;\"><b>Primeros pasos del PMC de Ays\u00e9n<\/b><\/p>\n<p style=\"text-align: justify;\">Sin embargo, Guaitecas no es la \u00fanica comuna que dispone de este instrumento. En mayo de 2022 se present\u00f3 ante la comunidad y concejo municipal el primer PMC de Ays\u00e9n. El documento validado de forma un\u00e1nime, propone trabajar en conjunto a los actores territoriales la identidad local.<\/p>\n<p style=\"text-align: justify;\">\u201cDisponer de un PMC significa una puerta de entrada hacia un desarrollo responsable y organizado de lo que es la cultura de Ays\u00e9n, en ese sentido nos permite tener una planificaci\u00f3n m\u00e1s consciente y sobre todo participativa, creo que es una deuda de nuestra ciudad, de nuestras instituciones, el poder observar y acercarse hacia un concepto de cultura m\u00e1s amplio\u201d, detall\u00f3 Cristi\u00e1n Torres, encargado de la Unidad de Cultura del municipio, quien junto al equipo se encuentran en la etapa de sostenibilidad para la socializaci\u00f3n hist\u00f3rica de Islas Huichas.<\/p>\n<p style=\"text-align: justify;\">\u201cHemos elegido partir por ah\u00ed, con un trabajo con las personas, con los mismos pobladores que son hijos de los primeros habitantes, de los primeros que llegaron a la Isla para ir reconstruyendo un poco su historia y transformar esto en recursos o en insumos audiovisuales\u201d, sostuvo Torres.<\/p>\n<p style=\"text-align: justify;\"><b>PG de Cochrane<\/b><\/p>\n<p style=\"text-align: justify;\">Desde el Centro Cultural de Cochrane est\u00e1n formulando su primer Plan de Gesti\u00f3n (PG): \u201cHa sido muy importante ver lo fruct\u00edfero que resulta el trabajo en conjunto con la comunidad por parte de quienes nos desenvolvemos en el espacio cultural, es decir, lo importante que es generar estas herramientas en conjunto, ya sea con las agrupaciones culturales comunitarias, con los actores culturales del territorio, con las autoridades, con los trabajadores del centro cultural. Eso nos permite tener una visi\u00f3n m\u00e1s amplia de lo que acontece en el territorio\u201d, manifest\u00f3 Danilo Cruces, encargado del espacio cultural.<\/p>\n<p style=\"text-align: justify;\">Estas iniciativas que cohesionan el tejido social e implican significativos avances para la democratizaci\u00f3n de las artes, dependen de la sociedad civil, por lo que desde las unidades culturales se invita a participar en la construcci\u00f3n de las herramientas de planificaci\u00f3n, as\u00ed como de las actividades.<\/p>\n<\/div><\/section><\/div><div  style='height:50px' class='hr hr-invisible   avia-builder-el-6  el_after_av_one_full  el_before_av_social_share '><span class='hr-inner ' ><span class='hr-inner-style'><\/span><\/span><\/div><\/p>\n<div  class='av-social-sharing-box  avia-builder-el-7  el_after_av_hr  el_before_av_hr  '><div class='av-share-box'><h5 class='av-share-link-description av-no-toc '>Compartir esta noticia<\/h5><ul class='av-share-box-list noLightbox'><li class='av-share-link av-social-link-facebook' ><a target=\"_blank\" aria-label=\"Compartir en Facebook\" href='https:\/\/www.facebook.com\/sharer.php?u=https:\/\/radiorevelacionfm.cl\/?p=27110&#038;t=Guaitecas%2C%20Cochrane%20y%20Ays%C3%A9n%20fortalecen%20gesti%C3%B3n%20cultural%20y%20planificaci%C3%B3n%20territorial' aria-hidden='false' data-av_icon='\ue8f3' data-av_iconfont='entypo-fontello' title='' data-avia-related-tooltip='Compartir en Facebook' rel=\"noopener\"><span class='avia_hidden_link_text'>Compartir en Facebook<\/span><\/a><\/li><li class='av-share-link av-social-link-twitter' ><a target=\"_blank\" aria-label=\"Compartir en Twitter\" href='https:\/\/twitter.com\/share?text=Guaitecas%2C%20Cochrane%20y%20Ays%C3%A9n%20fortalecen%20gesti%C3%B3n%20cultural%20y%20planificaci%C3%B3n%20territorial&#038;url=https:\/\/radiorevelacionfm.cl\/?p=27110' aria-hidden='false' data-av_icon='\ue8f1' data-av_iconfont='entypo-fontello' title='' data-avia-related-tooltip='Compartir en Twitter' rel=\"noopener\"><span class='avia_hidden_link_text'>Compartir en Twitter<\/span><\/a><\/li><li class='av-share-link av-social-link-whatsapp' ><a target=\"_blank\" aria-label=\"Compartir en Whatsapp\" href='https:\/\/api.whatsapp.com\/send?text=https:\/\/radiorevelacionfm.cl\/?p=27110' aria-hidden='false' data-av_icon='\uf232' data-av_iconfont='entypo-fontello' title='' data-avia-related-tooltip='Compartir en Whatsapp' rel=\"noopener\"><span class='avia_hidden_link_text'>Compartir en Whatsapp<\/span><\/a><\/li><li class='av-share-link av-social-link-linkedin' ><a target=\"_blank\" aria-label=\"Compartir en LinkedIn\" href='https:\/\/linkedin.com\/shareArticle?mini=true&#038;title=Guaitecas%2C%20Cochrane%20y%20Ays%C3%A9n%20fortalecen%20gesti%C3%B3n%20cultural%20y%20planificaci%C3%B3n%20territorial&#038;url=https:\/\/radiorevelacionfm.cl\/?p=27110' aria-hidden='false' data-av_icon='\ue8fc' data-av_iconfont='entypo-fontello' title='' data-avia-related-tooltip='Compartir en LinkedIn' rel=\"noopener\"><span class='avia_hidden_link_text'>Compartir en LinkedIn<\/span><\/a><\/li><li class='av-share-link av-social-link-mail' ><a  aria-label=\"Compartir por correo\" href='mailto:?subject=Guaitecas%2C%20Cochrane%20y%20Ays%C3%A9n%20fortalecen%20gesti%C3%B3n%20cultural%20y%20planificaci%C3%B3n%20territorial&#038;body=https:\/\/radiorevelacionfm.cl\/?p=27110' aria-hidden='false' data-av_icon='\ue805' data-av_iconfont='entypo-fontello' title='' data-avia-related-tooltip='Compartir por correo'><span class='avia_hidden_link_text'>Compartir por correo<\/span><\/a><\/li><\/ul><\/div><\/div>\n<div  style='height:50px' class='hr hr-invisible   avia-builder-el-8  el_after_av_social_share  el_before_av_comments_list '><span class='hr-inner ' ><span class='hr-inner-style'><\/span><\/span><\/div>\n<div  class='av-buildercomment  av-blog-meta-html-info-disabled av-blog-meta-tag-disabled  '><\/div>\n","protected":false},"excerpt":{"rendered":"","protected":false},"author":1,"featured_media":27111,"comment_status":"open","ping_status":"open","sticky":false,"template":"","format":"standard","meta":{"footnotes":""},"categories":[52],"tags":[],"class_list":["post-27110","post","type-post","status-publish","format-standard","has-post-thumbnail","hentry","category-cultura"],"jetpack_featured_media_url":"https:\/\/radiorevelacionfm.cl\/wp-content\/uploads\/2023\/01\/Fotografia-1-Actividad-Unidad-de-Cultura-Aysen-en-Biblioteca-Publica-de-Puerto-Aysen-1.jpg","_links":{"self":[{"href":"https:\/\/radiorevelacionfm.cl\/index.php?rest_route=\/wp\/v2\/posts\/27110","targetHints":{"allow":["GET"]}}],"collection":[{"href":"https:\/\/radiorevelacionfm.cl\/index.php?rest_route=\/wp\/v2\/posts"}],"about":[{"href":"https:\/\/radiorevelacionfm.cl\/index.php?rest_route=\/wp\/v2\/types\/post"}],"author":[{"embeddable":true,"href":"https:\/\/radiorevelacionfm.cl\/index.php?rest_route=\/wp\/v2\/users\/1"}],"replies":[{"embeddable":true,"href":"https:\/\/radiorevelacionfm.cl\/index.php?rest_route=%2Fwp%2Fv2%2Fcomments&post=27110"}],"version-history":[{"count":2,"href":"https:\/\/radiorevelacionfm.cl\/index.php?rest_route=\/wp\/v2\/posts\/27110\/revisions"}],"predecessor-version":[{"id":27113,"href":"https:\/\/radiorevelacionfm.cl\/index.php?rest_route=\/wp\/v2\/posts\/27110\/revisions\/27113"}],"wp:featuredmedia":[{"embeddable":true,"href":"https:\/\/radiorevelacionfm.cl\/index.php?rest_route=\/wp\/v2\/media\/27111"}],"wp:attachment":[{"href":"https:\/\/radiorevelacionfm.cl\/index.php?rest_route=%2Fwp%2Fv2%2Fmedia&parent=27110"}],"wp:term":[{"taxonomy":"category","embeddable":true,"href":"https:\/\/radiorevelacionfm.cl\/index.php?rest_route=%2Fwp%2Fv2%2Fcategories&post=27110"},{"taxonomy":"post_tag","embeddable":true,"href":"https:\/\/radiorevelacionfm.cl\/index.php?rest_route=%2Fwp%2Fv2%2Ftags&post=27110"}],"curies":[{"name":"wp","href":"https:\/\/api.w.org\/{rel}","templated":true}]}}