{"id":27107,"date":"2023-01-26T21:36:53","date_gmt":"2023-01-27T00:36:53","guid":{"rendered":"https:\/\/radiorevelacionfm.cl\/?p=27107"},"modified":"2023-01-26T21:36:53","modified_gmt":"2023-01-27T00:36:53","slug":"sernameg-abre-convocatoria-para-talleres-sobre-derechos-sexuales-y-reproductivos","status":"publish","type":"post","link":"https:\/\/radiorevelacionfm.cl\/?p=27107","title":{"rendered":"SernamEG abre convocatoria para talleres sobre derechos sexuales y reproductivos"},"content":{"rendered":"<div class=\"flex_column av_one_full  flex_column_div av-zero-column-padding first  avia-builder-el-0  el_before_av_one_full  avia-builder-el-first  \" style='border-radius:0px; '><div  class='avia-image-container  av-styling-    avia-builder-el-1  avia-builder-el-no-sibling  avia-align-center '  itemprop=\"image\" itemscope=\"itemscope\" itemtype=\"https:\/\/schema.org\/ImageObject\"  ><div class='avia-image-container-inner'><div class='avia-image-overlay-wrap'><img decoding=\"async\" class='wp-image-27108 avia-img-lazy-loading-not-27108 avia_image' src=\"https:\/\/radiorevelacionfm.cl\/wp-content\/uploads\/2023\/01\/inicio-inscripciones-DSR-1.jpg\" alt='' title='inicio inscripciones DSR (1)' height=\"600\" width=\"1080\"  itemprop=\"thumbnailUrl\" srcset=\"https:\/\/radiorevelacionfm.cl\/wp-content\/uploads\/2023\/01\/inicio-inscripciones-DSR-1.jpg 1080w, https:\/\/radiorevelacionfm.cl\/wp-content\/uploads\/2023\/01\/inicio-inscripciones-DSR-1-300x167.jpg 300w, https:\/\/radiorevelacionfm.cl\/wp-content\/uploads\/2023\/01\/inicio-inscripciones-DSR-1-1030x572.jpg 1030w, https:\/\/radiorevelacionfm.cl\/wp-content\/uploads\/2023\/01\/inicio-inscripciones-DSR-1-768x427.jpg 768w, https:\/\/radiorevelacionfm.cl\/wp-content\/uploads\/2023\/01\/inicio-inscripciones-DSR-1-705x392.jpg 705w, https:\/\/radiorevelacionfm.cl\/wp-content\/uploads\/2023\/01\/inicio-inscripciones-DSR-1-600x333.jpg 600w\" sizes=\"(max-width: 1080px) 100vw, 1080px\" \/><\/div><\/div><\/div><\/div><div class=\"flex_column av_one_full  flex_column_div av-zero-column-padding first  avia-builder-el-2  el_after_av_one_full  el_before_av_one_full  column-top-margin\" style='border-radius:0px; '><section class=\"av_textblock_section \"  itemscope=\"itemscope\" itemtype=\"https:\/\/schema.org\/BlogPosting\" itemprop=\"blogPost\" ><div class='avia_textblock  '   itemprop=\"text\" ><p style=\"text-align: center;\"><strong><span style=\"font-size: 18pt;\">SernamEG abre convocatoria para talleres sobre derechos sexuales y reproductivos<\/span><\/strong><\/p>\n<div id=\"gtx-trans\" style=\"position: absolute; left: -50px; top: 4.31534px;\">\n<div class=\"gtx-trans-icon\"><\/div>\n<\/div>\n<\/div><\/section><\/div><div class=\"flex_column av_one_full  flex_column_div av-zero-column-padding first  avia-builder-el-4  el_after_av_one_full  el_before_av_hr  column-top-margin\" style='border-radius:0px; '><section class=\"av_textblock_section \"  itemscope=\"itemscope\" itemtype=\"https:\/\/schema.org\/BlogPosting\" itemprop=\"blogPost\" ><div class='avia_textblock  '   itemprop=\"text\" ><p style=\"text-align: justify;\">Enfoque de G\u00e9nero, Diversidad Sexual, Prevenci\u00f3n en Salud Sexual, son algunas de las tem\u00e1ticas que se abordar\u00e1n.<\/p>\n<p style=\"text-align: justify;\">\u201c\u00bfConoces tus derechos sexuales y reproductivos?\u201d \u00c9sa es la interrogante que gu\u00eda los talleres del programa Mujeres, Derechos Sexuales y Reproductivos del Servicio Nacional de la Mujer y la Equidad de G\u00e9nero (SernamEG), el cual abri\u00f3 su convocatoria para 2023.<\/p>\n<p style=\"text-align: justify;\">Esta instancia de conversaci\u00f3n y reflexi\u00f3n est\u00e1 destinada a j\u00f3venes de 14 a 19 a\u00f1os, y a mujeres desde los 20 a\u00f1os y m\u00e1s.<\/p>\n<p style=\"text-align: justify;\">\u201cDebemos avanzar hacia el ejercicio pleno de nuestros derechos y, para eso, es necesario tener toda la informaci\u00f3n y el conocimiento sobre ellos. Este programa es parte de nuestro compromiso con promover y fortalecer la autonom\u00eda f\u00edsica de la diversidad de mujeres que viven en Chile, con el objetivo de acortar y cerrar brechas de g\u00e9nero que a\u00fan persisten en nuestra sociedad\u201d, asegur\u00f3 la Directora Nacional del SernamEG, Priscilla Carrasco Pizarro.<\/p>\n<p style=\"text-align: justify;\">Los talleres ser\u00e1n en dos modalidades: presenciales (10 horas) y online (3 horas). Adem\u00e1s, se abordar\u00e1n diversas tem\u00e1ticas relacionadas entre s\u00ed como sexualidad, diversidad sexual, enfoque de g\u00e9nero, autocuidado, prevenci\u00f3n en salud integral, entre otros.<\/p>\n<p style=\"text-align: justify;\">La promoci\u00f3n de la igualdad de mujeres y hombres, as\u00ed como la no discriminaci\u00f3n por g\u00e9nero, fue resaltado por la Directora Regional (S) de SernamEG, Carla Arriagada Malague\u00f1o, como otro de los objetivos del modelo program\u00e1tico. \u201cEs relevante destacar que este programa junto con abordar a las juventudes, tambi\u00e9n apunta a mujeres de 20 a\u00f1os y m\u00e1s, con diferentes \u00e9nfasis en la entrega de conocimientos; de acuerdo a su edad. Para SernamEG es un desaf\u00edo el responder a los requerimientos y necesidades de sus diferentes proyectos y estilos de vida; ya que nuestro fin \u00faltimo es que puedan vivir de manera plena su autonom\u00eda f\u00edsica\u201d, puntualiz\u00f3.<\/p>\n<p style=\"text-align: justify;\">La convocatoria comenz\u00f3 este lunes 23 de enero y se extender\u00e1 durante todo el a\u00f1o. Los talleres estar\u00e1n disponibles en 32 comunas de todo Chile y se realizar\u00e1n a medida que se vayan completando los cupos para cada taller. Todas las personas interesadas pueden acceder a la informaci\u00f3n en el sitio sernameg.gob.cl<\/p>\n<\/div><\/section><\/div><div  style='height:50px' class='hr hr-invisible   avia-builder-el-6  el_after_av_one_full  el_before_av_social_share '><span class='hr-inner ' ><span class='hr-inner-style'><\/span><\/span><\/div><\/p>\n<div  class='av-social-sharing-box  avia-builder-el-7  el_after_av_hr  el_before_av_hr  '><div class='av-share-box'><h5 class='av-share-link-description av-no-toc '>Compartir esta noticia<\/h5><ul class='av-share-box-list noLightbox'><li class='av-share-link av-social-link-facebook' ><a target=\"_blank\" aria-label=\"Compartir en Facebook\" href='https:\/\/www.facebook.com\/sharer.php?u=https:\/\/radiorevelacionfm.cl\/?p=27107&#038;t=SernamEG%20abre%20convocatoria%20para%20talleres%20sobre%20derechos%20sexuales%20y%20reproductivos' aria-hidden='false' data-av_icon='\ue8f3' data-av_iconfont='entypo-fontello' title='' data-avia-related-tooltip='Compartir en Facebook' rel=\"noopener\"><span class='avia_hidden_link_text'>Compartir en Facebook<\/span><\/a><\/li><li class='av-share-link av-social-link-twitter' ><a target=\"_blank\" aria-label=\"Compartir en Twitter\" href='https:\/\/twitter.com\/share?text=SernamEG%20abre%20convocatoria%20para%20talleres%20sobre%20derechos%20sexuales%20y%20reproductivos&#038;url=https:\/\/radiorevelacionfm.cl\/?p=27107' aria-hidden='false' data-av_icon='\ue8f1' data-av_iconfont='entypo-fontello' title='' data-avia-related-tooltip='Compartir en Twitter' rel=\"noopener\"><span class='avia_hidden_link_text'>Compartir en Twitter<\/span><\/a><\/li><li class='av-share-link av-social-link-whatsapp' ><a target=\"_blank\" aria-label=\"Compartir en Whatsapp\" href='https:\/\/api.whatsapp.com\/send?text=https:\/\/radiorevelacionfm.cl\/?p=27107' aria-hidden='false' data-av_icon='\uf232' data-av_iconfont='entypo-fontello' title='' data-avia-related-tooltip='Compartir en Whatsapp' rel=\"noopener\"><span class='avia_hidden_link_text'>Compartir en Whatsapp<\/span><\/a><\/li><li class='av-share-link av-social-link-linkedin' ><a target=\"_blank\" aria-label=\"Compartir en LinkedIn\" href='https:\/\/linkedin.com\/shareArticle?mini=true&#038;title=SernamEG%20abre%20convocatoria%20para%20talleres%20sobre%20derechos%20sexuales%20y%20reproductivos&#038;url=https:\/\/radiorevelacionfm.cl\/?p=27107' aria-hidden='false' data-av_icon='\ue8fc' data-av_iconfont='entypo-fontello' title='' data-avia-related-tooltip='Compartir en LinkedIn' rel=\"noopener\"><span class='avia_hidden_link_text'>Compartir en LinkedIn<\/span><\/a><\/li><li class='av-share-link av-social-link-mail' ><a  aria-label=\"Compartir por correo\" href='mailto:?subject=SernamEG%20abre%20convocatoria%20para%20talleres%20sobre%20derechos%20sexuales%20y%20reproductivos&#038;body=https:\/\/radiorevelacionfm.cl\/?p=27107' aria-hidden='false' data-av_icon='\ue805' data-av_iconfont='entypo-fontello' title='' data-avia-related-tooltip='Compartir por correo'><span class='avia_hidden_link_text'>Compartir por correo<\/span><\/a><\/li><\/ul><\/div><\/div>\n<div  style='height:50px' class='hr hr-invisible   avia-builder-el-8  el_after_av_social_share  el_before_av_comments_list '><span class='hr-inner ' ><span class='hr-inner-style'><\/span><\/span><\/div>\n<div  class='av-buildercomment  av-blog-meta-html-info-disabled av-blog-meta-tag-disabled  '><\/div>\n","protected":false},"excerpt":{"rendered":"","protected":false},"author":1,"featured_media":27108,"comment_status":"open","ping_status":"open","sticky":false,"template":"","format":"standard","meta":{"footnotes":""},"categories":[38],"tags":[],"class_list":["post-27107","post","type-post","status-publish","format-standard","has-post-thumbnail","hentry","category-regional"],"jetpack_featured_media_url":"https:\/\/radiorevelacionfm.cl\/wp-content\/uploads\/2023\/01\/inicio-inscripciones-DSR-1.jpg","_links":{"self":[{"href":"https:\/\/radiorevelacionfm.cl\/index.php?rest_route=\/wp\/v2\/posts\/27107","targetHints":{"allow":["GET"]}}],"collection":[{"href":"https:\/\/radiorevelacionfm.cl\/index.php?rest_route=\/wp\/v2\/posts"}],"about":[{"href":"https:\/\/radiorevelacionfm.cl\/index.php?rest_route=\/wp\/v2\/types\/post"}],"author":[{"embeddable":true,"href":"https:\/\/radiorevelacionfm.cl\/index.php?rest_route=\/wp\/v2\/users\/1"}],"replies":[{"embeddable":true,"href":"https:\/\/radiorevelacionfm.cl\/index.php?rest_route=%2Fwp%2Fv2%2Fcomments&post=27107"}],"version-history":[{"count":2,"href":"https:\/\/radiorevelacionfm.cl\/index.php?rest_route=\/wp\/v2\/posts\/27107\/revisions"}],"predecessor-version":[{"id":27138,"href":"https:\/\/radiorevelacionfm.cl\/index.php?rest_route=\/wp\/v2\/posts\/27107\/revisions\/27138"}],"wp:featuredmedia":[{"embeddable":true,"href":"https:\/\/radiorevelacionfm.cl\/index.php?rest_route=\/wp\/v2\/media\/27108"}],"wp:attachment":[{"href":"https:\/\/radiorevelacionfm.cl\/index.php?rest_route=%2Fwp%2Fv2%2Fmedia&parent=27107"}],"wp:term":[{"taxonomy":"category","embeddable":true,"href":"https:\/\/radiorevelacionfm.cl\/index.php?rest_route=%2Fwp%2Fv2%2Fcategories&post=27107"},{"taxonomy":"post_tag","embeddable":true,"href":"https:\/\/radiorevelacionfm.cl\/index.php?rest_route=%2Fwp%2Fv2%2Ftags&post=27107"}],"curies":[{"name":"wp","href":"https:\/\/api.w.org\/{rel}","templated":true}]}}