{"id":27095,"date":"2023-01-26T12:09:06","date_gmt":"2023-01-26T15:09:06","guid":{"rendered":"https:\/\/radiorevelacionfm.cl\/?p=27095"},"modified":"2023-01-26T12:09:06","modified_gmt":"2023-01-26T15:09:06","slug":"hospital-de-cisnes-realiza-operativo-con-especialista-en-endodoncia","status":"publish","type":"post","link":"https:\/\/radiorevelacionfm.cl\/?p=27095","title":{"rendered":"Hospital de Cisnes realiza operativo con especialista en endodoncia"},"content":{"rendered":"<div class=\"flex_column av_one_full  flex_column_div av-zero-column-padding first  avia-builder-el-0  el_before_av_one_full  avia-builder-el-first  \" style='border-radius:0px; '><div  class='avia-image-container  av-styling-    avia-builder-el-1  avia-builder-el-no-sibling  avia-align-center '  itemprop=\"image\" itemscope=\"itemscope\" itemtype=\"https:\/\/schema.org\/ImageObject\"  ><div class='avia-image-container-inner'><div class='avia-image-overlay-wrap'><img decoding=\"async\" class='wp-image-27096 avia-img-lazy-loading-not-27096 avia_image' src=\"https:\/\/radiorevelacionfm.cl\/wp-content\/uploads\/2023\/01\/operativo-dental-cisnes-1-1-1.jpeg\" alt='' title='operativo dental cisnes (1) (1) (1)' height=\"600\" width=\"1333\"  itemprop=\"thumbnailUrl\" srcset=\"https:\/\/radiorevelacionfm.cl\/wp-content\/uploads\/2023\/01\/operativo-dental-cisnes-1-1-1.jpeg 1333w, https:\/\/radiorevelacionfm.cl\/wp-content\/uploads\/2023\/01\/operativo-dental-cisnes-1-1-1-300x135.jpeg 300w, https:\/\/radiorevelacionfm.cl\/wp-content\/uploads\/2023\/01\/operativo-dental-cisnes-1-1-1-1030x464.jpeg 1030w, https:\/\/radiorevelacionfm.cl\/wp-content\/uploads\/2023\/01\/operativo-dental-cisnes-1-1-1-768x346.jpeg 768w, https:\/\/radiorevelacionfm.cl\/wp-content\/uploads\/2023\/01\/operativo-dental-cisnes-1-1-1-705x317.jpeg 705w, https:\/\/radiorevelacionfm.cl\/wp-content\/uploads\/2023\/01\/operativo-dental-cisnes-1-1-1-600x270.jpeg 600w\" sizes=\"(max-width: 1333px) 100vw, 1333px\" \/><\/div><\/div><\/div><\/div><div class=\"flex_column av_one_full  flex_column_div av-zero-column-padding first  avia-builder-el-2  el_after_av_one_full  el_before_av_one_full  column-top-margin\" style='border-radius:0px; '><section class=\"av_textblock_section \"  itemscope=\"itemscope\" itemtype=\"https:\/\/schema.org\/BlogPosting\" itemprop=\"blogPost\" ><div class='avia_textblock  '   itemprop=\"text\" ><p style=\"text-align: center;\"><span style=\"font-size: 18pt;\"><b>Hospital de Cisnes realiza operativo con especialista en endodoncia<\/b><\/span><\/p>\n<div id=\"gtx-trans\" style=\"position: absolute; left: -50px; top: 4.31534px;\">\n<div class=\"gtx-trans-icon\"><\/div>\n<\/div>\n<\/div><\/section><\/div><div class=\"flex_column av_one_full  flex_column_div av-zero-column-padding first  avia-builder-el-4  el_after_av_one_full  el_before_av_hr  column-top-margin\" style='border-radius:0px; '><section class=\"av_textblock_section \"  itemscope=\"itemscope\" itemtype=\"https:\/\/schema.org\/BlogPosting\" itemprop=\"blogPost\" ><div class='avia_textblock  '   itemprop=\"text\" ><p style=\"font-weight: 400; text-align: justify;\">Trece usuarios de la red asistencial de Ays\u00e9n se atendieron con el especialista en endodoncia, Dr. Andr\u00e9s D\u00edaz, profesional que viaj\u00f3 hasta el Hospital de Puerto Cisnes desde Puerto Ays\u00e9n. Se trata en su mayor\u00eda de adultos mayores con movilidad reducida, embarazadas y usuarios de islas del litoral, como Puerto Gala y otras.<\/p>\n<p style=\"font-weight: 400; text-align: justify;\">\u201cPara la gente del litoral est\u00e1 muy bien, porque el tema dental en la isla es b\u00e1sico, solo limpieza, pero lo que se hace ac\u00e1 es muy bueno, porque se pueden hacer otras atenciones dentales\u201d, expres\u00f3 Juan Taruman Formantel, de Puerto Gala.<\/p>\n<p style=\"font-weight: 400; text-align: justify;\">Mientras la paciente Mar\u00eda Fern\u00e1ndez, tambi\u00e9n se sum\u00f3 a la buena evaluaci\u00f3n de esta acci\u00f3n encabezada por el hospital cisnense. \u201cLo encuentro magn\u00edfico, porque as\u00ed nosotros venimos con m\u00e1s confianza al dentista y esto es muy bueno para las personas que viven en las zonas rurales, porque a Gala van dentistas, pero no especialistas. Es bueno para la tercera edad, los ni\u00f1os y todos. Excelente, muy agradecida de quienes hacen este trabajo\u201d.<\/p>\n<p style=\"font-weight: 400; text-align: justify;\">Estos operativos van en sinton\u00eda con los ejes de Gobierno, en el sentido de acortar brechas, listas de espera y acercar la salud a las personas, sin importar el lugar donde se encuentren, basado en la atenci\u00f3n primaria, que permite tambi\u00e9n realizar promoci\u00f3n de salud y prevenci\u00f3n de la enfermedad desde acciones desde todos los sectores.<\/p>\n<p style=\"font-weight: 400; text-align: justify;\">\u201cEn dos d\u00edas se atendieron trece personas de lugares alejados desde Puerto Gala a Cisnes Medio, localidades apartadas a las que se les facilit\u00f3 su atenci\u00f3n a trav\u00e9s de este operativo\u201d, explic\u00f3 Javiera Sinsay, encargada del servicio dental del Hospital de Puerto Cisnes.<\/p>\n<\/div><\/section><\/div><div  style='height:50px' class='hr hr-invisible   avia-builder-el-6  el_after_av_one_full  el_before_av_social_share '><span class='hr-inner ' ><span class='hr-inner-style'><\/span><\/span><\/div><\/p>\n<div  class='av-social-sharing-box  avia-builder-el-7  el_after_av_hr  el_before_av_hr  '><div class='av-share-box'><h5 class='av-share-link-description av-no-toc '>Compartir esta noticia<\/h5><ul class='av-share-box-list noLightbox'><li class='av-share-link av-social-link-facebook' ><a target=\"_blank\" aria-label=\"Compartir en Facebook\" href='https:\/\/www.facebook.com\/sharer.php?u=https:\/\/radiorevelacionfm.cl\/?p=27095&#038;t=Hospital%20de%20Cisnes%20realiza%20operativo%20con%20especialista%20en%20endodoncia' aria-hidden='false' data-av_icon='\ue8f3' data-av_iconfont='entypo-fontello' title='' data-avia-related-tooltip='Compartir en Facebook' rel=\"noopener\"><span class='avia_hidden_link_text'>Compartir en Facebook<\/span><\/a><\/li><li class='av-share-link av-social-link-twitter' ><a target=\"_blank\" aria-label=\"Compartir en Twitter\" href='https:\/\/twitter.com\/share?text=Hospital%20de%20Cisnes%20realiza%20operativo%20con%20especialista%20en%20endodoncia&#038;url=https:\/\/radiorevelacionfm.cl\/?p=27095' aria-hidden='false' data-av_icon='\ue8f1' data-av_iconfont='entypo-fontello' title='' data-avia-related-tooltip='Compartir en Twitter' rel=\"noopener\"><span class='avia_hidden_link_text'>Compartir en Twitter<\/span><\/a><\/li><li class='av-share-link av-social-link-whatsapp' ><a target=\"_blank\" aria-label=\"Compartir en Whatsapp\" href='https:\/\/api.whatsapp.com\/send?text=https:\/\/radiorevelacionfm.cl\/?p=27095' aria-hidden='false' data-av_icon='\uf232' data-av_iconfont='entypo-fontello' title='' data-avia-related-tooltip='Compartir en Whatsapp' rel=\"noopener\"><span class='avia_hidden_link_text'>Compartir en Whatsapp<\/span><\/a><\/li><li class='av-share-link av-social-link-linkedin' ><a target=\"_blank\" aria-label=\"Compartir en LinkedIn\" href='https:\/\/linkedin.com\/shareArticle?mini=true&#038;title=Hospital%20de%20Cisnes%20realiza%20operativo%20con%20especialista%20en%20endodoncia&#038;url=https:\/\/radiorevelacionfm.cl\/?p=27095' aria-hidden='false' data-av_icon='\ue8fc' data-av_iconfont='entypo-fontello' title='' data-avia-related-tooltip='Compartir en LinkedIn' rel=\"noopener\"><span class='avia_hidden_link_text'>Compartir en LinkedIn<\/span><\/a><\/li><li class='av-share-link av-social-link-mail' ><a  aria-label=\"Compartir por correo\" href='mailto:?subject=Hospital%20de%20Cisnes%20realiza%20operativo%20con%20especialista%20en%20endodoncia&#038;body=https:\/\/radiorevelacionfm.cl\/?p=27095' aria-hidden='false' data-av_icon='\ue805' data-av_iconfont='entypo-fontello' title='' data-avia-related-tooltip='Compartir por correo'><span class='avia_hidden_link_text'>Compartir por correo<\/span><\/a><\/li><\/ul><\/div><\/div>\n<div  style='height:50px' class='hr hr-invisible   avia-builder-el-8  el_after_av_social_share  el_before_av_comments_list '><span class='hr-inner ' ><span class='hr-inner-style'><\/span><\/span><\/div>\n<div  class='av-buildercomment  av-blog-meta-html-info-disabled av-blog-meta-tag-disabled  '><\/div>\n","protected":false},"excerpt":{"rendered":"","protected":false},"author":1,"featured_media":27096,"comment_status":"open","ping_status":"open","sticky":false,"template":"","format":"standard","meta":{"footnotes":""},"categories":[46],"tags":[],"class_list":["post-27095","post","type-post","status-publish","format-standard","has-post-thumbnail","hentry","category-salud"],"jetpack_featured_media_url":"https:\/\/radiorevelacionfm.cl\/wp-content\/uploads\/2023\/01\/operativo-dental-cisnes-1-1-1.jpeg","_links":{"self":[{"href":"https:\/\/radiorevelacionfm.cl\/index.php?rest_route=\/wp\/v2\/posts\/27095","targetHints":{"allow":["GET"]}}],"collection":[{"href":"https:\/\/radiorevelacionfm.cl\/index.php?rest_route=\/wp\/v2\/posts"}],"about":[{"href":"https:\/\/radiorevelacionfm.cl\/index.php?rest_route=\/wp\/v2\/types\/post"}],"author":[{"embeddable":true,"href":"https:\/\/radiorevelacionfm.cl\/index.php?rest_route=\/wp\/v2\/users\/1"}],"replies":[{"embeddable":true,"href":"https:\/\/radiorevelacionfm.cl\/index.php?rest_route=%2Fwp%2Fv2%2Fcomments&post=27095"}],"version-history":[{"count":2,"href":"https:\/\/radiorevelacionfm.cl\/index.php?rest_route=\/wp\/v2\/posts\/27095\/revisions"}],"predecessor-version":[{"id":27098,"href":"https:\/\/radiorevelacionfm.cl\/index.php?rest_route=\/wp\/v2\/posts\/27095\/revisions\/27098"}],"wp:featuredmedia":[{"embeddable":true,"href":"https:\/\/radiorevelacionfm.cl\/index.php?rest_route=\/wp\/v2\/media\/27096"}],"wp:attachment":[{"href":"https:\/\/radiorevelacionfm.cl\/index.php?rest_route=%2Fwp%2Fv2%2Fmedia&parent=27095"}],"wp:term":[{"taxonomy":"category","embeddable":true,"href":"https:\/\/radiorevelacionfm.cl\/index.php?rest_route=%2Fwp%2Fv2%2Fcategories&post=27095"},{"taxonomy":"post_tag","embeddable":true,"href":"https:\/\/radiorevelacionfm.cl\/index.php?rest_route=%2Fwp%2Fv2%2Ftags&post=27095"}],"curies":[{"name":"wp","href":"https:\/\/api.w.org\/{rel}","templated":true}]}}