{"id":27087,"date":"2023-01-26T09:23:28","date_gmt":"2023-01-26T12:23:28","guid":{"rendered":"https:\/\/radiorevelacionfm.cl\/?p=27087"},"modified":"2023-01-26T09:23:28","modified_gmt":"2023-01-26T12:23:28","slug":"sensibilizan-sobre-el-correcto-uso-de-sillas-de-seguridad-en-vehiculos-particulares","status":"publish","type":"post","link":"https:\/\/radiorevelacionfm.cl\/?p=27087","title":{"rendered":"Sensibilizan sobre el correcto uso de sillas de seguridad en veh\u00edculos particulares"},"content":{"rendered":"<div class=\"flex_column av_one_full  flex_column_div av-zero-column-padding first  avia-builder-el-0  el_before_av_one_full  avia-builder-el-first  \" style='border-radius:0px; '><div  class='avia-image-container  av-styling-    avia-builder-el-1  avia-builder-el-no-sibling  avia-align-center '  itemprop=\"image\" itemscope=\"itemscope\" itemtype=\"https:\/\/schema.org\/ImageObject\"  ><div class='avia-image-container-inner'><div class='avia-image-overlay-wrap'><img decoding=\"async\" class='wp-image-27088 avia-img-lazy-loading-not-27088 avia_image' src=\"https:\/\/radiorevelacionfm.cl\/wp-content\/uploads\/2023\/01\/FOTO-2-SEGURIDAD-DEL-NINO-1-1.jpeg\" alt='' title='FOTO 2 SEGURIDAD DEL NI\u00d1O (1) (1)' height=\"600\" width=\"800\"  itemprop=\"thumbnailUrl\" srcset=\"https:\/\/radiorevelacionfm.cl\/wp-content\/uploads\/2023\/01\/FOTO-2-SEGURIDAD-DEL-NINO-1-1.jpeg 800w, https:\/\/radiorevelacionfm.cl\/wp-content\/uploads\/2023\/01\/FOTO-2-SEGURIDAD-DEL-NINO-1-1-300x225.jpeg 300w, https:\/\/radiorevelacionfm.cl\/wp-content\/uploads\/2023\/01\/FOTO-2-SEGURIDAD-DEL-NINO-1-1-768x576.jpeg 768w, https:\/\/radiorevelacionfm.cl\/wp-content\/uploads\/2023\/01\/FOTO-2-SEGURIDAD-DEL-NINO-1-1-705x529.jpeg 705w, https:\/\/radiorevelacionfm.cl\/wp-content\/uploads\/2023\/01\/FOTO-2-SEGURIDAD-DEL-NINO-1-1-600x450.jpeg 600w\" sizes=\"(max-width: 800px) 100vw, 800px\" \/><\/div><\/div><\/div><\/div>\n<div class=\"flex_column av_one_full  flex_column_div av-zero-column-padding first  avia-builder-el-2  el_after_av_one_full  el_before_av_one_full  column-top-margin\" style='border-radius:0px; '><section class=\"av_textblock_section \"  itemscope=\"itemscope\" itemtype=\"https:\/\/schema.org\/BlogPosting\" itemprop=\"blogPost\" ><div class='avia_textblock  '   itemprop=\"text\" ><p style=\"text-align: center;\"><strong><span style=\"font-size: 18pt;\">Sensibilizan sobre el correcto uso de sillas de seguridad en veh\u00edculos particulares<\/span><\/strong><\/p>\n<div id=\"gtx-trans\" style=\"position: absolute; left: -50px; top: 4.31534px;\">\n<div class=\"gtx-trans-icon\"><\/div>\n<\/div>\n<\/div><\/section><\/div><div class=\"flex_column av_one_full  flex_column_div av-zero-column-padding first  avia-builder-el-4  el_after_av_one_full  el_before_av_hr  column-top-margin\" style='border-radius:0px; '><section class=\"av_textblock_section \"  itemscope=\"itemscope\" itemtype=\"https:\/\/schema.org\/BlogPosting\" itemprop=\"blogPost\" ><div class='avia_textblock  '   itemprop=\"text\" ><p style=\"text-align: justify;\">Autoridades\u00a0 y experto de la\u00a0 Seremi de Transporte,\u00a0\u00a0en el contexto de\u00a0la Mesa Regional de Salud de la Infancia y Adolescencia, educaron a padres, madres y cuidadores\u00a0del\u00a0Jard\u00edn\u00a0Infantil Las Araucarias de Coyhaique para prevenir accidentes y resguardar la salud de ni\u00f1os y ni\u00f1as que, por ley, deben utilizar esta medida de seguridad vial.<\/p>\n<p style=\"text-align: justify;\">En Chile, los accidentes vehiculares son una de las primeras causas de muerte externa en ni\u00f1os y ni\u00f1as entre los 1 y 14 a\u00f1os de edad, donde el 74% de los menores fallecidos se transportaba en un veh\u00edculo particular. Situaciones, que en mucho de los casos podr\u00edan haberse evitado con el uso de sillas que forman parte del Sistema de Retenci\u00f3n Infantil en los m\u00f3viles.\u00a0 De ah\u00ed la importancia de reforzar el correcto uso de estos elementos de protecci\u00f3n.<\/p>\n<p style=\"text-align: justify;\">Por ello, las Seremi de Salud, Desarrollo Social, Transporte y Fundaci\u00f3n Integra de la regi\u00f3n de Ays\u00e9n, que forman parte de la Mesa de Salud Integral Infanto Adolescente de la regi\u00f3n de Ays\u00e9n, junto al experto Sr. Fernando Aguiar de la Seremi de Transporte, expusieron al t\u00e9rmino jornada educativa en el Jard\u00edn Infantil Las Araucarias de Coyhaique, el correcto uso de estas sillas en sus veh\u00edculos, como una acci\u00f3n de sensibilizaci\u00f3n sobre la importancia de su utilizaci\u00f3n.<\/p>\n<p style=\"text-align: justify;\">\u201cEstamos realzando una tem\u00e1tica que muchas veces es invisible, que no le tomamos el peso en materia de seguridad al momento de trasladar a nuestros ni\u00f1os en veh\u00edculos. Hoy, el llamado es a la conciencia de padres, madres y cuidadores de los ni\u00f1os y ni\u00f1as menores de 12 a\u00f1os que se trasladen en veh\u00edculos. El a\u00f1o 2021 tuvimos en Chile m\u00e1s de 2 mil 500 accidentes con un total de 44 ni\u00f1os menores de 12 a\u00f1os fallecidos y m\u00e1s de 300 con secuelas graves. Carga emocional, psicol\u00f3gica y monetaria para las familias y el sistema completo\u201d, destac\u00f3 la Autoridad Sanitaria.<\/p>\n<p style=\"text-align: justify;\">La Seremi de Desarrollo Social, Karina Acevedo, y miembro de esta Mesa de Salud Integral Infanto Adolescente, liderada desde la Seremi de Salud Ays\u00e9n, hizo una invitaci\u00f3n a los padres a informarse sobre este tema y proteger a sus familias \u201cEvitemos situaciones de riesgo, cuidemos a nuestros ni\u00f1os y ni\u00f1as que vamos a buscar al jard\u00edn, ocupemos correctamente estas sillas, veamos bien la forma de ocuparla, tenga el resguardo con sus hijos. Somos los adultos los encargados de transmitirles a ellos, en toda la regi\u00f3n de Ays\u00e9n, la importancia de estas medidas de seguridad\u201d.<\/p>\n<p style=\"text-align: justify;\">Por su parte, la\u00a0Directora regional de Fundaci\u00f3n Integra, Leticia Araya, relev\u00f3 esta instancia educativa intersectorial \u201cpara ir educando a las familias sobre la importancia de estas medidas de seguridad, pensando en el bienestar de los ni\u00f1os y ni\u00f1as, que se ven afectados al momento de tener alg\u00fan accidente. Pudimos conversar con algunas familias, explicarles el correcto uso de estas sillas para que no exista mayor riesgo en un eventual accidente\u201d.<\/p>\n<p style=\"text-align: justify;\">El uso de los sistemas de retenci\u00f3n infantil en veh\u00edculos es un tema\u00a0que ocupa\u00a0a la Seremi de Transporte y Telecomunicaciones, Claudia Cantero \u201cNosotros como\u00a0Ministerio y a trav\u00e9s de la Comisi\u00f3n Regional de Seguridad de Tr\u00e1nsito,\u00a0vamos a estar realizando campa\u00f1as preventivas respecto a este tema. Sabemos que el uso de cualquier tipo de sistema de retenci\u00f3n infantil puede evitar m\u00e1s de un 80%\u00a0 de situaciones lamentables dentro de los siniestros de tr\u00e1nsito. Es un tema que debemos saber darle una real importancia. El llamado es a educarnos sobre este tema\u201d, concluy\u00f3 la autoridad.<\/p>\n<p style=\"text-align: justify;\"><strong>Consejos para el correcto uso de estas sillas<\/strong><\/p>\n<p style=\"text-align: justify;\">El profesional y experto Fernando Aguiar, se\u00f1al\u00f3 que lo importante al momento de utilizar un sistema de retenci\u00f3n infantil es la reducci\u00f3n de un 50 y 80% las posibilidades de sufrir lesiones en ni\u00f1os y ni\u00f1as menores de 9 a\u00f1os. El experto record\u00f3 que los sistemas son obligatorios en menores de esa edad. \u201cSi no respeta la ley se arriesga a infracciones que van de 1.5 a 3 UTM por su no utilizaci\u00f3n de acuerdo a la Ley de Tr\u00e1nsito y, b\u00e1sicamente, m\u00e1s all\u00e1 del tema de la infracci\u00f3n es que los padres, madres o tutores somos los responsables de la salud y la vida de nuestros hijos\u201d.<\/p>\n<p style=\"text-align: justify;\">El experto hizo hincapi\u00e9 en seguir las gu\u00edas que establece la Comisi\u00f3n Nacional de Seguridad de Tr\u00e1nsito, que la silla debe ir de acorde al peso y talla del menor, leer las instrucciones de uso , conocer qu\u00e9\u00a0 sistema de cintur\u00f3n de seguridad tiene , al momento de realizar dicha compra. \u201cHay 5 tipos de sillas, del huevito hasta el alzador, dependiendo de la talla y peso del menor. Cualquier duda respecto a la instalaci\u00f3n pueden acercarse a la Seremi de Transporte para una correcta asesor\u00eda\u201d, concluy\u00f3 el profesional.<\/p>\n<p style=\"text-align: justify;\">Para m\u00e1s informaci\u00f3n pueden consultar en:\u00a0<a href=\"https:\/\/www.conaset.cl\/sillas-de-ninos\/\">https:\/\/www.conaset.cl\/sillas-de-ninos\/<\/a><\/p>\n<\/div><\/section><\/div><\/p>\n<div  style='height:50px' class='hr hr-invisible   avia-builder-el-6  el_after_av_one_full  el_before_av_social_share '><span class='hr-inner ' ><span class='hr-inner-style'><\/span><\/span><\/div>\n<div  class='av-social-sharing-box  avia-builder-el-7  el_after_av_hr  el_before_av_hr  '><div class='av-share-box'><h5 class='av-share-link-description av-no-toc '>Compartir esta noticia<\/h5><ul class='av-share-box-list noLightbox'><li class='av-share-link av-social-link-facebook' ><a target=\"_blank\" aria-label=\"Compartir en Facebook\" href='https:\/\/www.facebook.com\/sharer.php?u=https:\/\/radiorevelacionfm.cl\/?p=27087&#038;t=Sensibilizan%20sobre%20el%20correcto%20uso%20de%20sillas%20de%20seguridad%20en%20veh%C3%ADculos%20particulares' aria-hidden='false' data-av_icon='\ue8f3' data-av_iconfont='entypo-fontello' title='' data-avia-related-tooltip='Compartir en Facebook' rel=\"noopener\"><span class='avia_hidden_link_text'>Compartir en Facebook<\/span><\/a><\/li><li class='av-share-link av-social-link-twitter' ><a target=\"_blank\" aria-label=\"Compartir en Twitter\" href='https:\/\/twitter.com\/share?text=Sensibilizan%20sobre%20el%20correcto%20uso%20de%20sillas%20de%20seguridad%20en%20veh%C3%ADculos%20particulares&#038;url=https:\/\/radiorevelacionfm.cl\/?p=27087' aria-hidden='false' data-av_icon='\ue8f1' data-av_iconfont='entypo-fontello' title='' data-avia-related-tooltip='Compartir en Twitter' rel=\"noopener\"><span class='avia_hidden_link_text'>Compartir en Twitter<\/span><\/a><\/li><li class='av-share-link av-social-link-whatsapp' ><a target=\"_blank\" aria-label=\"Compartir en Whatsapp\" href='https:\/\/api.whatsapp.com\/send?text=https:\/\/radiorevelacionfm.cl\/?p=27087' aria-hidden='false' data-av_icon='\uf232' data-av_iconfont='entypo-fontello' title='' data-avia-related-tooltip='Compartir en Whatsapp' rel=\"noopener\"><span class='avia_hidden_link_text'>Compartir en Whatsapp<\/span><\/a><\/li><li class='av-share-link av-social-link-linkedin' ><a target=\"_blank\" aria-label=\"Compartir en LinkedIn\" href='https:\/\/linkedin.com\/shareArticle?mini=true&#038;title=Sensibilizan%20sobre%20el%20correcto%20uso%20de%20sillas%20de%20seguridad%20en%20veh%C3%ADculos%20particulares&#038;url=https:\/\/radiorevelacionfm.cl\/?p=27087' aria-hidden='false' data-av_icon='\ue8fc' data-av_iconfont='entypo-fontello' title='' data-avia-related-tooltip='Compartir en LinkedIn' rel=\"noopener\"><span class='avia_hidden_link_text'>Compartir en LinkedIn<\/span><\/a><\/li><li class='av-share-link av-social-link-mail' ><a  aria-label=\"Compartir por correo\" href='mailto:?subject=Sensibilizan%20sobre%20el%20correcto%20uso%20de%20sillas%20de%20seguridad%20en%20veh%C3%ADculos%20particulares&#038;body=https:\/\/radiorevelacionfm.cl\/?p=27087' aria-hidden='false' data-av_icon='\ue805' data-av_iconfont='entypo-fontello' title='' data-avia-related-tooltip='Compartir por correo'><span class='avia_hidden_link_text'>Compartir por correo<\/span><\/a><\/li><\/ul><\/div><\/div>\n<div  style='height:50px' class='hr hr-invisible   avia-builder-el-8  el_after_av_social_share  el_before_av_comments_list '><span class='hr-inner ' ><span class='hr-inner-style'><\/span><\/span><\/div>\n<div  class='av-buildercomment  av-blog-meta-html-info-disabled av-blog-meta-tag-disabled  '><\/div>\n","protected":false},"excerpt":{"rendered":"","protected":false},"author":1,"featured_media":27088,"comment_status":"open","ping_status":"open","sticky":false,"template":"","format":"standard","meta":{"footnotes":""},"categories":[46],"tags":[],"class_list":["post-27087","post","type-post","status-publish","format-standard","has-post-thumbnail","hentry","category-salud"],"jetpack_featured_media_url":"https:\/\/radiorevelacionfm.cl\/wp-content\/uploads\/2023\/01\/FOTO-2-SEGURIDAD-DEL-NINO-1-1.jpeg","_links":{"self":[{"href":"https:\/\/radiorevelacionfm.cl\/index.php?rest_route=\/wp\/v2\/posts\/27087","targetHints":{"allow":["GET"]}}],"collection":[{"href":"https:\/\/radiorevelacionfm.cl\/index.php?rest_route=\/wp\/v2\/posts"}],"about":[{"href":"https:\/\/radiorevelacionfm.cl\/index.php?rest_route=\/wp\/v2\/types\/post"}],"author":[{"embeddable":true,"href":"https:\/\/radiorevelacionfm.cl\/index.php?rest_route=\/wp\/v2\/users\/1"}],"replies":[{"embeddable":true,"href":"https:\/\/radiorevelacionfm.cl\/index.php?rest_route=%2Fwp%2Fv2%2Fcomments&post=27087"}],"version-history":[{"count":3,"href":"https:\/\/radiorevelacionfm.cl\/index.php?rest_route=\/wp\/v2\/posts\/27087\/revisions"}],"predecessor-version":[{"id":27092,"href":"https:\/\/radiorevelacionfm.cl\/index.php?rest_route=\/wp\/v2\/posts\/27087\/revisions\/27092"}],"wp:featuredmedia":[{"embeddable":true,"href":"https:\/\/radiorevelacionfm.cl\/index.php?rest_route=\/wp\/v2\/media\/27088"}],"wp:attachment":[{"href":"https:\/\/radiorevelacionfm.cl\/index.php?rest_route=%2Fwp%2Fv2%2Fmedia&parent=27087"}],"wp:term":[{"taxonomy":"category","embeddable":true,"href":"https:\/\/radiorevelacionfm.cl\/index.php?rest_route=%2Fwp%2Fv2%2Fcategories&post=27087"},{"taxonomy":"post_tag","embeddable":true,"href":"https:\/\/radiorevelacionfm.cl\/index.php?rest_route=%2Fwp%2Fv2%2Ftags&post=27087"}],"curies":[{"name":"wp","href":"https:\/\/api.w.org\/{rel}","templated":true}]}}