{"id":27077,"date":"2023-01-25T18:49:15","date_gmt":"2023-01-25T21:49:15","guid":{"rendered":"https:\/\/radiorevelacionfm.cl\/?p=27077"},"modified":"2023-01-25T18:49:15","modified_gmt":"2023-01-25T21:49:15","slug":"gobernadora-de-aysen-planteo-al-presidente-temas-prioritarios-para-la-region-el-lugar-donde-vives-no-puede-condicionar-tus-oportunidades-de-desarrollo","status":"publish","type":"post","link":"https:\/\/radiorevelacionfm.cl\/?p=27077","title":{"rendered":"Gobernadora de Ays\u00e9n plante\u00f3 al Presidente temas prioritarios para la regi\u00f3n: \u00abEl lugar donde vives no puede condicionar tus oportunidades de desarrollo\u00bb"},"content":{"rendered":"<div class=\"flex_column av_one_full  flex_column_div av-zero-column-padding first  avia-builder-el-0  el_before_av_one_full  avia-builder-el-first  \" style='border-radius:0px; '><div  class='avia-image-container  av-styling-    avia-builder-el-1  avia-builder-el-no-sibling  avia-align-center '  itemprop=\"image\" itemscope=\"itemscope\" itemtype=\"https:\/\/schema.org\/ImageObject\"  ><div class='avia-image-container-inner'><div class='avia-image-overlay-wrap'><img decoding=\"async\" class='wp-image-27079 avia-img-lazy-loading-not-27079 avia_image' src=\"https:\/\/radiorevelacionfm.cl\/wp-content\/uploads\/2023\/01\/1-2-3-1-1.jpeg\" alt='' title='1 (2) (3) (1) (1)' height=\"600\" width=\"1002\"  itemprop=\"thumbnailUrl\" srcset=\"https:\/\/radiorevelacionfm.cl\/wp-content\/uploads\/2023\/01\/1-2-3-1-1.jpeg 1002w, https:\/\/radiorevelacionfm.cl\/wp-content\/uploads\/2023\/01\/1-2-3-1-1-300x180.jpeg 300w, https:\/\/radiorevelacionfm.cl\/wp-content\/uploads\/2023\/01\/1-2-3-1-1-768x460.jpeg 768w, https:\/\/radiorevelacionfm.cl\/wp-content\/uploads\/2023\/01\/1-2-3-1-1-705x422.jpeg 705w, https:\/\/radiorevelacionfm.cl\/wp-content\/uploads\/2023\/01\/1-2-3-1-1-600x359.jpeg 600w\" sizes=\"(max-width: 1002px) 100vw, 1002px\" \/><\/div><\/div><\/div><\/div><div class=\"flex_column av_one_full  flex_column_div av-zero-column-padding first  avia-builder-el-2  el_after_av_one_full  el_before_av_one_full  column-top-margin\" style='border-radius:0px; '><section class=\"av_textblock_section \"  itemscope=\"itemscope\" itemtype=\"https:\/\/schema.org\/BlogPosting\" itemprop=\"blogPost\" ><div class='avia_textblock  '   itemprop=\"text\" ><p style=\"text-align: center;\"><strong><span style=\"font-size: 18pt;\">Gobernadora de Ays\u00e9n plante\u00f3 al Presidente temas prioritarios para la regi\u00f3n: \u00abEl lugar donde vives no puede condicionar tus oportunidades de desarrollo\u00bb<\/span><\/strong><\/p>\n<div id=\"gtx-trans\" style=\"position: absolute; left: -50px; top: 4.31534px;\">\n<div class=\"gtx-trans-icon\"><\/div>\n<\/div>\n<\/div><\/section><\/div><div class=\"flex_column av_one_full  flex_column_div av-zero-column-padding first  avia-builder-el-4  el_after_av_one_full  el_before_av_hr  column-top-margin\" style='border-radius:0px; '><section class=\"av_textblock_section \"  itemscope=\"itemscope\" itemtype=\"https:\/\/schema.org\/BlogPosting\" itemprop=\"blogPost\" ><div class='avia_textblock  '   itemprop=\"text\" ><p dir=\"ltr\" style=\"text-align: justify;\">Este mi\u00e9rcoles el Presidente de la Rep\u00fablica, Gabriel Boric Font, lleg\u00f3 hasta el Gobierno Regional de Ays\u00e9n para reunirse en primera instancia con la Gobernadora Regional de Ays\u00e9n, Andrea Mac\u00edas Palma. En este espacio, la primera autoridad regional expuso ante el mandatario y enfatiz\u00f3 en tem\u00e1ticas de salud, conectividad, educaci\u00f3n, vivienda, abordando adem\u00e1s lo que ser\u00e1 el nuevo Plan de Desarrollo de Zonas de Extremas.<\/p>\n<p dir=\"ltr\" style=\"text-align: justify;\">Tambi\u00e9n participaron de esta instancia el Ministro de Obras P\u00fablicas, Juan Carlos Garc\u00eda, el Delegado Presidencial Regional, Rodrigo Araya, y el Subsecretario de Redes Asistenciales, Fernando Araos. \u00abTuvimos la oportunidad de conversar para plantear algunos temas que tienen que ver con la regi\u00f3n, abocados principalmente a conectividad, por otra parte, a lo que ocurre con salud, a la necesidad que tenemos de inversi\u00f3n en temas de educaci\u00f3n, pensando en que los ni\u00f1os, ni\u00f1as y adolescentes no son s\u00f3lo el futuro, son el presente, y hoy hay que invertir en aquello para poder avanzar en mayores niveles de desarrollo\u00bb, detall\u00f3 la Gobernadora Regional.<\/p>\n<p dir=\"ltr\" style=\"text-align: justify;\">En cuanto al nuevo Plan Especial de Desarrollo de Zonas Extremas (PEDZE), que ahora ser\u00e1 englobado por una pol\u00edtica nacional, dejando de lado su car\u00e1cter transitorio, la Gobernadora Andrea Mac\u00edas Palma requiri\u00f3 que esta estrategia partiera con una inyecci\u00f3n de recursos potente para dar respuesta efectiva a las demandas de las comunidades.<\/p>\n<p dir=\"ltr\" style=\"text-align: justify;\">Sobre este punto, y tras participar luego de un encuentro con los alcaldes y las y los delegados provinciales de la regi\u00f3n, el Presidente firm\u00f3 frente a la prensa, acompa\u00f1ado de la Gobernadora Regional, el ministro, los subsecretarios y las autoridades regionales, el decreto para que el desarrollo de las zonas extremas deje de estar asociado a un plan espec\u00edfico y acotado, para conformarse como una pol\u00edtica de Estado.<\/p>\n<p dir=\"ltr\" style=\"text-align: justify;\">\u00abLa Pol\u00edtica de Desarrollo de Zonas Extremas tiene por objetivo contribuir a reducir las inequidades existentes en los est\u00e1ndares de vida entre Ays\u00e9n y el resto de Chile. As\u00ed como tambi\u00e9n reducir las inequidades territoriales que existen al interior de la regi\u00f3n, con el fin de impulsar un mayor crecimiento y desarrollo. Algo que, seguramente los que habitan en Ays\u00e9n deben estar cansados de escuchar, pero que en el resto del territorio nacional no lo saben. Ac\u00e1 muchos de los proyectos no tienen en RS, la famosa rentabilidad social, porque dicen que son muy pocos habitantes y que, por lo tanto, no se merecen tener acceso a servicios que en cualquier otra parte de Chile se estimar\u00edan como necesarios. Eso es algo con lo que tenemos que terminar\u00bb, precis\u00f3 el mandatario tras la firma del decreto.<\/p>\n<p dir=\"ltr\" style=\"text-align: justify;\">El Presidente de la Rep\u00fablica tambi\u00e9n explic\u00f3 que, con la implementaci\u00f3n de esta nueva Pol\u00edtica de Zonas Extremas, se contar\u00e1 con un plan permanente para reconocer la condici\u00f3n austral e insular de territorios como la Regi\u00f3n de Ays\u00e9n, que muchas veces ven postergadas sus soluciones por el criterio centralista con el que se han tomado las decisiones hist\u00f3ricamente.<\/p>\n<p dir=\"ltr\" style=\"text-align: justify;\">En ese sentido, la Gobernadora Regional de Ays\u00e9n complement\u00f3 lo expresado por la m\u00e1xima autoridad nacional, afirmando que \u00abreconocer como Estado la necesidad de tener una Pol\u00edtica de Desarrollo de Zonas Extremas de manera permanente, tiene un sentido tremendo de justicia territorial, de equidad territorial. El Estado tiene la responsabilidad con todos los habitantes de todo nuestro pa\u00eds, y sobre todo con aquellos que estamos en zonas extremas. Es por eso que vemos con muy buenos ojos la firma de este decreto, sobre todo entendiendo que el Estado tiene una responsabilidad con todos los ciudadanos, y que el lugar donde uno nace, el lugar donde uno vive, no puede condicionar tus oportunidades de desarrollo\u00bb.<\/p>\n<\/div><\/section><\/div><div  style='height:50px' class='hr hr-invisible   avia-builder-el-6  el_after_av_one_full  el_before_av_social_share '><span class='hr-inner ' ><span class='hr-inner-style'><\/span><\/span><\/div><\/p>\n<div  class='av-social-sharing-box  avia-builder-el-7  el_after_av_hr  el_before_av_hr  '><div class='av-share-box'><h5 class='av-share-link-description av-no-toc '>Compartir esta noticia<\/h5><ul class='av-share-box-list noLightbox'><li class='av-share-link av-social-link-facebook' ><a target=\"_blank\" aria-label=\"Compartir en Facebook\" href='https:\/\/www.facebook.com\/sharer.php?u=https:\/\/radiorevelacionfm.cl\/?p=27077&#038;t=Gobernadora%20de%20Ays%C3%A9n%20plante%C3%B3%20al%20Presidente%20temas%20prioritarios%20para%20la%20regi%C3%B3n%3A%20%C2%ABEl%20lugar%20donde%20vives%20no%20puede%20condicionar%20tus%20oportunidades%20de%20desarrollo%C2%BB' aria-hidden='false' data-av_icon='\ue8f3' data-av_iconfont='entypo-fontello' title='' data-avia-related-tooltip='Compartir en Facebook' rel=\"noopener\"><span class='avia_hidden_link_text'>Compartir en Facebook<\/span><\/a><\/li><li class='av-share-link av-social-link-twitter' ><a target=\"_blank\" aria-label=\"Compartir en Twitter\" href='https:\/\/twitter.com\/share?text=Gobernadora%20de%20Ays%C3%A9n%20plante%C3%B3%20al%20Presidente%20temas%20prioritarios%20para%20la%20regi%C3%B3n%3A%20%C2%ABEl%20lugar%20donde%20vives%20no%20puede%20condicionar%20tus%20oportunidades%20de%20desarrollo%C2%BB&#038;url=https:\/\/radiorevelacionfm.cl\/?p=27077' aria-hidden='false' data-av_icon='\ue8f1' data-av_iconfont='entypo-fontello' title='' data-avia-related-tooltip='Compartir en Twitter' rel=\"noopener\"><span class='avia_hidden_link_text'>Compartir en Twitter<\/span><\/a><\/li><li class='av-share-link av-social-link-whatsapp' ><a target=\"_blank\" aria-label=\"Compartir en Whatsapp\" href='https:\/\/api.whatsapp.com\/send?text=https:\/\/radiorevelacionfm.cl\/?p=27077' aria-hidden='false' data-av_icon='\uf232' data-av_iconfont='entypo-fontello' title='' data-avia-related-tooltip='Compartir en Whatsapp' rel=\"noopener\"><span class='avia_hidden_link_text'>Compartir en Whatsapp<\/span><\/a><\/li><li class='av-share-link av-social-link-linkedin' ><a target=\"_blank\" aria-label=\"Compartir en LinkedIn\" href='https:\/\/linkedin.com\/shareArticle?mini=true&#038;title=Gobernadora%20de%20Ays%C3%A9n%20plante%C3%B3%20al%20Presidente%20temas%20prioritarios%20para%20la%20regi%C3%B3n%3A%20%C2%ABEl%20lugar%20donde%20vives%20no%20puede%20condicionar%20tus%20oportunidades%20de%20desarrollo%C2%BB&#038;url=https:\/\/radiorevelacionfm.cl\/?p=27077' aria-hidden='false' data-av_icon='\ue8fc' data-av_iconfont='entypo-fontello' title='' data-avia-related-tooltip='Compartir en LinkedIn' rel=\"noopener\"><span class='avia_hidden_link_text'>Compartir en LinkedIn<\/span><\/a><\/li><li class='av-share-link av-social-link-mail' ><a  aria-label=\"Compartir por correo\" href='mailto:?subject=Gobernadora%20de%20Ays%C3%A9n%20plante%C3%B3%20al%20Presidente%20temas%20prioritarios%20para%20la%20regi%C3%B3n%3A%20%C2%ABEl%20lugar%20donde%20vives%20no%20puede%20condicionar%20tus%20oportunidades%20de%20desarrollo%C2%BB&#038;body=https:\/\/radiorevelacionfm.cl\/?p=27077' aria-hidden='false' data-av_icon='\ue805' data-av_iconfont='entypo-fontello' title='' data-avia-related-tooltip='Compartir por correo'><span class='avia_hidden_link_text'>Compartir por correo<\/span><\/a><\/li><\/ul><\/div><\/div>\n<div  style='height:50px' class='hr hr-invisible   avia-builder-el-8  el_after_av_social_share  el_before_av_comments_list '><span class='hr-inner ' ><span class='hr-inner-style'><\/span><\/span><\/div>\n<div  class='av-buildercomment  av-blog-meta-html-info-disabled av-blog-meta-tag-disabled  '><\/div>\n","protected":false},"excerpt":{"rendered":"","protected":false},"author":1,"featured_media":27079,"comment_status":"open","ping_status":"open","sticky":false,"template":"","format":"standard","meta":{"footnotes":""},"categories":[38],"tags":[],"class_list":["post-27077","post","type-post","status-publish","format-standard","has-post-thumbnail","hentry","category-regional"],"jetpack_featured_media_url":"https:\/\/radiorevelacionfm.cl\/wp-content\/uploads\/2023\/01\/1-2-3-1-1.jpeg","_links":{"self":[{"href":"https:\/\/radiorevelacionfm.cl\/index.php?rest_route=\/wp\/v2\/posts\/27077","targetHints":{"allow":["GET"]}}],"collection":[{"href":"https:\/\/radiorevelacionfm.cl\/index.php?rest_route=\/wp\/v2\/posts"}],"about":[{"href":"https:\/\/radiorevelacionfm.cl\/index.php?rest_route=\/wp\/v2\/types\/post"}],"author":[{"embeddable":true,"href":"https:\/\/radiorevelacionfm.cl\/index.php?rest_route=\/wp\/v2\/users\/1"}],"replies":[{"embeddable":true,"href":"https:\/\/radiorevelacionfm.cl\/index.php?rest_route=%2Fwp%2Fv2%2Fcomments&post=27077"}],"version-history":[{"count":2,"href":"https:\/\/radiorevelacionfm.cl\/index.php?rest_route=\/wp\/v2\/posts\/27077\/revisions"}],"predecessor-version":[{"id":27085,"href":"https:\/\/radiorevelacionfm.cl\/index.php?rest_route=\/wp\/v2\/posts\/27077\/revisions\/27085"}],"wp:featuredmedia":[{"embeddable":true,"href":"https:\/\/radiorevelacionfm.cl\/index.php?rest_route=\/wp\/v2\/media\/27079"}],"wp:attachment":[{"href":"https:\/\/radiorevelacionfm.cl\/index.php?rest_route=%2Fwp%2Fv2%2Fmedia&parent=27077"}],"wp:term":[{"taxonomy":"category","embeddable":true,"href":"https:\/\/radiorevelacionfm.cl\/index.php?rest_route=%2Fwp%2Fv2%2Fcategories&post=27077"},{"taxonomy":"post_tag","embeddable":true,"href":"https:\/\/radiorevelacionfm.cl\/index.php?rest_route=%2Fwp%2Fv2%2Ftags&post=27077"}],"curies":[{"name":"wp","href":"https:\/\/api.w.org\/{rel}","templated":true}]}}