{"id":27071,"date":"2023-01-26T10:10:22","date_gmt":"2023-01-26T13:10:22","guid":{"rendered":"https:\/\/radiorevelacionfm.cl\/?p=27071"},"modified":"2023-01-26T10:31:02","modified_gmt":"2023-01-26T13:31:02","slug":"fenats-pide-al-presidente-boric-intervenir-el-servicio-de-salud-aysen-por-una-serie-de-irregularidades","status":"publish","type":"post","link":"https:\/\/radiorevelacionfm.cl\/?p=27071","title":{"rendered":"Fenats pide al Presidente Boric intervenir el Servicio de Salud Ays\u00e9n por una serie de irregularidades"},"content":{"rendered":"<div class=\"flex_column av_one_full  flex_column_div av-zero-column-padding first  avia-builder-el-0  el_before_av_one_full  avia-builder-el-first  \" style='border-radius:0px; '><div  class='avia-image-container  av-styling-    avia-builder-el-1  avia-builder-el-no-sibling  avia-align-center '  itemprop=\"image\" itemscope=\"itemscope\" itemtype=\"https:\/\/schema.org\/ImageObject\"  ><div class='avia-image-container-inner'><div class='avia-image-overlay-wrap'><img decoding=\"async\" class='wp-image-27082 avia-img-lazy-loading-not-27082 avia_image' src=\"https:\/\/radiorevelacionfm.cl\/wp-content\/uploads\/2023\/01\/FERIS-DIAZ-1-1-1.jpg\" alt='' title='FERIS D\u00cdAZ (1) (1) (1)' height=\"600\" width=\"697\"  itemprop=\"thumbnailUrl\" srcset=\"https:\/\/radiorevelacionfm.cl\/wp-content\/uploads\/2023\/01\/FERIS-DIAZ-1-1-1.jpg 697w, https:\/\/radiorevelacionfm.cl\/wp-content\/uploads\/2023\/01\/FERIS-DIAZ-1-1-1-300x258.jpg 300w, https:\/\/radiorevelacionfm.cl\/wp-content\/uploads\/2023\/01\/FERIS-DIAZ-1-1-1-600x516.jpg 600w\" sizes=\"(max-width: 697px) 100vw, 697px\" \/><\/div><\/div><\/div><\/div><div class=\"flex_column av_one_full  flex_column_div av-zero-column-padding first  avia-builder-el-2  el_after_av_one_full  el_before_av_one_full  column-top-margin\" style='border-radius:0px; '><section class=\"av_textblock_section \"  itemscope=\"itemscope\" itemtype=\"https:\/\/schema.org\/BlogPosting\" itemprop=\"blogPost\" ><div class='avia_textblock  '   itemprop=\"text\" ><p style=\"text-align: center;\"><span style=\"font-size: 18pt;\"><b><span lang=\"ES-CL\">Fenats pide al Presidente Boric intervenir el Servicio de Salud Ays\u00e9n por una serie de irregularidades\u00a0<\/span><\/b><\/span><\/p>\n<div id=\"gtx-trans\" style=\"position: absolute; left: -50px; top: 4.31534px;\">\n<div class=\"gtx-trans-icon\"><\/div>\n<\/div>\n<\/div><\/section><\/div><\/p>\n<div class=\"flex_column av_one_full  flex_column_div av-zero-column-padding first  avia-builder-el-4  el_after_av_one_full  el_before_av_hr  column-top-margin\" style='border-radius:0px; '><section class=\"av_textblock_section \"  itemscope=\"itemscope\" itemtype=\"https:\/\/schema.org\/BlogPosting\" itemprop=\"blogPost\" ><div class='avia_textblock  '   itemprop=\"text\" ><p style=\"font-weight: 400; text-align: justify;\">En el marco de la visita del presidente Gabriel Boric a la regi\u00f3n, la Federaci\u00f3n de Funcionarios de Trabajadores de la Salud, Fenats Ays\u00e9n, hizo un llamado al mandatario y al subsecretario de salud para que intervenga el Servicio de Salud Ays\u00e9n y realice auditor\u00edas, acusando una serie de irregularidades, principalmente por la gesti\u00f3n de la Subdirecci\u00f3n de Gesti\u00f3n de Personas del organismo.<\/p>\n<p style=\"font-weight: 400; text-align: justify;\">Feris D\u00edaz, dirigente Nacional y Regional de la Fenats, asegur\u00f3 que \u201cnuestra organizaci\u00f3n como representantes de m\u00e1s de 1100 trabajadores de la regi\u00f3n, manifiesta su malestar respecto del manejo de los Directivos del Servicio de Salud en cuanto a las m\u00faltiples solicitudes de regularizaci\u00f3n de todos los problemas no resueltos en 10 meses de gobierno\u201d.<\/p>\n<p style=\"font-weight: 400; text-align: justify;\">\u201cLas observaciones que se han realizado a relaciones laborales y al director de servicio subrogante no han sido resueltas en lo m\u00e1s m\u00ednimo, dejando que la bola de nieve se acreciente cada vez m\u00e1s, raz\u00f3n por lo cual algunas unidades cr\u00edticas para el funcionamiento hacia la comunidad como pabell\u00f3n, urgencia y estilizaci\u00f3n han planteado paralizar funciones\u201d, indic\u00f3.<\/p>\n<p style=\"font-weight: 400; text-align: justify;\">\u201cTenemos irregularidades en el proceso calificatorio, porque no hay una planificaci\u00f3n y una organizaci\u00f3n, por lo que no se pueden corregir los errores. Hemos tenido tambi\u00e9n algunos problemas con el proceso de pagos, ha habido descoordinaci\u00f3n y falta de planificaci\u00f3n pro parte de la Subdirecci\u00f3n de Gesti\u00f3n de las Personas, lo que ha generado que funcionarios han quedado sin sus remuneraciones o han tenido que esperar para la regularizaci\u00f3n de asignaciones o sueldos\u201d, indic\u00f3.<\/p>\n<p style=\"font-weight: 400; text-align: justify;\">Feris D\u00edaz se\u00f1al\u00f3 que \u201cla subdirecci\u00f3n de Gesti\u00f3n de las Personas que se limita a cumplir procesos administrativo, en donde dichos procesos no son pensando en el bienestar de los funcionarios, son solo parte de un proceso administrativo, alejado de toda realidad y sin una gota de empat\u00eda hacia los funcionarios, raz\u00f3n por lo cual, como dirigentes tenemos la impresi\u00f3n cierta que tanto la Subdirectora, como a la encargada personal, les interesa m\u00e1s cumplir con los n\u00fameros dejando de lado el bienestar de los funcionarios\u201d.<\/p>\n<p style=\"font-weight: 400; text-align: justify;\">Como gremio esperamos y exigimos que la Subdirecci\u00f3n de Gesti\u00f3n de las Personas, se transforme en una Subdirecci\u00f3n que tenga como objetivo las personas y que termine de ser una unidad administrativa, que cumple solo procesar informaci\u00f3n, sin poner al centro a los funcionarios, con una mirada cr\u00edtica, aislada de la realidad y poco emp\u00e1tica.<\/p>\n<p style=\"font-weight: 400; text-align: justify;\">El dirigente indic\u00f3 que \u201chay una mala gesti\u00f3n en cobros de licencias m\u00e9dicas, hay una falta de gesti\u00f3n para los honorarios suma alzada, que cumplen requisito y no son traspasados a la contrata . No hay interacciones con los gremios, ya que niega y oculta informaci\u00f3n, siendo que todo lo que se solicita es en el bienestar del funcionario, entre otras irregularidades\u201d.<\/p>\n<p style=\"font-weight: 400; text-align: justify;\">Finalmente, Feris D\u00edaz asegur\u00f3 que \u201cel propio Presidente Boric afirm\u00f3 que esperan reducir la lista de espera en los hospitales. Me gustar\u00eda que el presidente explique \u00bfc\u00f3mo esto se va a llevar a cabo en la regi\u00f3n, siendo que la mayor cantidad de funcionarios en pabellones corresponden a honorarios covid, que tienen contrato hasta marzo? Hay mucho ruido y pocas nueces, porque sentimos que al no existir claridad con respecto al futuro de estos trabajadores, es muy dif\u00edcil avanzar en el fin de las listas de espera\u201d.<\/p>\n<\/div><\/section><\/div>\n<div  style='height:50px' class='hr hr-invisible   avia-builder-el-6  el_after_av_one_full  el_before_av_social_share '><span class='hr-inner ' ><span class='hr-inner-style'><\/span><\/span><\/div>\n<div  class='av-social-sharing-box  avia-builder-el-7  el_after_av_hr  el_before_av_hr  '><div class='av-share-box'><h5 class='av-share-link-description av-no-toc '>Compartir esta noticia<\/h5><ul class='av-share-box-list noLightbox'><li class='av-share-link av-social-link-facebook' ><a target=\"_blank\" aria-label=\"Compartir en Facebook\" href='https:\/\/www.facebook.com\/sharer.php?u=https:\/\/radiorevelacionfm.cl\/?p=27071&#038;t=Fenats%20pide%20al%20Presidente%20Boric%20intervenir%20el%20Servicio%20de%20Salud%20Ays%C3%A9n%20por%20una%20serie%20de%20irregularidades' aria-hidden='false' data-av_icon='\ue8f3' data-av_iconfont='entypo-fontello' title='' data-avia-related-tooltip='Compartir en Facebook' rel=\"noopener\"><span class='avia_hidden_link_text'>Compartir en Facebook<\/span><\/a><\/li><li class='av-share-link av-social-link-twitter' ><a target=\"_blank\" aria-label=\"Compartir en Twitter\" href='https:\/\/twitter.com\/share?text=Fenats%20pide%20al%20Presidente%20Boric%20intervenir%20el%20Servicio%20de%20Salud%20Ays%C3%A9n%20por%20una%20serie%20de%20irregularidades&#038;url=https:\/\/radiorevelacionfm.cl\/?p=27071' aria-hidden='false' data-av_icon='\ue8f1' data-av_iconfont='entypo-fontello' title='' data-avia-related-tooltip='Compartir en Twitter' rel=\"noopener\"><span class='avia_hidden_link_text'>Compartir en Twitter<\/span><\/a><\/li><li class='av-share-link av-social-link-whatsapp' ><a target=\"_blank\" aria-label=\"Compartir en Whatsapp\" href='https:\/\/api.whatsapp.com\/send?text=https:\/\/radiorevelacionfm.cl\/?p=27071' aria-hidden='false' data-av_icon='\uf232' data-av_iconfont='entypo-fontello' title='' data-avia-related-tooltip='Compartir en Whatsapp' rel=\"noopener\"><span class='avia_hidden_link_text'>Compartir en Whatsapp<\/span><\/a><\/li><li class='av-share-link av-social-link-linkedin' ><a target=\"_blank\" aria-label=\"Compartir en LinkedIn\" href='https:\/\/linkedin.com\/shareArticle?mini=true&#038;title=Fenats%20pide%20al%20Presidente%20Boric%20intervenir%20el%20Servicio%20de%20Salud%20Ays%C3%A9n%20por%20una%20serie%20de%20irregularidades&#038;url=https:\/\/radiorevelacionfm.cl\/?p=27071' aria-hidden='false' data-av_icon='\ue8fc' data-av_iconfont='entypo-fontello' title='' data-avia-related-tooltip='Compartir en LinkedIn' rel=\"noopener\"><span class='avia_hidden_link_text'>Compartir en LinkedIn<\/span><\/a><\/li><li class='av-share-link av-social-link-mail' ><a  aria-label=\"Compartir por correo\" href='mailto:?subject=Fenats%20pide%20al%20Presidente%20Boric%20intervenir%20el%20Servicio%20de%20Salud%20Ays%C3%A9n%20por%20una%20serie%20de%20irregularidades&#038;body=https:\/\/radiorevelacionfm.cl\/?p=27071' aria-hidden='false' data-av_icon='\ue805' data-av_iconfont='entypo-fontello' title='' data-avia-related-tooltip='Compartir por correo'><span class='avia_hidden_link_text'>Compartir por correo<\/span><\/a><\/li><\/ul><\/div><\/div>\n<div  style='height:50px' class='hr hr-invisible   avia-builder-el-8  el_after_av_social_share  el_before_av_comments_list '><span class='hr-inner ' ><span class='hr-inner-style'><\/span><\/span><\/div>\n<div  class='av-buildercomment  av-blog-meta-html-info-disabled av-blog-meta-tag-disabled  '><\/div>\n","protected":false},"excerpt":{"rendered":"","protected":false},"author":1,"featured_media":27082,"comment_status":"open","ping_status":"open","sticky":false,"template":"","format":"standard","meta":{"footnotes":""},"categories":[46],"tags":[],"class_list":["post-27071","post","type-post","status-publish","format-standard","has-post-thumbnail","hentry","category-salud"],"jetpack_featured_media_url":"https:\/\/radiorevelacionfm.cl\/wp-content\/uploads\/2023\/01\/FERIS-DIAZ-1-1-1.jpg","_links":{"self":[{"href":"https:\/\/radiorevelacionfm.cl\/index.php?rest_route=\/wp\/v2\/posts\/27071","targetHints":{"allow":["GET"]}}],"collection":[{"href":"https:\/\/radiorevelacionfm.cl\/index.php?rest_route=\/wp\/v2\/posts"}],"about":[{"href":"https:\/\/radiorevelacionfm.cl\/index.php?rest_route=\/wp\/v2\/types\/post"}],"author":[{"embeddable":true,"href":"https:\/\/radiorevelacionfm.cl\/index.php?rest_route=\/wp\/v2\/users\/1"}],"replies":[{"embeddable":true,"href":"https:\/\/radiorevelacionfm.cl\/index.php?rest_route=%2Fwp%2Fv2%2Fcomments&post=27071"}],"version-history":[{"count":3,"href":"https:\/\/radiorevelacionfm.cl\/index.php?rest_route=\/wp\/v2\/posts\/27071\/revisions"}],"predecessor-version":[{"id":27094,"href":"https:\/\/radiorevelacionfm.cl\/index.php?rest_route=\/wp\/v2\/posts\/27071\/revisions\/27094"}],"wp:featuredmedia":[{"embeddable":true,"href":"https:\/\/radiorevelacionfm.cl\/index.php?rest_route=\/wp\/v2\/media\/27082"}],"wp:attachment":[{"href":"https:\/\/radiorevelacionfm.cl\/index.php?rest_route=%2Fwp%2Fv2%2Fmedia&parent=27071"}],"wp:term":[{"taxonomy":"category","embeddable":true,"href":"https:\/\/radiorevelacionfm.cl\/index.php?rest_route=%2Fwp%2Fv2%2Fcategories&post=27071"},{"taxonomy":"post_tag","embeddable":true,"href":"https:\/\/radiorevelacionfm.cl\/index.php?rest_route=%2Fwp%2Fv2%2Ftags&post=27071"}],"curies":[{"name":"wp","href":"https:\/\/api.w.org\/{rel}","templated":true}]}}