{"id":2707,"date":"2021-02-17T13:03:35","date_gmt":"2021-02-17T16:03:35","guid":{"rendered":"https:\/\/radiorevelacionfm.cl\/?p=2707"},"modified":"2021-02-17T13:16:23","modified_gmt":"2021-02-17T16:16:23","slug":"carlos-gatica-candidato-a-alcalde-es-hora-que-el-municipio-de-coyhaique-recupere-su-esencia-ciudadana","status":"publish","type":"post","link":"https:\/\/radiorevelacionfm.cl\/?p=2707","title":{"rendered":"Carlos Gatica candidato a alcalde : \u201cEs hora que el municipio de Coyhaique recupere su esencia ciudadana\u201d"},"content":{"rendered":"<div class=\"flex_column av_one_full  flex_column_div av-zero-column-padding first  avia-builder-el-0  el_before_av_one_full  avia-builder-el-first  \" style='border-radius:0px; '><div  class='avia-image-container  av-styling-    avia-builder-el-1  avia-builder-el-no-sibling  avia-align-center '  itemprop=\"image\" itemscope=\"itemscope\" itemtype=\"https:\/\/schema.org\/ImageObject\"  ><div class='avia-image-container-inner'><div class='avia-image-overlay-wrap'><img decoding=\"async\" class='wp-image-2710 avia-img-lazy-loading-not-2710 avia_image' src=\"https:\/\/radiorevelacionfm.cl\/wp-content\/uploads\/2021\/02\/Carlos-Gatica-2-1.jpg\" alt='' title='Carlos Gatica (2) (1)' height=\"620\" width=\"835\"  itemprop=\"thumbnailUrl\" srcset=\"https:\/\/radiorevelacionfm.cl\/wp-content\/uploads\/2021\/02\/Carlos-Gatica-2-1.jpg 835w, https:\/\/radiorevelacionfm.cl\/wp-content\/uploads\/2021\/02\/Carlos-Gatica-2-1-300x223.jpg 300w, https:\/\/radiorevelacionfm.cl\/wp-content\/uploads\/2021\/02\/Carlos-Gatica-2-1-768x570.jpg 768w, https:\/\/radiorevelacionfm.cl\/wp-content\/uploads\/2021\/02\/Carlos-Gatica-2-1-705x523.jpg 705w, https:\/\/radiorevelacionfm.cl\/wp-content\/uploads\/2021\/02\/Carlos-Gatica-2-1-600x446.jpg 600w\" sizes=\"(max-width: 835px) 100vw, 835px\" \/><\/div><\/div><\/div><\/div><div class=\"flex_column av_one_full  flex_column_div av-zero-column-padding first  avia-builder-el-2  el_after_av_one_full  el_before_av_one_full  column-top-margin\" style='border-radius:0px; '><section class=\"av_textblock_section \"  itemscope=\"itemscope\" itemtype=\"https:\/\/schema.org\/BlogPosting\" itemprop=\"blogPost\" ><div class='avia_textblock  '   itemprop=\"text\" ><p style=\"text-align: center;\"><span style=\"font-size: 18pt;\"><strong>Carlos Gatica candidato a alcalde : \u201cEs hora que el municipio de Coyhaique recupere su esencia ciudadana\u201d<\/strong><\/span><\/p>\n<div id=\"gtx-trans\" style=\"position: absolute; left: -50px; top: 4.31534px;\">\n<div class=\"gtx-trans-icon\"><\/div>\n<\/div>\n<\/div><\/section><\/div><\/p>\n<div class=\"flex_column av_one_full  flex_column_div av-zero-column-padding first  avia-builder-el-4  el_after_av_one_full  el_before_av_hr  column-top-margin\" style='border-radius:0px; '><section class=\"av_textblock_section \"  itemscope=\"itemscope\" itemtype=\"https:\/\/schema.org\/BlogPosting\" itemprop=\"blogPost\" ><div class='avia_textblock  '   itemprop=\"text\" ><p style=\"text-align: justify;\">Como \u201caltamente preocupante\u201d calific\u00f3 Carlos Gatica, la deplorable situaci\u00f3n por la que atraviesa el gobierno municipal de Coyhaique, al conocerse renuncias, recontrataciones y la evidente molestia e incertidumbre de los funcionarios y funcionarias con los conflictos de intereses de los principales directivos de confianza de la actual administraci\u00f3n.<\/p>\n<p style=\"text-align: justify;\">\u201cEsto es grave porque afecta a la confianza en el municipio, y todos quienes vivimos en la capital regional tenemos la responsabilidad activa de preocuparnos por nuestra comuna y ello implica en la pr\u00e1ctica \u2018ocuparnos\u2019 tambi\u00e9n por lo que ocurre en nuestra municipalidad, para que la gesti\u00f3n apunte a promover el bienestar de la comunidad, mejor desarrollo urbano, sin contaminaci\u00f3n y mayor inclusi\u00f3n, pero lamentablemente hoy vemos que se est\u00e1 invirtiendo tiempo, esfuerzo y dinero en resolver luchas de poder internas y enfrentando los costos ante la falta de un desempe\u00f1o correcto y transparente, y las autoridades por ley tienen la obligaci\u00f3n de responder ante los vecinos y vecinas\u201d, coment\u00f3 Carlos Gatica.<\/p>\n<p style=\"text-align: justify;\">Gatica reconoci\u00f3 que \u201ces evidente que como candidato a la alcald\u00eda tengo toda la atenci\u00f3n puesta en lo que est\u00e1 aconteciendo en la municipalidad, y ello porque como hemos venido compartiendo en diversas espacios sociales y vecinales es hora que el municipio de Coyhaique recupere su esencia ciudadana\u201d.<\/p>\n<p style=\"text-align: justify;\"><strong>UN MUNICIPIO PARA LA NUEVA CONSTITUCI\u00d3N<\/strong><\/p>\n<p style=\"text-align: justify;\">Carlos Gatica record\u00f3 que la elecci\u00f3n del pr\u00f3ximo 11 de abril implica un recambio en los municipios con nuevas autoridades, rostros y equipos, pero junto con avanzar hacia una gesti\u00f3n edilicia m\u00e1s innovadora y eficiente, se requiere una comuna capital que est\u00e9 en sinton\u00eda con el escenario que plantear\u00e1 al pa\u00eds la nueva Constituci\u00f3n.<\/p>\n<p style=\"text-align: justify;\">\u201cEs decir, si los municipios no estamos a la altura con los desaf\u00edos de la nueva Constituci\u00f3n que en un par de a\u00f1os deber\u00e1 entrar en vigencia, ello impactar\u00e1 en la gesti\u00f3n hacia los vecinos, y eso nos obliga a pensar con perspectiva a mediano y largo plazo para que lo que comenzaremos hacer este 2021 y no nos quedemos atr\u00e1s como comunidad, como territorio, y estoy pensando en Coyhaique, pero al mismo tiempo en toda la regi\u00f3n, entendiendo que un municipio capital regional debe liderar este proceso en conjunto con las dem\u00e1s comunas, para que tengamos sincron\u00eda con el nuevo Chile que nos merecemos y debemos construir entre todos, si el municipio de Coyhaique no se enfoca n\u00edtidamente en una gesti\u00f3n eficiente, nos arriesgamos a seguir yendo al final de la fila en el nuevo Chile\u201d, concluy\u00f3.<\/p>\n<\/div><\/section><\/div>\n<div  style='height:50px' class='hr hr-invisible   avia-builder-el-6  el_after_av_one_full  el_before_av_social_share '><span class='hr-inner ' ><span class='hr-inner-style'><\/span><\/span><\/div>\n<div  class='av-social-sharing-box  avia-builder-el-7  el_after_av_hr  el_before_av_hr  '><div class='av-share-box'><h5 class='av-share-link-description av-no-toc '>Compartir esta noticia<\/h5><ul class='av-share-box-list noLightbox'><li class='av-share-link av-social-link-facebook' ><a target=\"_blank\" aria-label=\"Compartir en Facebook\" href='https:\/\/www.facebook.com\/sharer.php?u=https:\/\/radiorevelacionfm.cl\/?p=2707&#038;t=Carlos%20Gatica%20candidato%20a%20alcalde%20%3A%20%E2%80%9CEs%20hora%20que%20el%20municipio%20de%20Coyhaique%20recupere%20su%20esencia%20ciudadana%E2%80%9D' aria-hidden='false' data-av_icon='\ue8f3' data-av_iconfont='entypo-fontello' title='' data-avia-related-tooltip='Compartir en Facebook' rel=\"noopener\"><span class='avia_hidden_link_text'>Compartir en Facebook<\/span><\/a><\/li><li class='av-share-link av-social-link-twitter' ><a target=\"_blank\" aria-label=\"Compartir en Twitter\" href='https:\/\/twitter.com\/share?text=Carlos%20Gatica%20candidato%20a%20alcalde%20%3A%20%E2%80%9CEs%20hora%20que%20el%20municipio%20de%20Coyhaique%20recupere%20su%20esencia%20ciudadana%E2%80%9D&#038;url=https:\/\/radiorevelacionfm.cl\/?p=2707' aria-hidden='false' data-av_icon='\ue8f1' data-av_iconfont='entypo-fontello' title='' data-avia-related-tooltip='Compartir en Twitter' rel=\"noopener\"><span class='avia_hidden_link_text'>Compartir en Twitter<\/span><\/a><\/li><li class='av-share-link av-social-link-whatsapp' ><a target=\"_blank\" aria-label=\"Compartir en Whatsapp\" href='https:\/\/api.whatsapp.com\/send?text=https:\/\/radiorevelacionfm.cl\/?p=2707' aria-hidden='false' data-av_icon='\uf232' data-av_iconfont='entypo-fontello' title='' data-avia-related-tooltip='Compartir en Whatsapp' rel=\"noopener\"><span class='avia_hidden_link_text'>Compartir en Whatsapp<\/span><\/a><\/li><li class='av-share-link av-social-link-linkedin' ><a target=\"_blank\" aria-label=\"Compartir en LinkedIn\" href='https:\/\/linkedin.com\/shareArticle?mini=true&#038;title=Carlos%20Gatica%20candidato%20a%20alcalde%20%3A%20%E2%80%9CEs%20hora%20que%20el%20municipio%20de%20Coyhaique%20recupere%20su%20esencia%20ciudadana%E2%80%9D&#038;url=https:\/\/radiorevelacionfm.cl\/?p=2707' aria-hidden='false' data-av_icon='\ue8fc' data-av_iconfont='entypo-fontello' title='' data-avia-related-tooltip='Compartir en LinkedIn' rel=\"noopener\"><span class='avia_hidden_link_text'>Compartir en LinkedIn<\/span><\/a><\/li><li class='av-share-link av-social-link-mail' ><a  aria-label=\"Compartir por correo\" href='mailto:?subject=Carlos%20Gatica%20candidato%20a%20alcalde%20%3A%20%E2%80%9CEs%20hora%20que%20el%20municipio%20de%20Coyhaique%20recupere%20su%20esencia%20ciudadana%E2%80%9D&#038;body=https:\/\/radiorevelacionfm.cl\/?p=2707' aria-hidden='false' data-av_icon='\ue805' data-av_iconfont='entypo-fontello' title='' data-avia-related-tooltip='Compartir por correo'><span class='avia_hidden_link_text'>Compartir por correo<\/span><\/a><\/li><\/ul><\/div><\/div>\n<div  style='height:50px' class='hr hr-invisible   avia-builder-el-8  el_after_av_social_share  el_before_av_comments_list '><span class='hr-inner ' ><span class='hr-inner-style'><\/span><\/span><\/div>\n<div  class='av-buildercomment  av-blog-meta-html-info-disabled av-blog-meta-tag-disabled  '><\/div>\n","protected":false},"excerpt":{"rendered":"","protected":false},"author":1,"featured_media":2710,"comment_status":"open","ping_status":"open","sticky":false,"template":"","format":"standard","meta":{"footnotes":""},"categories":[38],"tags":[],"class_list":["post-2707","post","type-post","status-publish","format-standard","has-post-thumbnail","hentry","category-regional"],"jetpack_featured_media_url":"https:\/\/radiorevelacionfm.cl\/wp-content\/uploads\/2021\/02\/Carlos-Gatica-2-1.jpg","_links":{"self":[{"href":"https:\/\/radiorevelacionfm.cl\/index.php?rest_route=\/wp\/v2\/posts\/2707","targetHints":{"allow":["GET"]}}],"collection":[{"href":"https:\/\/radiorevelacionfm.cl\/index.php?rest_route=\/wp\/v2\/posts"}],"about":[{"href":"https:\/\/radiorevelacionfm.cl\/index.php?rest_route=\/wp\/v2\/types\/post"}],"author":[{"embeddable":true,"href":"https:\/\/radiorevelacionfm.cl\/index.php?rest_route=\/wp\/v2\/users\/1"}],"replies":[{"embeddable":true,"href":"https:\/\/radiorevelacionfm.cl\/index.php?rest_route=%2Fwp%2Fv2%2Fcomments&post=2707"}],"version-history":[{"count":3,"href":"https:\/\/radiorevelacionfm.cl\/index.php?rest_route=\/wp\/v2\/posts\/2707\/revisions"}],"predecessor-version":[{"id":2712,"href":"https:\/\/radiorevelacionfm.cl\/index.php?rest_route=\/wp\/v2\/posts\/2707\/revisions\/2712"}],"wp:featuredmedia":[{"embeddable":true,"href":"https:\/\/radiorevelacionfm.cl\/index.php?rest_route=\/wp\/v2\/media\/2710"}],"wp:attachment":[{"href":"https:\/\/radiorevelacionfm.cl\/index.php?rest_route=%2Fwp%2Fv2%2Fmedia&parent=2707"}],"wp:term":[{"taxonomy":"category","embeddable":true,"href":"https:\/\/radiorevelacionfm.cl\/index.php?rest_route=%2Fwp%2Fv2%2Fcategories&post=2707"},{"taxonomy":"post_tag","embeddable":true,"href":"https:\/\/radiorevelacionfm.cl\/index.php?rest_route=%2Fwp%2Fv2%2Ftags&post=2707"}],"curies":[{"name":"wp","href":"https:\/\/api.w.org\/{rel}","templated":true}]}}