{"id":27065,"date":"2023-01-25T18:25:02","date_gmt":"2023-01-25T21:25:02","guid":{"rendered":"https:\/\/radiorevelacionfm.cl\/?p=27065"},"modified":"2023-01-25T18:25:02","modified_gmt":"2023-01-25T21:25:02","slug":"seremi-de-transportes-lidera-mesa-de-electromovilidad-en-aysen","status":"publish","type":"post","link":"https:\/\/radiorevelacionfm.cl\/?p=27065","title":{"rendered":"Seremi de Transportes lidera mesa de electromovilidad en Ays\u00e9n"},"content":{"rendered":"<div class=\"flex_column av_one_full  flex_column_div av-zero-column-padding first  avia-builder-el-0  el_before_av_one_full  avia-builder-el-first  \" style='border-radius:0px; '><div  class='avia-image-container  av-styling-    avia-builder-el-1  avia-builder-el-no-sibling  avia-align-center '  itemprop=\"image\" itemscope=\"itemscope\" itemtype=\"https:\/\/schema.org\/ImageObject\"  ><div class='avia-image-container-inner'><div class='avia-image-overlay-wrap'><img decoding=\"async\" class='wp-image-27066 avia-img-lazy-loading-not-27066 avia_image' src=\"https:\/\/radiorevelacionfm.cl\/wp-content\/uploads\/2023\/01\/DSC_5961-1-1.jpg\" alt='' title='DSC_5961 (1) (1)' height=\"600\" width=\"902\"  itemprop=\"thumbnailUrl\" srcset=\"https:\/\/radiorevelacionfm.cl\/wp-content\/uploads\/2023\/01\/DSC_5961-1-1.jpg 902w, https:\/\/radiorevelacionfm.cl\/wp-content\/uploads\/2023\/01\/DSC_5961-1-1-300x200.jpg 300w, https:\/\/radiorevelacionfm.cl\/wp-content\/uploads\/2023\/01\/DSC_5961-1-1-768x511.jpg 768w, https:\/\/radiorevelacionfm.cl\/wp-content\/uploads\/2023\/01\/DSC_5961-1-1-705x469.jpg 705w, https:\/\/radiorevelacionfm.cl\/wp-content\/uploads\/2023\/01\/DSC_5961-1-1-600x399.jpg 600w\" sizes=\"(max-width: 902px) 100vw, 902px\" \/><\/div><\/div><\/div><\/div><div class=\"flex_column av_one_full  flex_column_div av-zero-column-padding first  avia-builder-el-2  el_after_av_one_full  el_before_av_one_full  column-top-margin\" style='border-radius:0px; '><section class=\"av_textblock_section \"  itemscope=\"itemscope\" itemtype=\"https:\/\/schema.org\/BlogPosting\" itemprop=\"blogPost\" ><div class='avia_textblock  '   itemprop=\"text\" ><p style=\"text-align: center;\"><span style=\"font-size: 18pt;\"><b>Seremi de Transportes lidera mesa de electromovilidad en Ays\u00e9n<\/b><\/span><\/p>\n<div id=\"gtx-trans\" style=\"position: absolute; left: -50px; top: 4.31534px;\">\n<div class=\"gtx-trans-icon\"><\/div>\n<\/div>\n<\/div><\/section><\/div><div class=\"flex_column av_one_full  flex_column_div av-zero-column-padding first  avia-builder-el-4  el_after_av_one_full  el_before_av_hr  column-top-margin\" style='border-radius:0px; '><section class=\"av_textblock_section \"  itemscope=\"itemscope\" itemtype=\"https:\/\/schema.org\/BlogPosting\" itemprop=\"blogPost\" ><div class='avia_textblock  '   itemprop=\"text\" ><p style=\"text-align: justify;\">A fin de poder trabajar en conjunto medidas que puedan consolidar el uso de energ\u00edas sustentables en la regi\u00f3n, la Seremi de Transportes convoc\u00f3 a unir esfuerzos en la primera mesa de electromovilidad. En Ays\u00e9n, ya se han implementado dos experiencias de este tipo en el transporte p\u00fablico de la regi\u00f3n, el primero, operativo desde mayo del 2018 con dos taxis colectivos con asiento en Coyhaique. Posteriormente, en junio del a\u00f1o pasado 6 veh\u00edculos se sumaron al transporte p\u00fablico menor, 5 en la capital regional y uno en Puerto Ays\u00e9n. Adem\u00e1s con el proyecto de transporte p\u00fablico urbano de alto est\u00e1ndar, el Ministerio de Transportes y Telecomunicaciones tambi\u00e9n pretende privilegiar energ\u00edas limpias para su operaci\u00f3n.<\/p>\n<p style=\"text-align: justify;\">La seremiTT Claudia Cantero, se\u00f1al\u00f3 que junto a autoridades de otras entidades de gobierno, la autoridad comunal, la empresa privada, la academia y los gremios de transportes es posible identificar los desaf\u00edos de trabajar en esta l\u00ednea y poder idear estrategias tales como instrumentos de fomento, medidas de infraestructura y otras necesarias para hacer atractivo el mercado de los veh\u00edculos el\u00e9ctricos para los operadores de transporte p\u00fablico.<\/p>\n<p style=\"text-align: justify;\">\u201cComo lo ha dicho nuestro presidente Gabriel Boric, somos un gobierno ecologista, uno de nuestros \u00e9nfasis tiene que ver con la protecci\u00f3n al medio ambiente y por supuesto el MTT no est\u00e1 ajeno a ello. Uno de los objetivos que busca esta mesa es que cada uno de los sectores que participan, nos puedan comentar cu\u00e1les son los \u00e9nfasis regionales y c\u00f3mo est\u00e1n pensando la electromovilidad para Ays\u00e9n. Por nuestra parte estamos trabajando en generar mejores incentivos en el Renueva Tu Colectivo junto al Gobierno Regional. A la par se est\u00e1 trabajando con el desarrollo de transporte p\u00fablico mayor de alto est\u00e1ndar para Coyhaique, que esperamos sean buses el\u00e9ctricos y as\u00ed descarbonizar el transporte urbano\u201d, detall\u00f3 Cantero.<\/p>\n<p style=\"text-align: justify;\">Desde el Gobierno Regional coincidieron con esta visi\u00f3n, destacando en la necesidad de poder concretar instrumentos de fomento para el uso de estas tecnolog\u00edas, en donde se han establecido alianzas con el MTT con iniciativas como el Programa Renueva tu Colectivo y el proyecto de transporte urbano.<\/p>\n<p style=\"text-align: justify;\">El Jefe de la Divisi\u00f3n de Infraestructura y Transportes del GORE, \u00d3scar del Solar indic\u00f3 al respecto que: \u201cEl principal desaf\u00edo que tenemos es mejorar los incentivos para que tengamos cambios efectivos en el Renueva Tu Colectivo, de un sistema normal a un sistema el\u00e9ctrico. Y el proyecto de transporte p\u00fablico mayor genera grandes desaf\u00edos intersectoriales que van m\u00e1s all\u00e1 del Gobierno Regional y se tiene que generar un trabajo con distintos ministerios. Nuestra capital regional es la \u00fanica que no cuenta con un servicio de estas caracter\u00edsticas, por lo tanto toma una real importancia que nosotros como Gobierno Regional podamos aportar en esa materia\u201d.<\/p>\n<p style=\"text-align: justify;\">Asimismo, del Solar a\u00f1adi\u00f3 que a trav\u00e9s del FRIL y su l\u00ednea autom\u00e1tica se promover\u00e1n l\u00edneas de financiamiento que aporten al desarrollo de esta tecnolog\u00eda aplicada al transporte en Ays\u00e9n.<\/p>\n<p style=\"text-align: justify;\">Un aporte importante a esta mesa fueron los gremios de transporte p\u00fablico. Adem\u00e1s se cont\u00f3 con la experiencia de quienes ya han probado los veh\u00edculos el\u00e9ctricos. Mauricio Vargas, de la l\u00ednea 21 fue uno de los pioneros en probar esta tecnolog\u00eda en el transporte p\u00fablico regional, a trav\u00e9s del piloto vigente desde 2018. Vargas hizo un llamado a los transportistas a dar el paso hacia la electromovilidad.<\/p>\n<p style=\"text-align: justify;\">\u201cMi experiencia ha sido muy satisfactoria, operar un veh\u00edculo el\u00e9ctrico hoy en d\u00eda es entre un 70 y un 80% m\u00e1s barato que un veh\u00edculo convencional en cuanto a combustible. Adem\u00e1s la bencina o el petr\u00f3leo son combustibles f\u00f3siles que son muy contaminantes y un veh\u00edculo el\u00e9ctrico es cero emisiones. Son amigables con el medio ambiente, por lo tanto, es muy necesario que tengamos una nueva mirada como taxistas. Los veh\u00edculos el\u00e9ctricos son un tema muy importante para poderlos trabajar en el transporte p\u00fablico menor\u201d, sentenci\u00f3 Vargas.<\/p>\n<p style=\"text-align: justify;\">En esta mesa de trabajo se convoc\u00f3 a la Delegaci\u00f3n Presidencial Regional de Ays\u00e9n, Seremi de Medioambiente, Seremi de Energ\u00eda, Corfo, Edelays\u00e9n, Municipalidad de Coyhaique, oficina parlamentaria de la senadora Ximena \u00d3rdenes y Gobierno Regional.<\/p>\n<\/div><\/section><\/div><div  style='height:50px' class='hr hr-invisible   avia-builder-el-6  el_after_av_one_full  el_before_av_social_share '><span class='hr-inner ' ><span class='hr-inner-style'><\/span><\/span><\/div><\/p>\n<div  class='av-social-sharing-box  avia-builder-el-7  el_after_av_hr  el_before_av_hr  '><div class='av-share-box'><h5 class='av-share-link-description av-no-toc '>Compartir esta noticia<\/h5><ul class='av-share-box-list noLightbox'><li class='av-share-link av-social-link-facebook' ><a target=\"_blank\" aria-label=\"Compartir en Facebook\" href='https:\/\/www.facebook.com\/sharer.php?u=https:\/\/radiorevelacionfm.cl\/?p=27065&#038;t=Seremi%20de%20Transportes%20lidera%20mesa%20de%20electromovilidad%20en%20Ays%C3%A9n' aria-hidden='false' data-av_icon='\ue8f3' data-av_iconfont='entypo-fontello' title='' data-avia-related-tooltip='Compartir en Facebook' rel=\"noopener\"><span class='avia_hidden_link_text'>Compartir en Facebook<\/span><\/a><\/li><li class='av-share-link av-social-link-twitter' ><a target=\"_blank\" aria-label=\"Compartir en Twitter\" href='https:\/\/twitter.com\/share?text=Seremi%20de%20Transportes%20lidera%20mesa%20de%20electromovilidad%20en%20Ays%C3%A9n&#038;url=https:\/\/radiorevelacionfm.cl\/?p=27065' aria-hidden='false' data-av_icon='\ue8f1' data-av_iconfont='entypo-fontello' title='' data-avia-related-tooltip='Compartir en Twitter' rel=\"noopener\"><span class='avia_hidden_link_text'>Compartir en Twitter<\/span><\/a><\/li><li class='av-share-link av-social-link-whatsapp' ><a target=\"_blank\" aria-label=\"Compartir en Whatsapp\" href='https:\/\/api.whatsapp.com\/send?text=https:\/\/radiorevelacionfm.cl\/?p=27065' aria-hidden='false' data-av_icon='\uf232' data-av_iconfont='entypo-fontello' title='' data-avia-related-tooltip='Compartir en Whatsapp' rel=\"noopener\"><span class='avia_hidden_link_text'>Compartir en Whatsapp<\/span><\/a><\/li><li class='av-share-link av-social-link-linkedin' ><a target=\"_blank\" aria-label=\"Compartir en LinkedIn\" href='https:\/\/linkedin.com\/shareArticle?mini=true&#038;title=Seremi%20de%20Transportes%20lidera%20mesa%20de%20electromovilidad%20en%20Ays%C3%A9n&#038;url=https:\/\/radiorevelacionfm.cl\/?p=27065' aria-hidden='false' data-av_icon='\ue8fc' data-av_iconfont='entypo-fontello' title='' data-avia-related-tooltip='Compartir en LinkedIn' rel=\"noopener\"><span class='avia_hidden_link_text'>Compartir en LinkedIn<\/span><\/a><\/li><li class='av-share-link av-social-link-mail' ><a  aria-label=\"Compartir por correo\" href='mailto:?subject=Seremi%20de%20Transportes%20lidera%20mesa%20de%20electromovilidad%20en%20Ays%C3%A9n&#038;body=https:\/\/radiorevelacionfm.cl\/?p=27065' aria-hidden='false' data-av_icon='\ue805' data-av_iconfont='entypo-fontello' title='' data-avia-related-tooltip='Compartir por correo'><span class='avia_hidden_link_text'>Compartir por correo<\/span><\/a><\/li><\/ul><\/div><\/div>\n<div  style='height:50px' class='hr hr-invisible   avia-builder-el-8  el_after_av_social_share  el_before_av_comments_list '><span class='hr-inner ' ><span class='hr-inner-style'><\/span><\/span><\/div>\n<div  class='av-buildercomment  av-blog-meta-html-info-disabled av-blog-meta-tag-disabled  '><\/div>\n","protected":false},"excerpt":{"rendered":"","protected":false},"author":1,"featured_media":27066,"comment_status":"open","ping_status":"open","sticky":false,"template":"","format":"standard","meta":{"footnotes":""},"categories":[59],"tags":[],"class_list":["post-27065","post","type-post","status-publish","format-standard","has-post-thumbnail","hentry","category-transporte"],"jetpack_featured_media_url":"https:\/\/radiorevelacionfm.cl\/wp-content\/uploads\/2023\/01\/DSC_5961-1-1.jpg","_links":{"self":[{"href":"https:\/\/radiorevelacionfm.cl\/index.php?rest_route=\/wp\/v2\/posts\/27065","targetHints":{"allow":["GET"]}}],"collection":[{"href":"https:\/\/radiorevelacionfm.cl\/index.php?rest_route=\/wp\/v2\/posts"}],"about":[{"href":"https:\/\/radiorevelacionfm.cl\/index.php?rest_route=\/wp\/v2\/types\/post"}],"author":[{"embeddable":true,"href":"https:\/\/radiorevelacionfm.cl\/index.php?rest_route=\/wp\/v2\/users\/1"}],"replies":[{"embeddable":true,"href":"https:\/\/radiorevelacionfm.cl\/index.php?rest_route=%2Fwp%2Fv2%2Fcomments&post=27065"}],"version-history":[{"count":2,"href":"https:\/\/radiorevelacionfm.cl\/index.php?rest_route=\/wp\/v2\/posts\/27065\/revisions"}],"predecessor-version":[{"id":27081,"href":"https:\/\/radiorevelacionfm.cl\/index.php?rest_route=\/wp\/v2\/posts\/27065\/revisions\/27081"}],"wp:featuredmedia":[{"embeddable":true,"href":"https:\/\/radiorevelacionfm.cl\/index.php?rest_route=\/wp\/v2\/media\/27066"}],"wp:attachment":[{"href":"https:\/\/radiorevelacionfm.cl\/index.php?rest_route=%2Fwp%2Fv2%2Fmedia&parent=27065"}],"wp:term":[{"taxonomy":"category","embeddable":true,"href":"https:\/\/radiorevelacionfm.cl\/index.php?rest_route=%2Fwp%2Fv2%2Fcategories&post=27065"},{"taxonomy":"post_tag","embeddable":true,"href":"https:\/\/radiorevelacionfm.cl\/index.php?rest_route=%2Fwp%2Fv2%2Ftags&post=27065"}],"curies":[{"name":"wp","href":"https:\/\/api.w.org\/{rel}","templated":true}]}}