{"id":27062,"date":"2023-01-26T09:58:54","date_gmt":"2023-01-26T12:58:54","guid":{"rendered":"https:\/\/radiorevelacionfm.cl\/?p=27062"},"modified":"2023-01-26T09:58:54","modified_gmt":"2023-01-26T12:58:54","slug":"llaman-a-los-consumidores-que-no-utilizaron-sus-pasajes-de-avion-entre-2015-y-2021-a-solicitar-la-devolucion-de-las-tasas-de-embarque","status":"publish","type":"post","link":"https:\/\/radiorevelacionfm.cl\/?p=27062","title":{"rendered":"Llaman a los consumidores que no utilizaron sus pasajes de avi\u00f3n entre 2015 y 2021 a solicitar la devoluci\u00f3n de las tasas de embarque"},"content":{"rendered":"<div class=\"flex_column av_one_full  flex_column_div av-zero-column-padding first  avia-builder-el-0  el_before_av_one_full  avia-builder-el-first  \" style='border-radius:0px; '><div  class='avia-image-container  av-styling-    avia-builder-el-1  avia-builder-el-no-sibling  avia-align-center '  itemprop=\"image\" itemscope=\"itemscope\" itemtype=\"https:\/\/schema.org\/ImageObject\"  ><div class='avia-image-container-inner'><div class='avia-image-overlay-wrap'><img decoding=\"async\" class='wp-image-27063 avia-img-lazy-loading-not-27063 avia_image' src=\"https:\/\/radiorevelacionfm.cl\/wp-content\/uploads\/2023\/01\/aeropuerto-general-1-1_optimized-1.jpg\" alt='' title='aeropuerto-general-(1)-(1)_optimized (1)' height=\"600\" width=\"1068\"  itemprop=\"thumbnailUrl\" srcset=\"https:\/\/radiorevelacionfm.cl\/wp-content\/uploads\/2023\/01\/aeropuerto-general-1-1_optimized-1.jpg 1068w, https:\/\/radiorevelacionfm.cl\/wp-content\/uploads\/2023\/01\/aeropuerto-general-1-1_optimized-1-300x169.jpg 300w, https:\/\/radiorevelacionfm.cl\/wp-content\/uploads\/2023\/01\/aeropuerto-general-1-1_optimized-1-1030x579.jpg 1030w, https:\/\/radiorevelacionfm.cl\/wp-content\/uploads\/2023\/01\/aeropuerto-general-1-1_optimized-1-768x431.jpg 768w, https:\/\/radiorevelacionfm.cl\/wp-content\/uploads\/2023\/01\/aeropuerto-general-1-1_optimized-1-705x396.jpg 705w, https:\/\/radiorevelacionfm.cl\/wp-content\/uploads\/2023\/01\/aeropuerto-general-1-1_optimized-1-600x337.jpg 600w\" sizes=\"(max-width: 1068px) 100vw, 1068px\" \/><\/div><\/div><\/div><\/div><div class=\"flex_column av_one_full  flex_column_div av-zero-column-padding first  avia-builder-el-2  el_after_av_one_full  el_before_av_one_full  column-top-margin\" style='border-radius:0px; '><section class=\"av_textblock_section \"  itemscope=\"itemscope\" itemtype=\"https:\/\/schema.org\/BlogPosting\" itemprop=\"blogPost\" ><div class='avia_textblock  '   itemprop=\"text\" ><p style=\"text-align: center;\"><strong><span style=\"font-size: 18pt;\">Llaman a los consumidores que no utilizaron sus pasajes de avi\u00f3n entre 2015 y 2021 a solicitar la devoluci\u00f3n de las tasas de embarque<\/span><\/strong><\/p>\n<div id=\"gtx-trans\" style=\"position: absolute; left: -50px; top: 4.31534px;\">\n<div class=\"gtx-trans-icon\"><\/div>\n<\/div>\n<\/div><\/section><\/div><div class=\"flex_column av_one_full  flex_column_div av-zero-column-padding first  avia-builder-el-4  el_after_av_one_full  el_before_av_hr  column-top-margin\" style='border-radius:0px; '><section class=\"av_textblock_section \"  itemscope=\"itemscope\" itemtype=\"https:\/\/schema.org\/BlogPosting\" itemprop=\"blogPost\" ><div class='avia_textblock  '   itemprop=\"text\" ><p style=\"text-align: justify;\">El SERNAC realiz\u00f3 un llamado a los consumidores que compraron pasajes de avi\u00f3n entre los a\u00f1os 2015 y 2021 directamente a las aerol\u00edneas y que no fueron utilizados por diferentes motivos, a que soliciten en los sitios web de estas empresas la devoluci\u00f3n de las tasas de embarque pagadas.<\/p>\n<p style=\"text-align: justify;\">El Servicio, a trav\u00e9s de un Procedimiento Voluntario Colectivo (PVC), a principios de marzo de 2020 con Latam Airlines, y a fines de 2021 con Sky, Avianca, Jetsmart, Aerol\u00edneas Argentinas y Copa, logr\u00f3 que estas aerol\u00edneas se comprometieran a restituir los montos de las tasas de embarque por vuelos no realizados entre el 1 de mayo del a\u00f1o 2015 y el 24 de diciembre de 2021, a excepci\u00f3n de Jetsmart, el cual dio inicio a sus operaciones en Chile el 9 de julio de 2017.<\/p>\n<p style=\"text-align: justify;\">El universo de los beneficiados alcanz\u00f3 a 1.108.416 personas e involucr\u00f3 un desembolso para las aerol\u00edneas de alrededor de $11.800 millones para viajes nacionales y de USD 1.379.841 para viajes internacionales.<\/p>\n<p style=\"text-align: justify;\">El monto a recibir por cada vuelo no realizado depende del trayecto, si era un viaje nacional o internacional. No obstante, en promedio y a modo referencial, las tasas de embarque dentro de Chile llegan a $11.000 y en el exterior rondan los $40.000.<\/p>\n<p style=\"text-align: justify;\">Tras aprobarse el acuerdo, las empresas informaron sus alcances a los pasajeros beneficiados a trav\u00e9s del correo electr\u00f3nico registrado al momento de comprar los pasajes.<\/p>\n<p style=\"text-align: justify;\">El Director Nacional del SERNAC, Andr\u00e9s Herrera, se\u00f1al\u00f3 que \u201chasta la fecha una cantidad importante de usuarios no ha realizado el tr\u00e1mite para recibir el dinero y a\u00fan est\u00e1n a tiempo para efectuar la gesti\u00f3n. Es su dinero y corresponde que lo cobren m\u00e1s a\u00fan en estos tiempos de alta inflaci\u00f3n\u201d.<\/p>\n<p style=\"text-align: justify;\">Asimismo, la autoridad llam\u00f3 a las aerol\u00edneas a redoblar los esfuerzos para contactar a los pasajeros beneficiados, reenviando correos masivos y asegurando una buena visibilidad de los banner en sus sitios web para que sea una experiencia expedita y clara para los usuarios, porque \u201clas empresas deben prestar un servicio de calidad de principio a fin\u201d, indic\u00f3.<\/p>\n<p style=\"text-align: justify;\">El Servicio inici\u00f3 gestiones en ese sentido con las empresas. De hecho, la aerol\u00ednea Sky ya comenz\u00f3 con el reenv\u00edo de correos masivos con las mismas comunicaciones y validaciones enviadas previamente a los consumidores. La campa\u00f1a se extender\u00e1 hasta el 16 de febrero. Adem\u00e1s, eliminaron del formulario de solicitud la exigencia de indicar el n\u00famero de reserva.<\/p>\n<p style=\"text-align: justify;\">Cabe constatar que, tras la entrada en vigencia de la Ley Pro Consumidor, en diciembre del a\u00f1o 2021, las compa\u00f1\u00edas est\u00e1n obligadas a restituir en forma autom\u00e1tica a los consumidores el dinero por las tasas de embarque de vuelos no realizados.<\/p>\n<p style=\"text-align: justify;\"><strong>C\u00f3mo solicitar la devoluci\u00f3n <\/strong><\/p>\n<p style=\"text-align: justify;\">Para solicitar la devoluci\u00f3n de las tasas de embarque, los consumidores deben visitar los sitios web de las aerol\u00edneas, hacer clic en el respectivo banner y luego ingresar los datos ah\u00ed solicitados.<\/p>\n<p style=\"text-align: justify;\">Si una persona no recibi\u00f3 el correo y cree que tiene derecho a recibir la devoluci\u00f3n de tasas de embarque, puede solicitar la devoluci\u00f3n a trav\u00e9s de un formulario que las l\u00edneas a\u00e9reas tienen en sus respectivas p\u00e1ginas.<\/p>\n<p style=\"text-align: justify;\">Para comprobar que los t\u00e9rminos de cada acuerdo se hayan cumplido adecuadamente, se realizar\u00e1 una auditor\u00eda por parte de una empresa externa al t\u00e9rmino de su implementaci\u00f3n en cada procedimiento.<\/p>\n<p style=\"text-align: justify;\">Para conocer en detalle los t\u00e9rminos del acuerdo, los consumidores pueden hacerlo en el sitio web <a href=\"http:\/\/www.sernac.cl\">www.sernac.cl<\/a><\/p>\n<p style=\"text-align: justify;\"><strong>Antecedentes y Procedimientos Voluntarios Colectivos<\/strong><\/p>\n<p style=\"text-align: justify;\">El C\u00f3digo Aeron\u00e1utico (art\u00edculo 133 C), previo a la modificaci\u00f3n de ley del 24 de diciembre de 2021, establec\u00eda que las aerol\u00edneas deben devolver, a requerimiento de los pasajeros, el dinero de las tasas de embarque cuando no realicen el servicio de transporte a\u00e9reo contratado, ya sea por causas imputables a la empresa, o a la propia persona por razones de seguridad o de fuerza mayor.<\/p>\n<p style=\"text-align: justify;\">No obstante, el SERNAC detect\u00f3 que en la pr\u00e1ctica las empresas no entregaban informaci\u00f3n adecuada sobre este derecho y, por tanto, los consumidores desconoc\u00edan que pod\u00edan requerir dicha restituci\u00f3n.<\/p>\n<p style=\"text-align: justify;\">En julio de 2019, el SERNAC inici\u00f3 un PVC con 8 compa\u00f1\u00edas a\u00e9reas, las que concentran cerca del 90% del total de tasas, exigiendo la devoluci\u00f3n del dinero de las tasas de embarque por pasajes no utilizados.<\/p>\n<p style=\"text-align: justify;\">Finalmente, en marzo del 2020, el SERNAC logr\u00f3 un acuerdo con Latam y en octubre de 2021 con Sky, Avianca, Jetsmart, Aerol\u00edneas Argentinas y Copa, para que devolvieran los montos de las tasas de embarque.<\/p>\n<p style=\"text-align: justify;\">En noviembre de 2019, el Servicio present\u00f3 una demanda colectiva contra American Airlines, luego que dicha compa\u00f1\u00eda no se allanara a la instancia extrajudicial y en enero de 2022 replic\u00f3 la acci\u00f3n en contra de Iberia que, pese a que particip\u00f3 en un PVC, no entreg\u00f3 una propuesta satisfactoria.<\/p>\n<\/div><\/section><\/div><div  style='height:50px' class='hr hr-invisible   avia-builder-el-6  el_after_av_one_full  el_before_av_social_share '><span class='hr-inner ' ><span class='hr-inner-style'><\/span><\/span><\/div><\/p>\n<div  class='av-social-sharing-box  avia-builder-el-7  el_after_av_hr  el_before_av_hr  '><div class='av-share-box'><h5 class='av-share-link-description av-no-toc '>Compartir esta noticia<\/h5><ul class='av-share-box-list noLightbox'><li class='av-share-link av-social-link-facebook' ><a target=\"_blank\" aria-label=\"Compartir en Facebook\" href='https:\/\/www.facebook.com\/sharer.php?u=https:\/\/radiorevelacionfm.cl\/?p=27062&#038;t=Llaman%20a%20los%20consumidores%20que%20no%20utilizaron%20sus%20pasajes%20de%20avi%C3%B3n%20entre%202015%20y%202021%20a%20solicitar%20la%20devoluci%C3%B3n%20de%20las%20tasas%20de%20embarque' aria-hidden='false' data-av_icon='\ue8f3' data-av_iconfont='entypo-fontello' title='' data-avia-related-tooltip='Compartir en Facebook' rel=\"noopener\"><span class='avia_hidden_link_text'>Compartir en Facebook<\/span><\/a><\/li><li class='av-share-link av-social-link-twitter' ><a target=\"_blank\" aria-label=\"Compartir en Twitter\" href='https:\/\/twitter.com\/share?text=Llaman%20a%20los%20consumidores%20que%20no%20utilizaron%20sus%20pasajes%20de%20avi%C3%B3n%20entre%202015%20y%202021%20a%20solicitar%20la%20devoluci%C3%B3n%20de%20las%20tasas%20de%20embarque&#038;url=https:\/\/radiorevelacionfm.cl\/?p=27062' aria-hidden='false' data-av_icon='\ue8f1' data-av_iconfont='entypo-fontello' title='' data-avia-related-tooltip='Compartir en Twitter' rel=\"noopener\"><span class='avia_hidden_link_text'>Compartir en Twitter<\/span><\/a><\/li><li class='av-share-link av-social-link-whatsapp' ><a target=\"_blank\" aria-label=\"Compartir en Whatsapp\" href='https:\/\/api.whatsapp.com\/send?text=https:\/\/radiorevelacionfm.cl\/?p=27062' aria-hidden='false' data-av_icon='\uf232' data-av_iconfont='entypo-fontello' title='' data-avia-related-tooltip='Compartir en Whatsapp' rel=\"noopener\"><span class='avia_hidden_link_text'>Compartir en Whatsapp<\/span><\/a><\/li><li class='av-share-link av-social-link-linkedin' ><a target=\"_blank\" aria-label=\"Compartir en LinkedIn\" href='https:\/\/linkedin.com\/shareArticle?mini=true&#038;title=Llaman%20a%20los%20consumidores%20que%20no%20utilizaron%20sus%20pasajes%20de%20avi%C3%B3n%20entre%202015%20y%202021%20a%20solicitar%20la%20devoluci%C3%B3n%20de%20las%20tasas%20de%20embarque&#038;url=https:\/\/radiorevelacionfm.cl\/?p=27062' aria-hidden='false' data-av_icon='\ue8fc' data-av_iconfont='entypo-fontello' title='' data-avia-related-tooltip='Compartir en LinkedIn' rel=\"noopener\"><span class='avia_hidden_link_text'>Compartir en LinkedIn<\/span><\/a><\/li><li class='av-share-link av-social-link-mail' ><a  aria-label=\"Compartir por correo\" href='mailto:?subject=Llaman%20a%20los%20consumidores%20que%20no%20utilizaron%20sus%20pasajes%20de%20avi%C3%B3n%20entre%202015%20y%202021%20a%20solicitar%20la%20devoluci%C3%B3n%20de%20las%20tasas%20de%20embarque&#038;body=https:\/\/radiorevelacionfm.cl\/?p=27062' aria-hidden='false' data-av_icon='\ue805' data-av_iconfont='entypo-fontello' title='' data-avia-related-tooltip='Compartir por correo'><span class='avia_hidden_link_text'>Compartir por correo<\/span><\/a><\/li><\/ul><\/div><\/div>\n<div  style='height:50px' class='hr hr-invisible   avia-builder-el-8  el_after_av_social_share  el_before_av_comments_list '><span class='hr-inner ' ><span class='hr-inner-style'><\/span><\/span><\/div>\n<div  class='av-buildercomment  av-blog-meta-html-info-disabled av-blog-meta-tag-disabled  '><\/div>\n","protected":false},"excerpt":{"rendered":"","protected":false},"author":1,"featured_media":27063,"comment_status":"open","ping_status":"open","sticky":false,"template":"","format":"standard","meta":{"footnotes":""},"categories":[61],"tags":[],"class_list":["post-27062","post","type-post","status-publish","format-standard","has-post-thumbnail","hentry","category-nacional"],"jetpack_featured_media_url":"https:\/\/radiorevelacionfm.cl\/wp-content\/uploads\/2023\/01\/aeropuerto-general-1-1_optimized-1.jpg","_links":{"self":[{"href":"https:\/\/radiorevelacionfm.cl\/index.php?rest_route=\/wp\/v2\/posts\/27062","targetHints":{"allow":["GET"]}}],"collection":[{"href":"https:\/\/radiorevelacionfm.cl\/index.php?rest_route=\/wp\/v2\/posts"}],"about":[{"href":"https:\/\/radiorevelacionfm.cl\/index.php?rest_route=\/wp\/v2\/types\/post"}],"author":[{"embeddable":true,"href":"https:\/\/radiorevelacionfm.cl\/index.php?rest_route=\/wp\/v2\/users\/1"}],"replies":[{"embeddable":true,"href":"https:\/\/radiorevelacionfm.cl\/index.php?rest_route=%2Fwp%2Fv2%2Fcomments&post=27062"}],"version-history":[{"count":2,"href":"https:\/\/radiorevelacionfm.cl\/index.php?rest_route=\/wp\/v2\/posts\/27062\/revisions"}],"predecessor-version":[{"id":27093,"href":"https:\/\/radiorevelacionfm.cl\/index.php?rest_route=\/wp\/v2\/posts\/27062\/revisions\/27093"}],"wp:featuredmedia":[{"embeddable":true,"href":"https:\/\/radiorevelacionfm.cl\/index.php?rest_route=\/wp\/v2\/media\/27063"}],"wp:attachment":[{"href":"https:\/\/radiorevelacionfm.cl\/index.php?rest_route=%2Fwp%2Fv2%2Fmedia&parent=27062"}],"wp:term":[{"taxonomy":"category","embeddable":true,"href":"https:\/\/radiorevelacionfm.cl\/index.php?rest_route=%2Fwp%2Fv2%2Fcategories&post=27062"},{"taxonomy":"post_tag","embeddable":true,"href":"https:\/\/radiorevelacionfm.cl\/index.php?rest_route=%2Fwp%2Fv2%2Ftags&post=27062"}],"curies":[{"name":"wp","href":"https:\/\/api.w.org\/{rel}","templated":true}]}}