{"id":27055,"date":"2023-01-25T16:26:14","date_gmt":"2023-01-25T19:26:14","guid":{"rendered":"https:\/\/radiorevelacionfm.cl\/?p=27055"},"modified":"2023-01-25T16:26:14","modified_gmt":"2023-01-25T19:26:14","slug":"alcalde-luperciano-munoz-tras-reunion-con-presidente-boric-es-irrespetuoso-y-arrogante","status":"publish","type":"post","link":"https:\/\/radiorevelacionfm.cl\/?p=27055","title":{"rendered":"Alcalde Luperciano Mu\u00f1oz tras reuni\u00f3n con presidente Boric: \u201cEs irrespetuoso y arrogante\u201d"},"content":{"rendered":"<div class=\"flex_column av_one_full  flex_column_div av-zero-column-padding first  avia-builder-el-0  el_before_av_one_full  avia-builder-el-first  \" style='border-radius:0px; '><div  class='avia-image-container  av-styling-    avia-builder-el-1  avia-builder-el-no-sibling  avia-align-center '  itemprop=\"image\" itemscope=\"itemscope\" itemtype=\"https:\/\/schema.org\/ImageObject\"  ><div class='avia-image-container-inner'><div class='avia-image-overlay-wrap'><img decoding=\"async\" class='wp-image-27056 avia-img-lazy-loading-not-27056 avia_image' src=\"https:\/\/radiorevelacionfm.cl\/wp-content\/uploads\/2023\/01\/IMG_0273-1-1.jpg\" alt='' title='IMG_0273 (1) (1)' height=\"600\" width=\"800\"  itemprop=\"thumbnailUrl\" srcset=\"https:\/\/radiorevelacionfm.cl\/wp-content\/uploads\/2023\/01\/IMG_0273-1-1.jpg 800w, https:\/\/radiorevelacionfm.cl\/wp-content\/uploads\/2023\/01\/IMG_0273-1-1-300x225.jpg 300w, https:\/\/radiorevelacionfm.cl\/wp-content\/uploads\/2023\/01\/IMG_0273-1-1-768x576.jpg 768w, https:\/\/radiorevelacionfm.cl\/wp-content\/uploads\/2023\/01\/IMG_0273-1-1-705x529.jpg 705w, https:\/\/radiorevelacionfm.cl\/wp-content\/uploads\/2023\/01\/IMG_0273-1-1-600x450.jpg 600w\" sizes=\"(max-width: 800px) 100vw, 800px\" \/><\/div><\/div><\/div><\/div><div class=\"flex_column av_one_full  flex_column_div av-zero-column-padding first  avia-builder-el-2  el_after_av_one_full  el_before_av_one_full  column-top-margin\" style='border-radius:0px; '><section class=\"av_textblock_section \"  itemscope=\"itemscope\" itemtype=\"https:\/\/schema.org\/BlogPosting\" itemprop=\"blogPost\" ><div class='avia_textblock  '   itemprop=\"text\" ><p style=\"text-align: center;\"><strong><span style=\"font-size: 18pt;\">Alcalde Luperciano Mu\u00f1oz tras reuni\u00f3n con presidente Boric: \u201cEs irrespetuoso y arrogante\u201d<\/span><\/strong><\/p>\n<div id=\"gtx-trans\" style=\"position: absolute; left: -50px; top: 4.31534px;\">\n<div class=\"gtx-trans-icon\"><\/div>\n<\/div>\n<\/div><\/section><\/div><div class=\"flex_column av_one_full  flex_column_div av-zero-column-padding first  avia-builder-el-4  el_after_av_one_full  el_before_av_hr  column-top-margin\" style='border-radius:0px; '><section class=\"av_textblock_section \"  itemscope=\"itemscope\" itemtype=\"https:\/\/schema.org\/BlogPosting\" itemprop=\"blogPost\" ><div class='avia_textblock  '   itemprop=\"text\" ><p style=\"text-align: justify;\">El jefe comunal se\u00f1al\u00f3 que \u201csi\u00a0 demoro casi un a\u00f1o en visitar la regi\u00f3n, los anuncios que realizar\u00e1 deben ser mas contundentes que los expuestos por Bachelet y Pi\u00f1era, porque si viaj\u00f3 exclusivamente a escuchar a los alcaldes estamos falt\u00e1ndole el respeto a una regi\u00f3n que le entreg\u00f3 su apoyo\u201d.<\/p>\n<p style=\"text-align: justify;\">Molesto reaccion\u00f3 el alcalde de Chile Chico, Luperciano Mu\u00f1oz, luego de participar en la reuni\u00f3n que sostuvo el presidente Gabriel Boric con los alcaldes de la regi\u00f3n y delegados presidenciales. Encuentro cuyo principal objetivo se centr\u00f3 en escuchar los requerimientos de los ediles.<\/p>\n<p style=\"text-align: justify;\">\u201cProtocolarmente un desastre, nos metieron a todos en una sala de 5&#215;5 para que esper\u00e1ramos nuestro turno de hablar con el presidente. Reclamamos tanto que en definitiva nos trasladaron a una sala m\u00e1s grande\u201d, relat\u00f3 Luperciano Mu\u00f1oz.<\/p>\n<p style=\"text-align: justify;\">En torno al encuentro con el mandatario, el jefe comunal indic\u00f3 que \u201cme exigi\u00f3 y grit\u00f3 que le diga presidente, no se le puede decir Gabriel Boric, pero esta bien, es su cargo y as\u00ed lo llame durante toda la reuni\u00f3n que sostuvimos\u201d.<\/p>\n<p style=\"text-align: justify;\">En cuanto a los requerimientos expuestos, Luperciano Mu\u00f1oz detall\u00f3 que \u201cle solicit\u00e9 un plan de conectividad para nuestra regi\u00f3n, con un glosa especial de financiamiento en el pr\u00f3ximo presupuesto y con tiempo acotado, para terminar la pavimentaci\u00f3n de la carretera austral, situaci\u00f3n que para nosotros se ha transformado en un tema de dignidad\u201d, coment\u00f3.<\/p>\n<p style=\"text-align: justify;\">Luperciano Mu\u00f1oz record\u00f3 que la presidenta Bachelet viaj\u00f3 a la regi\u00f3n 4 meses despu\u00e9s de asumir y anunci\u00f3 dos proyectos relevantes: Universidad de Ays\u00e9n y el Plan Especial de Desarrollo de Zonas Extremas (PEDZE). Del mismo modo, el presidente Pi\u00f1era visit\u00f3 la regi\u00f3n despu\u00e9s de 4 meses de asumir y anunci\u00f3 los subsidios adicionales, por lo tanto, esperamos ansiosos los grandes anuncios del presidente Gabriel Boric, que se demor\u00f3 10 meses en venir a la regi\u00f3n.<\/p>\n<p style=\"text-align: justify;\">\u201cImagin\u00f3 que despu\u00e9s de casi un a\u00f1o, el presidente dar\u00e1 a conocer noticias relevantes y tremendamente significativas para nuestra regi\u00f3n y que no quebrantar\u00e1 la institucionalidad de los anuncios realizados por los mandatarios en sus visitas a nuestra regi\u00f3n\u201d, se\u00f1al\u00f3.<\/p>\n<p style=\"text-align: justify;\">Finalmente, el jefe comunal indic\u00f3 que \u201cexpusimos un ambicioso plan de conectividad hace m\u00e1s de 6 meses, ya que el presidente Boric se\u00f1al\u00f3 en campa\u00f1a que las pol\u00edticas p\u00fablicas se construir\u00edan en conjunto con los territorios, sin embargo nuestra propuesta no ha sido tomada en cuenta\u201d.<\/p>\n<\/div><\/section><\/div><div  style='height:50px' class='hr hr-invisible   avia-builder-el-6  el_after_av_one_full  el_before_av_social_share '><span class='hr-inner ' ><span class='hr-inner-style'><\/span><\/span><\/div><\/p>\n<div  class='av-social-sharing-box  avia-builder-el-7  el_after_av_hr  el_before_av_hr  '><div class='av-share-box'><h5 class='av-share-link-description av-no-toc '>Compartir esta noticia<\/h5><ul class='av-share-box-list noLightbox'><li class='av-share-link av-social-link-facebook' ><a target=\"_blank\" aria-label=\"Compartir en Facebook\" href='https:\/\/www.facebook.com\/sharer.php?u=https:\/\/radiorevelacionfm.cl\/?p=27055&#038;t=Alcalde%20Luperciano%20Mu%C3%B1oz%20tras%20reuni%C3%B3n%20con%20presidente%20Boric%3A%20%E2%80%9CEs%20irrespetuoso%20y%20arrogante%E2%80%9D' aria-hidden='false' data-av_icon='\ue8f3' data-av_iconfont='entypo-fontello' title='' data-avia-related-tooltip='Compartir en Facebook' rel=\"noopener\"><span class='avia_hidden_link_text'>Compartir en Facebook<\/span><\/a><\/li><li class='av-share-link av-social-link-twitter' ><a target=\"_blank\" aria-label=\"Compartir en Twitter\" href='https:\/\/twitter.com\/share?text=Alcalde%20Luperciano%20Mu%C3%B1oz%20tras%20reuni%C3%B3n%20con%20presidente%20Boric%3A%20%E2%80%9CEs%20irrespetuoso%20y%20arrogante%E2%80%9D&#038;url=https:\/\/radiorevelacionfm.cl\/?p=27055' aria-hidden='false' data-av_icon='\ue8f1' data-av_iconfont='entypo-fontello' title='' data-avia-related-tooltip='Compartir en Twitter' rel=\"noopener\"><span class='avia_hidden_link_text'>Compartir en Twitter<\/span><\/a><\/li><li class='av-share-link av-social-link-whatsapp' ><a target=\"_blank\" aria-label=\"Compartir en Whatsapp\" href='https:\/\/api.whatsapp.com\/send?text=https:\/\/radiorevelacionfm.cl\/?p=27055' aria-hidden='false' data-av_icon='\uf232' data-av_iconfont='entypo-fontello' title='' data-avia-related-tooltip='Compartir en Whatsapp' rel=\"noopener\"><span class='avia_hidden_link_text'>Compartir en Whatsapp<\/span><\/a><\/li><li class='av-share-link av-social-link-linkedin' ><a target=\"_blank\" aria-label=\"Compartir en LinkedIn\" href='https:\/\/linkedin.com\/shareArticle?mini=true&#038;title=Alcalde%20Luperciano%20Mu%C3%B1oz%20tras%20reuni%C3%B3n%20con%20presidente%20Boric%3A%20%E2%80%9CEs%20irrespetuoso%20y%20arrogante%E2%80%9D&#038;url=https:\/\/radiorevelacionfm.cl\/?p=27055' aria-hidden='false' data-av_icon='\ue8fc' data-av_iconfont='entypo-fontello' title='' data-avia-related-tooltip='Compartir en LinkedIn' rel=\"noopener\"><span class='avia_hidden_link_text'>Compartir en LinkedIn<\/span><\/a><\/li><li class='av-share-link av-social-link-mail' ><a  aria-label=\"Compartir por correo\" href='mailto:?subject=Alcalde%20Luperciano%20Mu%C3%B1oz%20tras%20reuni%C3%B3n%20con%20presidente%20Boric%3A%20%E2%80%9CEs%20irrespetuoso%20y%20arrogante%E2%80%9D&#038;body=https:\/\/radiorevelacionfm.cl\/?p=27055' aria-hidden='false' data-av_icon='\ue805' data-av_iconfont='entypo-fontello' title='' data-avia-related-tooltip='Compartir por correo'><span class='avia_hidden_link_text'>Compartir por correo<\/span><\/a><\/li><\/ul><\/div><\/div>\n<div  style='height:50px' class='hr hr-invisible   avia-builder-el-8  el_after_av_social_share  el_before_av_comments_list '><span class='hr-inner ' ><span class='hr-inner-style'><\/span><\/span><\/div>\n<div  class='av-buildercomment  av-blog-meta-html-info-disabled av-blog-meta-tag-disabled  '><\/div>\n","protected":false},"excerpt":{"rendered":"","protected":false},"author":1,"featured_media":27056,"comment_status":"open","ping_status":"open","sticky":false,"template":"","format":"standard","meta":{"footnotes":""},"categories":[38],"tags":[],"class_list":["post-27055","post","type-post","status-publish","format-standard","has-post-thumbnail","hentry","category-regional"],"jetpack_featured_media_url":"https:\/\/radiorevelacionfm.cl\/wp-content\/uploads\/2023\/01\/IMG_0273-1-1.jpg","_links":{"self":[{"href":"https:\/\/radiorevelacionfm.cl\/index.php?rest_route=\/wp\/v2\/posts\/27055","targetHints":{"allow":["GET"]}}],"collection":[{"href":"https:\/\/radiorevelacionfm.cl\/index.php?rest_route=\/wp\/v2\/posts"}],"about":[{"href":"https:\/\/radiorevelacionfm.cl\/index.php?rest_route=\/wp\/v2\/types\/post"}],"author":[{"embeddable":true,"href":"https:\/\/radiorevelacionfm.cl\/index.php?rest_route=\/wp\/v2\/users\/1"}],"replies":[{"embeddable":true,"href":"https:\/\/radiorevelacionfm.cl\/index.php?rest_route=%2Fwp%2Fv2%2Fcomments&post=27055"}],"version-history":[{"count":2,"href":"https:\/\/radiorevelacionfm.cl\/index.php?rest_route=\/wp\/v2\/posts\/27055\/revisions"}],"predecessor-version":[{"id":27058,"href":"https:\/\/radiorevelacionfm.cl\/index.php?rest_route=\/wp\/v2\/posts\/27055\/revisions\/27058"}],"wp:featuredmedia":[{"embeddable":true,"href":"https:\/\/radiorevelacionfm.cl\/index.php?rest_route=\/wp\/v2\/media\/27056"}],"wp:attachment":[{"href":"https:\/\/radiorevelacionfm.cl\/index.php?rest_route=%2Fwp%2Fv2%2Fmedia&parent=27055"}],"wp:term":[{"taxonomy":"category","embeddable":true,"href":"https:\/\/radiorevelacionfm.cl\/index.php?rest_route=%2Fwp%2Fv2%2Fcategories&post=27055"},{"taxonomy":"post_tag","embeddable":true,"href":"https:\/\/radiorevelacionfm.cl\/index.php?rest_route=%2Fwp%2Fv2%2Ftags&post=27055"}],"curies":[{"name":"wp","href":"https:\/\/api.w.org\/{rel}","templated":true}]}}