{"id":27049,"date":"2023-01-25T15:59:11","date_gmt":"2023-01-25T18:59:11","guid":{"rendered":"https:\/\/radiorevelacionfm.cl\/?p=27049"},"modified":"2023-01-25T15:59:11","modified_gmt":"2023-01-25T18:59:11","slug":"vive-el-verano-en-aysen-cicletada-nocturna-es-reprogramada","status":"publish","type":"post","link":"https:\/\/radiorevelacionfm.cl\/?p=27049","title":{"rendered":"Vive el Verano en Ays\u00e9n: cicletada nocturna es reprogramada"},"content":{"rendered":"<div class=\"flex_column av_one_full  flex_column_div av-zero-column-padding first  avia-builder-el-0  el_before_av_one_full  avia-builder-el-first  \" style='border-radius:0px; '><div  class='avia-image-container  av-styling-    avia-builder-el-1  avia-builder-el-no-sibling  avia-align-center '  itemprop=\"image\" itemscope=\"itemscope\" itemtype=\"https:\/\/schema.org\/ImageObject\"  ><div class='avia-image-container-inner'><div class='avia-image-overlay-wrap'><img decoding=\"async\" class='wp-image-27051 avia-img-lazy-loading-not-27051 avia_image' src=\"https:\/\/radiorevelacionfm.cl\/wp-content\/uploads\/2023\/01\/Vive-el-verano-en-Aysen-cicletada-nocturna-es-reprogramada-1-1.jpeg\" alt='' title='Vive el verano en Ays\u00e9n cicletada nocturna es reprogramada (1) (1)' height=\"600\" width=\"516\"  itemprop=\"thumbnailUrl\" srcset=\"https:\/\/radiorevelacionfm.cl\/wp-content\/uploads\/2023\/01\/Vive-el-verano-en-Aysen-cicletada-nocturna-es-reprogramada-1-1.jpeg 516w, https:\/\/radiorevelacionfm.cl\/wp-content\/uploads\/2023\/01\/Vive-el-verano-en-Aysen-cicletada-nocturna-es-reprogramada-1-1-258x300.jpeg 258w\" sizes=\"(max-width: 516px) 100vw, 516px\" \/><\/div><\/div><\/div><\/div><div class=\"flex_column av_one_full  flex_column_div av-zero-column-padding first  avia-builder-el-2  el_after_av_one_full  el_before_av_one_full  column-top-margin\" style='border-radius:0px; '><section class=\"av_textblock_section \"  itemscope=\"itemscope\" itemtype=\"https:\/\/schema.org\/BlogPosting\" itemprop=\"blogPost\" ><div class='avia_textblock  '   itemprop=\"text\" ><p style=\"text-align: center;\"><strong><span style=\"font-size: 18pt;\">Vive el Verano en Ays\u00e9n: cicletada nocturna es reprogramada <\/span><\/strong><\/p>\n<div id=\"gtx-trans\" style=\"position: absolute; left: -50px; top: 4.31534px;\">\n<div class=\"gtx-trans-icon\"><\/div>\n<\/div>\n<\/div><\/section><\/div><div class=\"flex_column av_one_full  flex_column_div av-zero-column-padding first  avia-builder-el-4  el_after_av_one_full  el_before_av_hr  column-top-margin\" style='border-radius:0px; '><section class=\"av_textblock_section \"  itemscope=\"itemscope\" itemtype=\"https:\/\/schema.org\/BlogPosting\" itemprop=\"blogPost\" ><div class='avia_textblock  '   itemprop=\"text\" ><p style=\"text-align: justify;\">Con una variada programaci\u00f3n de actividades familiares, Vive el Verano en Ays\u00e9n organizado por la Ilustre Municipalidad de Ays\u00e9n ha mantenido una nutrida convocatoria de la comunidad aysenina quienes han disfrutado de este inicio de a\u00f1o esperando el primer Carnaval del Agua de Ays\u00e9n.<\/p>\n<p style=\"text-align: justify;\">Y, como tal se ha denominado Carnaval del Agua, las condiciones clim\u00e1ticas de la comuna derivaron en la reprogramaci\u00f3n de la cicletada nocturna que se iba a realizar el d\u00eda lunes 23 de enero, y que contaba con un recorrido por la ciudad de Puerto Ays\u00e9n. La actividad contar\u00e1 con una nueva fecha para el mes de febrero.<\/p>\n<p style=\"text-align: justify;\">\u201cLa cicletada nocturna fue reagendada por ser una actividad de car\u00e1cter familiar en la cual esperamos contar con la presencia de muchos ni\u00f1os. El d\u00eda lunes 23 de enero durante la tarde a\u00fan continuaba lloviendo fuertemente por lo que hubo de tomar una decisi\u00f3n al respecto y decidimos reagendar la actividad. La actividad se llevar\u00e1 a cabo en el mes de febrero cuando contemos con mejores condiciones clim\u00e1ticas\u201d, especifica \u00d3scar Az\u00f3car Adriazola, administrador municipal de la Ilustre Municipalidad de Ays\u00e9n, invitando adem\u00e1s a la actividad que tendr\u00e1 m\u00fasica, premios y actividades para amenizar las tardes de verano en la localidad de Ays\u00e9n.<\/p>\n<\/div><\/section><\/div><div  style='height:50px' class='hr hr-invisible   avia-builder-el-6  el_after_av_one_full  el_before_av_social_share '><span class='hr-inner ' ><span class='hr-inner-style'><\/span><\/span><\/div><\/p>\n<div  class='av-social-sharing-box  avia-builder-el-7  el_after_av_hr  el_before_av_hr  '><div class='av-share-box'><h5 class='av-share-link-description av-no-toc '>Compartir esta noticia<\/h5><ul class='av-share-box-list noLightbox'><li class='av-share-link av-social-link-facebook' ><a target=\"_blank\" aria-label=\"Compartir en Facebook\" href='https:\/\/www.facebook.com\/sharer.php?u=https:\/\/radiorevelacionfm.cl\/?p=27049&#038;t=Vive%20el%20Verano%20en%20Ays%C3%A9n%3A%20cicletada%20nocturna%20es%20reprogramada' aria-hidden='false' data-av_icon='\ue8f3' data-av_iconfont='entypo-fontello' title='' data-avia-related-tooltip='Compartir en Facebook' rel=\"noopener\"><span class='avia_hidden_link_text'>Compartir en Facebook<\/span><\/a><\/li><li class='av-share-link av-social-link-twitter' ><a target=\"_blank\" aria-label=\"Compartir en Twitter\" href='https:\/\/twitter.com\/share?text=Vive%20el%20Verano%20en%20Ays%C3%A9n%3A%20cicletada%20nocturna%20es%20reprogramada&#038;url=https:\/\/radiorevelacionfm.cl\/?p=27049' aria-hidden='false' data-av_icon='\ue8f1' data-av_iconfont='entypo-fontello' title='' data-avia-related-tooltip='Compartir en Twitter' rel=\"noopener\"><span class='avia_hidden_link_text'>Compartir en Twitter<\/span><\/a><\/li><li class='av-share-link av-social-link-whatsapp' ><a target=\"_blank\" aria-label=\"Compartir en Whatsapp\" href='https:\/\/api.whatsapp.com\/send?text=https:\/\/radiorevelacionfm.cl\/?p=27049' aria-hidden='false' data-av_icon='\uf232' data-av_iconfont='entypo-fontello' title='' data-avia-related-tooltip='Compartir en Whatsapp' rel=\"noopener\"><span class='avia_hidden_link_text'>Compartir en Whatsapp<\/span><\/a><\/li><li class='av-share-link av-social-link-linkedin' ><a target=\"_blank\" aria-label=\"Compartir en LinkedIn\" href='https:\/\/linkedin.com\/shareArticle?mini=true&#038;title=Vive%20el%20Verano%20en%20Ays%C3%A9n%3A%20cicletada%20nocturna%20es%20reprogramada&#038;url=https:\/\/radiorevelacionfm.cl\/?p=27049' aria-hidden='false' data-av_icon='\ue8fc' data-av_iconfont='entypo-fontello' title='' data-avia-related-tooltip='Compartir en LinkedIn' rel=\"noopener\"><span class='avia_hidden_link_text'>Compartir en LinkedIn<\/span><\/a><\/li><li class='av-share-link av-social-link-mail' ><a  aria-label=\"Compartir por correo\" href='mailto:?subject=Vive%20el%20Verano%20en%20Ays%C3%A9n%3A%20cicletada%20nocturna%20es%20reprogramada&#038;body=https:\/\/radiorevelacionfm.cl\/?p=27049' aria-hidden='false' data-av_icon='\ue805' data-av_iconfont='entypo-fontello' title='' data-avia-related-tooltip='Compartir por correo'><span class='avia_hidden_link_text'>Compartir por correo<\/span><\/a><\/li><\/ul><\/div><\/div>\n<div  style='height:50px' class='hr hr-invisible   avia-builder-el-8  el_after_av_social_share  el_before_av_comments_list '><span class='hr-inner ' ><span class='hr-inner-style'><\/span><\/span><\/div>\n<div  class='av-buildercomment  av-blog-meta-html-info-disabled av-blog-meta-tag-disabled  '><\/div>\n","protected":false},"excerpt":{"rendered":"","protected":false},"author":1,"featured_media":27052,"comment_status":"open","ping_status":"open","sticky":false,"template":"","format":"standard","meta":{"footnotes":""},"categories":[38],"tags":[],"class_list":["post-27049","post","type-post","status-publish","format-standard","has-post-thumbnail","hentry","category-regional"],"jetpack_featured_media_url":"https:\/\/radiorevelacionfm.cl\/wp-content\/uploads\/2023\/01\/vive-el-verano-en-aysen-cicletada-nocturna-es-reprogramada-2_optimized.jpeg","_links":{"self":[{"href":"https:\/\/radiorevelacionfm.cl\/index.php?rest_route=\/wp\/v2\/posts\/27049","targetHints":{"allow":["GET"]}}],"collection":[{"href":"https:\/\/radiorevelacionfm.cl\/index.php?rest_route=\/wp\/v2\/posts"}],"about":[{"href":"https:\/\/radiorevelacionfm.cl\/index.php?rest_route=\/wp\/v2\/types\/post"}],"author":[{"embeddable":true,"href":"https:\/\/radiorevelacionfm.cl\/index.php?rest_route=\/wp\/v2\/users\/1"}],"replies":[{"embeddable":true,"href":"https:\/\/radiorevelacionfm.cl\/index.php?rest_route=%2Fwp%2Fv2%2Fcomments&post=27049"}],"version-history":[{"count":2,"href":"https:\/\/radiorevelacionfm.cl\/index.php?rest_route=\/wp\/v2\/posts\/27049\/revisions"}],"predecessor-version":[{"id":27054,"href":"https:\/\/radiorevelacionfm.cl\/index.php?rest_route=\/wp\/v2\/posts\/27049\/revisions\/27054"}],"wp:featuredmedia":[{"embeddable":true,"href":"https:\/\/radiorevelacionfm.cl\/index.php?rest_route=\/wp\/v2\/media\/27052"}],"wp:attachment":[{"href":"https:\/\/radiorevelacionfm.cl\/index.php?rest_route=%2Fwp%2Fv2%2Fmedia&parent=27049"}],"wp:term":[{"taxonomy":"category","embeddable":true,"href":"https:\/\/radiorevelacionfm.cl\/index.php?rest_route=%2Fwp%2Fv2%2Fcategories&post=27049"},{"taxonomy":"post_tag","embeddable":true,"href":"https:\/\/radiorevelacionfm.cl\/index.php?rest_route=%2Fwp%2Fv2%2Ftags&post=27049"}],"curies":[{"name":"wp","href":"https:\/\/api.w.org\/{rel}","templated":true}]}}