{"id":27045,"date":"2023-01-25T15:43:13","date_gmt":"2023-01-25T18:43:13","guid":{"rendered":"https:\/\/radiorevelacionfm.cl\/?p=27045"},"modified":"2023-01-25T15:43:13","modified_gmt":"2023-01-25T18:43:13","slug":"avanza-construccion-del-jardin-infantil-mackay-en-la-capital-regional","status":"publish","type":"post","link":"https:\/\/radiorevelacionfm.cl\/?p=27045","title":{"rendered":"Avanza construcci\u00f3n del Jard\u00edn Infantil Mackay en la capital regional"},"content":{"rendered":"<div class=\"flex_column av_one_full  flex_column_div av-zero-column-padding first  avia-builder-el-0  el_before_av_one_full  avia-builder-el-first  \" style='border-radius:0px; '><div  class='avia-image-container  av-styling-    avia-builder-el-1  avia-builder-el-no-sibling  avia-align-center '  itemprop=\"image\" itemscope=\"itemscope\" itemtype=\"https:\/\/schema.org\/ImageObject\"  ><div class='avia-image-container-inner'><div class='avia-image-overlay-wrap'><img decoding=\"async\" class='wp-image-27046 avia-img-lazy-loading-not-27046 avia_image' src=\"https:\/\/radiorevelacionfm.cl\/wp-content\/uploads\/2023\/01\/1-2023-01-25t153600_optimized.999-1.jpg\" alt='' title='1 - -2023-01-25t153600_optimized.999-(1)' height=\"600\" width=\"1065\"  itemprop=\"thumbnailUrl\" srcset=\"https:\/\/radiorevelacionfm.cl\/wp-content\/uploads\/2023\/01\/1-2023-01-25t153600_optimized.999-1.jpg 1065w, https:\/\/radiorevelacionfm.cl\/wp-content\/uploads\/2023\/01\/1-2023-01-25t153600_optimized.999-1-300x169.jpg 300w, https:\/\/radiorevelacionfm.cl\/wp-content\/uploads\/2023\/01\/1-2023-01-25t153600_optimized.999-1-1030x580.jpg 1030w, https:\/\/radiorevelacionfm.cl\/wp-content\/uploads\/2023\/01\/1-2023-01-25t153600_optimized.999-1-768x433.jpg 768w, https:\/\/radiorevelacionfm.cl\/wp-content\/uploads\/2023\/01\/1-2023-01-25t153600_optimized.999-1-705x397.jpg 705w, https:\/\/radiorevelacionfm.cl\/wp-content\/uploads\/2023\/01\/1-2023-01-25t153600_optimized.999-1-600x338.jpg 600w\" sizes=\"(max-width: 1065px) 100vw, 1065px\" \/><\/div><\/div><\/div><\/div><div class=\"flex_column av_one_full  flex_column_div av-zero-column-padding first  avia-builder-el-2  el_after_av_one_full  el_before_av_one_full  column-top-margin\" style='border-radius:0px; '><section class=\"av_textblock_section \"  itemscope=\"itemscope\" itemtype=\"https:\/\/schema.org\/BlogPosting\" itemprop=\"blogPost\" ><div class='avia_textblock  '   itemprop=\"text\" ><p style=\"text-align: center;\"><strong><span style=\"font-size: 18pt;\">Avanza construcci\u00f3n del Jard\u00edn Infantil Mackay en la capital regional<\/span><\/strong><\/p>\n<div id=\"gtx-trans\" style=\"position: absolute; left: -50px; top: 4.31534px;\">\n<div class=\"gtx-trans-icon\"><\/div>\n<\/div>\n<\/div><\/section><\/div><div class=\"flex_column av_one_full  flex_column_div av-zero-column-padding first  avia-builder-el-4  el_after_av_one_full  el_before_av_hr  column-top-margin\" style='border-radius:0px; '><section class=\"av_textblock_section \"  itemscope=\"itemscope\" itemtype=\"https:\/\/schema.org\/BlogPosting\" itemprop=\"blogPost\" ><div class='avia_textblock  '   itemprop=\"text\" ><p style=\"text-align: justify;\">Un 57% de avances en sus obras alcanza el Jard\u00edn Infantil y Sala Cuna \u201cMackay\u201d y que beneficiar\u00e1 a 76 p\u00e1rvulos de la capital regional. Se trata de un proyecto de reposici\u00f3n completa del establecimiento, que comenz\u00f3 sus obras en mayo del 2022, con un monto de inversi\u00f3n superior a los $1.170 millones de pesos por parte de Fundaci\u00f3n Integra y que estar\u00e1 emplazado en el sector c\u00e9ntrico de Coyhaique.<\/p>\n<p style=\"text-align: justify;\">La directora regional de Fundaci\u00f3n Integra, Leticia Araya Norambuena, recalca la importancia que tienen los jardines infantiles y una buena infraestructura ya que \u201cel espacio educativo es un tercer educador y estos tienen que cumplir con las distintas normativas y condiciones para que los ni\u00f1os y ni\u00f1as puedan\u00a0 aprender\u201d. A la vez destaca que \u201cnosotros buscamos que en los espacios en los que ellos se encuentren tengan todas las condiciones que le den seguridad, tranquilidad y que les permita aprender a trav\u00e9s del juego\u201d.<\/p>\n<p style=\"text-align: justify;\">El proyecto de reposici\u00f3n destaca por contar con modernas tecnolog\u00edas, como climatizaci\u00f3n independiente de recintos mediante pisos radiantes el\u00e9ctricos, iluminaci\u00f3n eficaz y grandes espacios interiores en una superficie de 601 mt2. Todo esto emplazado en un terreno de 1250 metros cuadrados, habilitados para que los ni\u00f1os y ni\u00f1as puedan interactuar con el medio ambiente y entorno natural, utilizando cada espacio como foco de aprendizaje.<\/p>\n<p style=\"text-align: justify;\">Bruno Aguirre Serazzi, arquitecto de Fundaci\u00f3n Integra destaca que \u201ctodos los jardines que estamos dise\u00f1ando han aumentado su capacidad y estamos tratando de implementar las \u00faltimas tecnolog\u00edas para darle el m\u00e1ximo confort a los ni\u00f1os y ni\u00f1as\u201d. A la vez destac\u00f3 que todas las obras en materia de infraestructura tienen como foco a \u201clos ni\u00f1os ya que ellos son nuestro principal foco. Cada espacio que dise\u00f1amos, que hacemos se hace pensando en ellos\u201d.<\/p>\n<p style=\"text-align: justify;\">Cabe destacar que este proyecto de edificaci\u00f3n fue dise\u00f1ado en conjunto con la comunidad educativa del establecimiento quienes so\u00f1aron su futuro recinto y que contar\u00e1 con 1 sala cuna, 1 nivel medio menor, 1 nivel medio mayor, 1 sala multiuso, 1 de amamantamiento, 2 patios cubiertos, adem\u00e1s de juegos infantiles did\u00e1cticos y jardines verticales.<\/p>\n<p style=\"text-align: justify;\">Jessica Caniullan, directora (s) del jard\u00edn infantil \u201cMackay\u201d recalca que \u201ccomo equipo educativo estamos muy felices con la construcci\u00f3n del nuevo jard\u00edn porque ha sido un sue\u00f1o que hemos tenido hace a\u00f1os\u201d. A la vez destac\u00f3 que \u201cestoy muy orgullosa de pertenecer a esta instituci\u00f3n y saber que se est\u00e1 velando por el bienestar y la calidad educativa para los ni\u00f1os y las familias\u201d.<\/p>\n<p style=\"text-align: justify;\">La directora regional de Fundaci\u00f3n Integra recalc\u00f3 que \u201cel jard\u00edn infantil tiene un efecto que es muy decidor para los ni\u00f1os y las ni\u00f1as, ya que ah\u00ed ellos comparten con pares y van resolviendo diferentes situaciones, siempre acompa\u00f1ados de un adulto que los ayuda a mediar en aquellas situaciones. Por lo tanto invitamos a las familias a tener confianza en el trabajo que estamos desarrollando en nuestros establecimientos\u201d.<\/p>\n<p style=\"text-align: justify;\">Finalmente cabe destacar que Fundaci\u00f3n Integra pertenece a la Red de Fundaciones de la Presidencia de la Rep\u00fablica. Con 32 a\u00f1os de experiencia, cuenta con m\u00e1s de 1.230 jardines infantiles y salas cuna gratuitos a los que asisten m\u00e1s de 91 mil ni\u00f1os y ni\u00f1as en todo Chile.<\/p>\n<\/div><\/section><\/div><div  style='height:50px' class='hr hr-invisible   avia-builder-el-6  el_after_av_one_full  el_before_av_social_share '><span class='hr-inner ' ><span class='hr-inner-style'><\/span><\/span><\/div><\/p>\n<div  class='av-social-sharing-box  avia-builder-el-7  el_after_av_hr  el_before_av_hr  '><div class='av-share-box'><h5 class='av-share-link-description av-no-toc '>Compartir esta noticia<\/h5><ul class='av-share-box-list noLightbox'><li class='av-share-link av-social-link-facebook' ><a target=\"_blank\" aria-label=\"Compartir en Facebook\" href='https:\/\/www.facebook.com\/sharer.php?u=https:\/\/radiorevelacionfm.cl\/?p=27045&#038;t=Avanza%20construcci%C3%B3n%20del%20Jard%C3%ADn%20Infantil%20Mackay%20en%20la%20capital%20regional' aria-hidden='false' data-av_icon='\ue8f3' data-av_iconfont='entypo-fontello' title='' data-avia-related-tooltip='Compartir en Facebook' rel=\"noopener\"><span class='avia_hidden_link_text'>Compartir en Facebook<\/span><\/a><\/li><li class='av-share-link av-social-link-twitter' ><a target=\"_blank\" aria-label=\"Compartir en Twitter\" href='https:\/\/twitter.com\/share?text=Avanza%20construcci%C3%B3n%20del%20Jard%C3%ADn%20Infantil%20Mackay%20en%20la%20capital%20regional&#038;url=https:\/\/radiorevelacionfm.cl\/?p=27045' aria-hidden='false' data-av_icon='\ue8f1' data-av_iconfont='entypo-fontello' title='' data-avia-related-tooltip='Compartir en Twitter' rel=\"noopener\"><span class='avia_hidden_link_text'>Compartir en Twitter<\/span><\/a><\/li><li class='av-share-link av-social-link-whatsapp' ><a target=\"_blank\" aria-label=\"Compartir en Whatsapp\" href='https:\/\/api.whatsapp.com\/send?text=https:\/\/radiorevelacionfm.cl\/?p=27045' aria-hidden='false' data-av_icon='\uf232' data-av_iconfont='entypo-fontello' title='' data-avia-related-tooltip='Compartir en Whatsapp' rel=\"noopener\"><span class='avia_hidden_link_text'>Compartir en Whatsapp<\/span><\/a><\/li><li class='av-share-link av-social-link-linkedin' ><a target=\"_blank\" aria-label=\"Compartir en LinkedIn\" href='https:\/\/linkedin.com\/shareArticle?mini=true&#038;title=Avanza%20construcci%C3%B3n%20del%20Jard%C3%ADn%20Infantil%20Mackay%20en%20la%20capital%20regional&#038;url=https:\/\/radiorevelacionfm.cl\/?p=27045' aria-hidden='false' data-av_icon='\ue8fc' data-av_iconfont='entypo-fontello' title='' data-avia-related-tooltip='Compartir en LinkedIn' rel=\"noopener\"><span class='avia_hidden_link_text'>Compartir en LinkedIn<\/span><\/a><\/li><li class='av-share-link av-social-link-mail' ><a  aria-label=\"Compartir por correo\" href='mailto:?subject=Avanza%20construcci%C3%B3n%20del%20Jard%C3%ADn%20Infantil%20Mackay%20en%20la%20capital%20regional&#038;body=https:\/\/radiorevelacionfm.cl\/?p=27045' aria-hidden='false' data-av_icon='\ue805' data-av_iconfont='entypo-fontello' title='' data-avia-related-tooltip='Compartir por correo'><span class='avia_hidden_link_text'>Compartir por correo<\/span><\/a><\/li><\/ul><\/div><\/div>\n<div  style='height:50px' class='hr hr-invisible   avia-builder-el-8  el_after_av_social_share  el_before_av_comments_list '><span class='hr-inner ' ><span class='hr-inner-style'><\/span><\/span><\/div>\n<div  class='av-buildercomment  av-blog-meta-html-info-disabled av-blog-meta-tag-disabled  '><\/div>\n","protected":false},"excerpt":{"rendered":"","protected":false},"author":1,"featured_media":27046,"comment_status":"open","ping_status":"open","sticky":false,"template":"","format":"standard","meta":{"footnotes":""},"categories":[49],"tags":[],"class_list":["post-27045","post","type-post","status-publish","format-standard","has-post-thumbnail","hentry","category-educacion"],"jetpack_featured_media_url":"https:\/\/radiorevelacionfm.cl\/wp-content\/uploads\/2023\/01\/1-2023-01-25t153600_optimized.999-1.jpg","_links":{"self":[{"href":"https:\/\/radiorevelacionfm.cl\/index.php?rest_route=\/wp\/v2\/posts\/27045","targetHints":{"allow":["GET"]}}],"collection":[{"href":"https:\/\/radiorevelacionfm.cl\/index.php?rest_route=\/wp\/v2\/posts"}],"about":[{"href":"https:\/\/radiorevelacionfm.cl\/index.php?rest_route=\/wp\/v2\/types\/post"}],"author":[{"embeddable":true,"href":"https:\/\/radiorevelacionfm.cl\/index.php?rest_route=\/wp\/v2\/users\/1"}],"replies":[{"embeddable":true,"href":"https:\/\/radiorevelacionfm.cl\/index.php?rest_route=%2Fwp%2Fv2%2Fcomments&post=27045"}],"version-history":[{"count":2,"href":"https:\/\/radiorevelacionfm.cl\/index.php?rest_route=\/wp\/v2\/posts\/27045\/revisions"}],"predecessor-version":[{"id":27048,"href":"https:\/\/radiorevelacionfm.cl\/index.php?rest_route=\/wp\/v2\/posts\/27045\/revisions\/27048"}],"wp:featuredmedia":[{"embeddable":true,"href":"https:\/\/radiorevelacionfm.cl\/index.php?rest_route=\/wp\/v2\/media\/27046"}],"wp:attachment":[{"href":"https:\/\/radiorevelacionfm.cl\/index.php?rest_route=%2Fwp%2Fv2%2Fmedia&parent=27045"}],"wp:term":[{"taxonomy":"category","embeddable":true,"href":"https:\/\/radiorevelacionfm.cl\/index.php?rest_route=%2Fwp%2Fv2%2Fcategories&post=27045"},{"taxonomy":"post_tag","embeddable":true,"href":"https:\/\/radiorevelacionfm.cl\/index.php?rest_route=%2Fwp%2Fv2%2Ftags&post=27045"}],"curies":[{"name":"wp","href":"https:\/\/api.w.org\/{rel}","templated":true}]}}