{"id":2704,"date":"2021-02-17T12:05:47","date_gmt":"2021-02-17T15:05:47","guid":{"rendered":"https:\/\/radiorevelacionfm.cl\/?p=2704"},"modified":"2021-02-17T12:05:47","modified_gmt":"2021-02-17T15:05:47","slug":"diputado-calisto-pide-a-contraloria-pronunciarse-por-posible-conflicto-de-interes-por-la-relacion-entre-empresa-brotec-y-ministro-de-obras-publicas","status":"publish","type":"post","link":"https:\/\/radiorevelacionfm.cl\/?p=2704","title":{"rendered":"Diputado Calisto pide a Contralor\u00eda pronunciarse por posible conflicto de inter\u00e9s por la relaci\u00f3n entre empresa Brotec y Ministro de Obras P\u00fablicas"},"content":{"rendered":"<div class=\"flex_column av_one_full  flex_column_div av-zero-column-padding first  avia-builder-el-0  el_before_av_one_full  avia-builder-el-first  \" style='border-radius:0px; '><div  class='avia-image-container  av-styling-    avia-builder-el-1  avia-builder-el-no-sibling  avia-align-center '  itemprop=\"image\" itemscope=\"itemscope\" itemtype=\"https:\/\/schema.org\/ImageObject\"  ><div class='avia-image-container-inner'><div class='avia-image-overlay-wrap'><img decoding=\"async\" class='wp-image-0 avia-img-lazy-loading-not-0 avia_image' src=\"https:\/\/radiorevelacionfm.cl\/wp-content\/uploads\/2021\/02\/REUNION-BROTEC-1.jpg\" alt='' title=''   itemprop=\"thumbnailUrl\"  \/><\/div><\/div><\/div><\/div><div class=\"flex_column av_one_full  flex_column_div av-zero-column-padding first  avia-builder-el-2  el_after_av_one_full  el_before_av_one_full  column-top-margin\" style='border-radius:0px; '><section class=\"av_textblock_section \"  itemscope=\"itemscope\" itemtype=\"https:\/\/schema.org\/BlogPosting\" itemprop=\"blogPost\" ><div class='avia_textblock  '   itemprop=\"text\" ><p style=\"text-align: center;\"><span style=\"font-size: 18pt;\"><strong>Diputado Calisto pide a Contralor\u00eda pronunciarse por posible conflicto de inter\u00e9s por la relaci\u00f3n entre empresa Brotec y Ministro de Obras P\u00fablicas<\/strong><\/span><\/p>\n<div id=\"gtx-trans\" style=\"position: absolute; left: -50px; top: 4.31534px;\">\n<div class=\"gtx-trans-icon\"><\/div>\n<\/div>\n<\/div><\/section><\/div><div class=\"flex_column av_one_full  flex_column_div av-zero-column-padding first  avia-builder-el-4  el_after_av_one_full  el_before_av_hr  column-top-margin\" style='border-radius:0px; '><section class=\"av_textblock_section \"  itemscope=\"itemscope\" itemtype=\"https:\/\/schema.org\/BlogPosting\" itemprop=\"blogPost\" ><div class='avia_textblock  '   itemprop=\"text\" ><p style=\"font-weight: 400; text-align: justify;\">El parlamentario se reuni\u00f3 con Blas Mu\u00f1oz, uno de los microempresarios afectados en Cerro Castillo.<\/p>\n<p style=\"font-weight: 400; text-align: justify;\">Ante la serie de cuestionamientos surgidos tras conocerse el hecho que el Ministro de Obras P\u00fablicas, Alfredo Moreno, fue parte del directorio de la compa\u00f1\u00eda Brotec, empresa que tiene obras detenidas en tres puntos de la regi\u00f3n y mantiene deudas con distintos emprendedores regionales, el diputado Miguel \u00c1ngel Calisto se reuni\u00f3 con uno de los microempresarios afectados y envi\u00f3 un oficio de fiscalizaci\u00f3n a la Contralor\u00eda General de la Rep\u00fablica solicitando antecedentes por la posible existencia de un conflicto de inter\u00e9s.<\/p>\n<p style=\"font-weight: 400; text-align: justify;\">Seg\u00fan el legislador, \u201cesta empresa tiene al menos tres obras detenidas en nuestra regi\u00f3n; un tramo de la carretera Austral en Cerro Castillo, un tramo del camino entre Coyhaique y Puerto Ays\u00e9n y el muelle de Melinka. Este \u00faltimo es especialmente preocupante, porque fue adjudicado el a\u00f1o 2020, cuando ya se conoc\u00edan los problemas econ\u00f3micos de la empresa\u201d.<\/p>\n<p style=\"font-weight: 400; text-align: justify;\">Calisto agreg\u00f3 que \u201cCon el oficio de fiscalizaci\u00f3n que estamos enviado, esperamos que Contralor\u00eda se pronuncie sobre la existencia de un posible conflicto de intereses, porque el actual Ministro de Obras P\u00fablicas fue parte del directorio de esta empresa. Queremos transparencia en este tema y que esta compa\u00f1\u00eda pague las deudas que tiene con los microempresarios locales\u201d.<\/p>\n<p style=\"font-weight: 400; text-align: justify;\">\u201cEsta empresa mantiene altas deudas con distintos emprendedores. Se trata de una compa\u00f1\u00eda enorme, que maneja grandes cifras de dinero, entonces que le deban plata a alojamientos y restaurantes locales es vergonzoso e inaceptable\u201d, se\u00f1al\u00f3.<\/p>\n<p style=\"font-weight: 400; text-align: justify;\">El legislador indic\u00f3 que \u201cexiste una corresponsabilidad por parte del Estado, el MOP no puede mirar para el techo en una situaci\u00f3n tan compleja como la que estamos viviendo en la regi\u00f3n producto de las estafas cometidas por la empresa Brotec. En el camino que qued\u00f3 inconcluso entre Coyhaique y Puerto Ays\u00e9n incluso se han perdido vidas humanas. Por eso es importante que el Estado se pronuncie por lo que est\u00e1 sucediendo\u201d.<\/p>\n<p style=\"font-weight: 400; text-align: justify;\">Uno de los afectados es Blas Mu\u00f1oz, de la empresa Pensi\u00f3n Roxana, quienes estaban a cargo del Casino y la alimentaci\u00f3n de los trabajadores en la ruta 7 a la altura de Cerro Castillo. \u201cAl principio la empresa pag\u00f3 una factura muy peque\u00f1a, luego empezaron los atrasos y se acumularon cuatro facturas por un monto de 17 millones de pesos. Desde el 15 de diciembre que se paralizaron todos los trabajos en Castillo\u201d.<\/p>\n<p style=\"font-weight: 400; text-align: justify;\">Con respecto a la relaci\u00f3n del actual Ministro de Obras P\u00fablicas, Alfredo Moreno, con la empresa Brotec, Mu\u00f1oz se\u00f1al\u00f3 que \u201cnos da como rabia y verg\u00fcenza. En esta empresa hay familias y nombres connotados, como la familia Matte y gente con mucho dinero. Ah\u00ed ya nos dio rabia, porque c\u00f3mo es posible que familias tan grandes vengan a estafar ac\u00e1. El broche de oro fue enterarnos que el Ministro del MOP hab\u00eda tenido una relaci\u00f3n con la empresa Brotec, lo que podr\u00eda generar ya un caso de corrupci\u00f3n\u201d.<\/p>\n<p style=\"font-weight: 400; text-align: justify;\">Finalmente, el microempresario, quien acus\u00f3 haber recibido amenazas an\u00f3nimas por destapar este caso, afirm\u00f3 que \u201cla empresa Brotec fue la misma que dej\u00f3 abandonado un tramo del camino a la salida de Coyhaique, camino que tiene tres pistas sin ninguna demarcaci\u00f3n. Si t\u00fa te fijas, ah\u00ed no hay ninguna se\u00f1al\u00e9tica, y en un punto, en el arenal, hemos tenido varios accidentes, con muertos incluso. Ser\u00eda bueno poner atenci\u00f3n en estos contratos, porque podr\u00eda haber alg\u00fan tipo de responsabilidad criminal por estos contratos que no se terminaron\u201d.<\/p>\n<\/div><\/section><\/div><div  style='height:50px' class='hr hr-invisible   avia-builder-el-6  el_after_av_one_full  el_before_av_social_share '><span class='hr-inner ' ><span class='hr-inner-style'><\/span><\/span><\/div><\/p>\n<div  class='av-social-sharing-box  avia-builder-el-7  el_after_av_hr  el_before_av_hr  '><div class='av-share-box'><h5 class='av-share-link-description av-no-toc '>Compartir esta noticia<\/h5><ul class='av-share-box-list noLightbox'><li class='av-share-link av-social-link-facebook' ><a target=\"_blank\" aria-label=\"Compartir en Facebook\" href='https:\/\/www.facebook.com\/sharer.php?u=https:\/\/radiorevelacionfm.cl\/?p=2704&#038;t=Diputado%20Calisto%20pide%20a%20Contralor%C3%ADa%20pronunciarse%20por%20posible%20conflicto%20de%20inter%C3%A9s%20por%20la%20relaci%C3%B3n%20entre%20empresa%20Brotec%20y%20Ministro%20de%20Obras%20P%C3%BAblicas' aria-hidden='false' data-av_icon='\ue8f3' data-av_iconfont='entypo-fontello' title='' data-avia-related-tooltip='Compartir en Facebook' rel=\"noopener\"><span class='avia_hidden_link_text'>Compartir en Facebook<\/span><\/a><\/li><li class='av-share-link av-social-link-twitter' ><a target=\"_blank\" aria-label=\"Compartir en Twitter\" href='https:\/\/twitter.com\/share?text=Diputado%20Calisto%20pide%20a%20Contralor%C3%ADa%20pronunciarse%20por%20posible%20conflicto%20de%20inter%C3%A9s%20por%20la%20relaci%C3%B3n%20entre%20empresa%20Brotec%20y%20Ministro%20de%20Obras%20P%C3%BAblicas&#038;url=https:\/\/radiorevelacionfm.cl\/?p=2704' aria-hidden='false' data-av_icon='\ue8f1' data-av_iconfont='entypo-fontello' title='' data-avia-related-tooltip='Compartir en Twitter' rel=\"noopener\"><span class='avia_hidden_link_text'>Compartir en Twitter<\/span><\/a><\/li><li class='av-share-link av-social-link-whatsapp' ><a target=\"_blank\" aria-label=\"Compartir en Whatsapp\" href='https:\/\/api.whatsapp.com\/send?text=https:\/\/radiorevelacionfm.cl\/?p=2704' aria-hidden='false' data-av_icon='\uf232' data-av_iconfont='entypo-fontello' title='' data-avia-related-tooltip='Compartir en Whatsapp' rel=\"noopener\"><span class='avia_hidden_link_text'>Compartir en Whatsapp<\/span><\/a><\/li><li class='av-share-link av-social-link-linkedin' ><a target=\"_blank\" aria-label=\"Compartir en LinkedIn\" href='https:\/\/linkedin.com\/shareArticle?mini=true&#038;title=Diputado%20Calisto%20pide%20a%20Contralor%C3%ADa%20pronunciarse%20por%20posible%20conflicto%20de%20inter%C3%A9s%20por%20la%20relaci%C3%B3n%20entre%20empresa%20Brotec%20y%20Ministro%20de%20Obras%20P%C3%BAblicas&#038;url=https:\/\/radiorevelacionfm.cl\/?p=2704' aria-hidden='false' data-av_icon='\ue8fc' data-av_iconfont='entypo-fontello' title='' data-avia-related-tooltip='Compartir en LinkedIn' rel=\"noopener\"><span class='avia_hidden_link_text'>Compartir en LinkedIn<\/span><\/a><\/li><li class='av-share-link av-social-link-mail' ><a  aria-label=\"Compartir por correo\" href='mailto:?subject=Diputado%20Calisto%20pide%20a%20Contralor%C3%ADa%20pronunciarse%20por%20posible%20conflicto%20de%20inter%C3%A9s%20por%20la%20relaci%C3%B3n%20entre%20empresa%20Brotec%20y%20Ministro%20de%20Obras%20P%C3%BAblicas&#038;body=https:\/\/radiorevelacionfm.cl\/?p=2704' aria-hidden='false' data-av_icon='\ue805' data-av_iconfont='entypo-fontello' title='' data-avia-related-tooltip='Compartir por correo'><span class='avia_hidden_link_text'>Compartir por correo<\/span><\/a><\/li><\/ul><\/div><\/div>\n<div  style='height:50px' class='hr hr-invisible   avia-builder-el-8  el_after_av_social_share  el_before_av_comments_list '><span class='hr-inner ' ><span class='hr-inner-style'><\/span><\/span><\/div>\n<div  class='av-buildercomment  av-blog-meta-html-info-disabled av-blog-meta-tag-disabled  '><\/div>\n","protected":false},"excerpt":{"rendered":"","protected":false},"author":1,"featured_media":0,"comment_status":"open","ping_status":"open","sticky":false,"template":"","format":"standard","meta":{"footnotes":""},"categories":[35],"tags":[],"class_list":["post-2704","post","type-post","status-publish","format-standard","hentry","category-politica"],"jetpack_featured_media_url":"","_links":{"self":[{"href":"https:\/\/radiorevelacionfm.cl\/index.php?rest_route=\/wp\/v2\/posts\/2704","targetHints":{"allow":["GET"]}}],"collection":[{"href":"https:\/\/radiorevelacionfm.cl\/index.php?rest_route=\/wp\/v2\/posts"}],"about":[{"href":"https:\/\/radiorevelacionfm.cl\/index.php?rest_route=\/wp\/v2\/types\/post"}],"author":[{"embeddable":true,"href":"https:\/\/radiorevelacionfm.cl\/index.php?rest_route=\/wp\/v2\/users\/1"}],"replies":[{"embeddable":true,"href":"https:\/\/radiorevelacionfm.cl\/index.php?rest_route=%2Fwp%2Fv2%2Fcomments&post=2704"}],"version-history":[{"count":1,"href":"https:\/\/radiorevelacionfm.cl\/index.php?rest_route=\/wp\/v2\/posts\/2704\/revisions"}],"predecessor-version":[{"id":2706,"href":"https:\/\/radiorevelacionfm.cl\/index.php?rest_route=\/wp\/v2\/posts\/2704\/revisions\/2706"}],"wp:attachment":[{"href":"https:\/\/radiorevelacionfm.cl\/index.php?rest_route=%2Fwp%2Fv2%2Fmedia&parent=2704"}],"wp:term":[{"taxonomy":"category","embeddable":true,"href":"https:\/\/radiorevelacionfm.cl\/index.php?rest_route=%2Fwp%2Fv2%2Fcategories&post=2704"},{"taxonomy":"post_tag","embeddable":true,"href":"https:\/\/radiorevelacionfm.cl\/index.php?rest_route=%2Fwp%2Fv2%2Ftags&post=2704"}],"curies":[{"name":"wp","href":"https:\/\/api.w.org\/{rel}","templated":true}]}}