{"id":27039,"date":"2023-01-25T12:15:30","date_gmt":"2023-01-25T15:15:30","guid":{"rendered":"https:\/\/radiorevelacionfm.cl\/?p=27039"},"modified":"2023-01-25T12:15:30","modified_gmt":"2023-01-25T15:15:30","slug":"seremi-de-gobierno-relevo-visita-presidencial-como-patagon-entiende-muy-bien-que-uno-de-los-problemas-del-pais-es-el-excesivo-centralismo","status":"publish","type":"post","link":"https:\/\/radiorevelacionfm.cl\/?p=27039","title":{"rendered":"Seremi de Gobierno relev\u00f3 visita presidencial: \u00abComo patag\u00f3n, entiende muy bien que uno de los problemas del pa\u00eds es el excesivo centralismo\u00bb"},"content":{"rendered":"<div class=\"flex_column av_one_full  flex_column_div av-zero-column-padding first  avia-builder-el-0  el_before_av_one_full  avia-builder-el-first  \" style='border-radius:0px; '><div  class='avia-image-container  av-styling-    avia-builder-el-1  avia-builder-el-no-sibling  avia-align-center '  itemprop=\"image\" itemscope=\"itemscope\" itemtype=\"https:\/\/schema.org\/ImageObject\"  ><div class='avia-image-container-inner'><div class='avia-image-overlay-wrap'><img decoding=\"async\" class='wp-image-27040 avia-img-lazy-loading-not-27040 avia_image' src=\"https:\/\/radiorevelacionfm.cl\/wp-content\/uploads\/2023\/01\/Seremi-2-2-1-1.jpg\" alt='' title='Seremi 2 (2) (1) (1)' height=\"600\" width=\"800\"  itemprop=\"thumbnailUrl\" srcset=\"https:\/\/radiorevelacionfm.cl\/wp-content\/uploads\/2023\/01\/Seremi-2-2-1-1.jpg 800w, https:\/\/radiorevelacionfm.cl\/wp-content\/uploads\/2023\/01\/Seremi-2-2-1-1-300x225.jpg 300w, https:\/\/radiorevelacionfm.cl\/wp-content\/uploads\/2023\/01\/Seremi-2-2-1-1-768x576.jpg 768w, https:\/\/radiorevelacionfm.cl\/wp-content\/uploads\/2023\/01\/Seremi-2-2-1-1-705x529.jpg 705w, https:\/\/radiorevelacionfm.cl\/wp-content\/uploads\/2023\/01\/Seremi-2-2-1-1-600x450.jpg 600w\" sizes=\"(max-width: 800px) 100vw, 800px\" \/><\/div><\/div><\/div><\/div><div class=\"flex_column av_one_full  flex_column_div av-zero-column-padding first  avia-builder-el-2  el_after_av_one_full  el_before_av_one_full  column-top-margin\" style='border-radius:0px; '><section class=\"av_textblock_section \"  itemscope=\"itemscope\" itemtype=\"https:\/\/schema.org\/BlogPosting\" itemprop=\"blogPost\" ><div class='avia_textblock  '   itemprop=\"text\" ><p class=\"v1MsoNormal\" style=\"text-align: center;\"><span style=\"font-size: 18pt;\"><b>Seremi de Gobierno relev\u00f3 visita presidencial: <\/b><b>\u00abComo patag\u00f3n, entiende muy bien que uno de los problemas del pa\u00eds es el excesivo centralismo\u00bb<\/b><\/span><\/p>\n<div id=\"gtx-trans\" style=\"position: absolute; left: -50px; top: 4.31534px;\">\n<div class=\"gtx-trans-icon\"><\/div>\n<\/div>\n<\/div><\/section><\/div><div class=\"flex_column av_one_full  flex_column_div av-zero-column-padding first  avia-builder-el-4  el_after_av_one_full  el_before_av_hr  column-top-margin\" style='border-radius:0px; '><section class=\"av_textblock_section \"  itemscope=\"itemscope\" itemtype=\"https:\/\/schema.org\/BlogPosting\" itemprop=\"blogPost\" ><div class='avia_textblock  '   itemprop=\"text\" ><div>\n<p class=\"v1MsoNormal\" style=\"text-align: justify;\">La Seremi de Gobierno Tatiana Pl\u00e1 \u00c1lvarez relev\u00f3 la visita del Presidente Gabriel Boric a la regi\u00f3n de Ays\u00e9n, \u00a0se\u00f1alando que es una muestra clara de la importancia que le da el Primer Mandatario a las localidades de todo el pa\u00eds, m\u00e1s all\u00e1 de la Zona Central.<\/p>\n<p class=\"v1MsoNormal\" style=\"text-align: justify;\">La portavoz, que record\u00f3 que en la elecci\u00f3n presidencial el mandatario se impuso en nuestra regi\u00f3n por un 56,32%, de la votaci\u00f3n total en las 10 comunas, con poco m\u00e1s de 46 mil 500 sufragios, a\u00f1adi\u00f3:<\/p>\n<p class=\"v1MsoNormal\" style=\"text-align: justify;\">\u00abComo magall\u00e1nico y patag\u00f3n, el Presidente Boric entiende las complejidades de regiones como la nuestra, donde producto de nuestra geograf\u00eda existen dificultades, por ejemplo, con la conectividad de los caminos, y eso adem\u00e1s asociado a la crisis econ\u00f3mica que vivimos. El Presidente sabe bien que los problemas en materia de vialidad no se pueden resolver desde un escritorio en Santiago, sino que hay que tener una perspectiva regional y es en eso que el gabinete regional ha estado trabajando desde el primer d\u00eda\u00bb, se\u00f1al\u00f3.<\/p>\n<p class=\"v1MsoNormal\" style=\"text-align: justify;\">\u00abQue el Presidente est\u00e9 hoy en nuestra regi\u00f3n es tambi\u00e9n una muy buena oportunidad para los dirigentes y organizaciones sociales, ya que dispondr\u00e1n de un espacio para conversar con \u00e9l, que por lo dem\u00e1s ha demostrado siempre su cercan\u00eda con los ciudadanos y adem\u00e1s comprende la necesidad de que las regiones y los Gobiernos Regionales tengan mayores facultades\u00bbagreg\u00f3.<\/p>\n<p class=\"v1MsoNormal\" style=\"text-align: justify;\">Al respecto, cabe indicar que el Primer Mandatario anunci\u00f3 en agosto del a\u00f1o pasado la decisi\u00f3n del Gobierno de transferir a la regiones atribuciones concretas sobre m\u00e1s de cuarenta programas e instrumentos en los \u00e1mbitos de Desarrollo Productivo, Desarrollo Cultural y Social y Ordenamiento Territorial. Esto, con el objetivo de dotar a los gobiernos regionales de herramientas que permitan planificar estrat\u00e9gicamente un desarrollo pensado por y para los territorios.<\/p>\n<p class=\"v1MsoNormal\" style=\"text-align: justify;\">En ese sentido, est\u00e1 planificado que sean los propios gobiernos regionales quienes definan los tiempos en que cada competencia propuesta por el Gobierno puede ser asumida por su institucionalidad regional y cu\u00e1les de estas competencias se alinean con el proyecto de desarrollo local. De esta forma, se espera avanzar desde un piso com\u00fan hacia particularidades propias de cada zona.<\/p>\n<p class=\"v1MsoNormal\" style=\"text-align: justify;\">Junto con esto, se crear\u00e1n los Comit\u00e9s Regionales de Desarrollo Productivo (CRDP) de CORFO en todo el pa\u00eds, los cuales ser\u00e1n una primera instancia de planificaci\u00f3n del desarrollo de la regi\u00f3n, en una transici\u00f3n que deber\u00e1 culminar en 2025 con un \u00f3rgano o servicio de fomento productivo regional. En esa l\u00ednea, con el objetivo de aumentar la capacidad de los gobiernos regionales de decidir sobre su desarrollo, el Gobierno pondr\u00e1 a disposici\u00f3n m\u00e1s de 30 facultades decisionales sobre instrumentos de Sercotec, Corfo y Sernatur, y competencias de Indap y Sence.<\/p>\n<p class=\"v1MsoNormal\" style=\"text-align: justify;\">\u00abEl Presidente Boric\u00a0 ya lo ha se\u00f1alado: vivimos en un pa\u00eds diverso y cada regi\u00f3n tiene distintas potencialidades, la identidad de cada regi\u00f3n, la geograf\u00eda, sus ritmos de convivencia y sus necesidades son distintas, sin embargo, en esa diversidad tambi\u00e9n encontramos unidad, y esa unidad debe ser descentralizada\u00bb, concluy\u00f3 la portavoz.<\/p>\n<\/div>\n<div style=\"text-align: justify;\"><\/div>\n<\/div><\/section><\/div><div  style='height:50px' class='hr hr-invisible   avia-builder-el-6  el_after_av_one_full  el_before_av_social_share '><span class='hr-inner ' ><span class='hr-inner-style'><\/span><\/span><\/div><\/p>\n<div  class='av-social-sharing-box  avia-builder-el-7  el_after_av_hr  el_before_av_hr  '><div class='av-share-box'><h5 class='av-share-link-description av-no-toc '>Compartir esta noticia<\/h5><ul class='av-share-box-list noLightbox'><li class='av-share-link av-social-link-facebook' ><a target=\"_blank\" aria-label=\"Compartir en Facebook\" href='https:\/\/www.facebook.com\/sharer.php?u=https:\/\/radiorevelacionfm.cl\/?p=27039&#038;t=Seremi%20de%20Gobierno%20relev%C3%B3%20visita%20presidencial%3A%20%C2%ABComo%20patag%C3%B3n%2C%20entiende%20muy%20bien%20que%20uno%20de%20los%20problemas%20del%20pa%C3%ADs%20es%20el%20excesivo%20centralismo%C2%BB' aria-hidden='false' data-av_icon='\ue8f3' data-av_iconfont='entypo-fontello' title='' data-avia-related-tooltip='Compartir en Facebook' rel=\"noopener\"><span class='avia_hidden_link_text'>Compartir en Facebook<\/span><\/a><\/li><li class='av-share-link av-social-link-twitter' ><a target=\"_blank\" aria-label=\"Compartir en Twitter\" href='https:\/\/twitter.com\/share?text=Seremi%20de%20Gobierno%20relev%C3%B3%20visita%20presidencial%3A%20%C2%ABComo%20patag%C3%B3n%2C%20entiende%20muy%20bien%20que%20uno%20de%20los%20problemas%20del%20pa%C3%ADs%20es%20el%20excesivo%20centralismo%C2%BB&#038;url=https:\/\/radiorevelacionfm.cl\/?p=27039' aria-hidden='false' data-av_icon='\ue8f1' data-av_iconfont='entypo-fontello' title='' data-avia-related-tooltip='Compartir en Twitter' rel=\"noopener\"><span class='avia_hidden_link_text'>Compartir en Twitter<\/span><\/a><\/li><li class='av-share-link av-social-link-whatsapp' ><a target=\"_blank\" aria-label=\"Compartir en Whatsapp\" href='https:\/\/api.whatsapp.com\/send?text=https:\/\/radiorevelacionfm.cl\/?p=27039' aria-hidden='false' data-av_icon='\uf232' data-av_iconfont='entypo-fontello' title='' data-avia-related-tooltip='Compartir en Whatsapp' rel=\"noopener\"><span class='avia_hidden_link_text'>Compartir en Whatsapp<\/span><\/a><\/li><li class='av-share-link av-social-link-linkedin' ><a target=\"_blank\" aria-label=\"Compartir en LinkedIn\" href='https:\/\/linkedin.com\/shareArticle?mini=true&#038;title=Seremi%20de%20Gobierno%20relev%C3%B3%20visita%20presidencial%3A%20%C2%ABComo%20patag%C3%B3n%2C%20entiende%20muy%20bien%20que%20uno%20de%20los%20problemas%20del%20pa%C3%ADs%20es%20el%20excesivo%20centralismo%C2%BB&#038;url=https:\/\/radiorevelacionfm.cl\/?p=27039' aria-hidden='false' data-av_icon='\ue8fc' data-av_iconfont='entypo-fontello' title='' data-avia-related-tooltip='Compartir en LinkedIn' rel=\"noopener\"><span class='avia_hidden_link_text'>Compartir en LinkedIn<\/span><\/a><\/li><li class='av-share-link av-social-link-mail' ><a  aria-label=\"Compartir por correo\" href='mailto:?subject=Seremi%20de%20Gobierno%20relev%C3%B3%20visita%20presidencial%3A%20%C2%ABComo%20patag%C3%B3n%2C%20entiende%20muy%20bien%20que%20uno%20de%20los%20problemas%20del%20pa%C3%ADs%20es%20el%20excesivo%20centralismo%C2%BB&#038;body=https:\/\/radiorevelacionfm.cl\/?p=27039' aria-hidden='false' data-av_icon='\ue805' data-av_iconfont='entypo-fontello' title='' data-avia-related-tooltip='Compartir por correo'><span class='avia_hidden_link_text'>Compartir por correo<\/span><\/a><\/li><\/ul><\/div><\/div>\n<div  style='height:50px' class='hr hr-invisible   avia-builder-el-8  el_after_av_social_share  el_before_av_comments_list '><span class='hr-inner ' ><span class='hr-inner-style'><\/span><\/span><\/div>\n<div  class='av-buildercomment  av-blog-meta-html-info-disabled av-blog-meta-tag-disabled  '><\/div>\n","protected":false},"excerpt":{"rendered":"","protected":false},"author":1,"featured_media":27040,"comment_status":"open","ping_status":"open","sticky":false,"template":"","format":"standard","meta":{"footnotes":""},"categories":[38],"tags":[],"class_list":["post-27039","post","type-post","status-publish","format-standard","has-post-thumbnail","hentry","category-regional"],"jetpack_featured_media_url":"https:\/\/radiorevelacionfm.cl\/wp-content\/uploads\/2023\/01\/Seremi-2-2-1-1.jpg","_links":{"self":[{"href":"https:\/\/radiorevelacionfm.cl\/index.php?rest_route=\/wp\/v2\/posts\/27039","targetHints":{"allow":["GET"]}}],"collection":[{"href":"https:\/\/radiorevelacionfm.cl\/index.php?rest_route=\/wp\/v2\/posts"}],"about":[{"href":"https:\/\/radiorevelacionfm.cl\/index.php?rest_route=\/wp\/v2\/types\/post"}],"author":[{"embeddable":true,"href":"https:\/\/radiorevelacionfm.cl\/index.php?rest_route=\/wp\/v2\/users\/1"}],"replies":[{"embeddable":true,"href":"https:\/\/radiorevelacionfm.cl\/index.php?rest_route=%2Fwp%2Fv2%2Fcomments&post=27039"}],"version-history":[{"count":2,"href":"https:\/\/radiorevelacionfm.cl\/index.php?rest_route=\/wp\/v2\/posts\/27039\/revisions"}],"predecessor-version":[{"id":27042,"href":"https:\/\/radiorevelacionfm.cl\/index.php?rest_route=\/wp\/v2\/posts\/27039\/revisions\/27042"}],"wp:featuredmedia":[{"embeddable":true,"href":"https:\/\/radiorevelacionfm.cl\/index.php?rest_route=\/wp\/v2\/media\/27040"}],"wp:attachment":[{"href":"https:\/\/radiorevelacionfm.cl\/index.php?rest_route=%2Fwp%2Fv2%2Fmedia&parent=27039"}],"wp:term":[{"taxonomy":"category","embeddable":true,"href":"https:\/\/radiorevelacionfm.cl\/index.php?rest_route=%2Fwp%2Fv2%2Fcategories&post=27039"},{"taxonomy":"post_tag","embeddable":true,"href":"https:\/\/radiorevelacionfm.cl\/index.php?rest_route=%2Fwp%2Fv2%2Ftags&post=27039"}],"curies":[{"name":"wp","href":"https:\/\/api.w.org\/{rel}","templated":true}]}}