{"id":27030,"date":"2023-01-24T18:56:29","date_gmt":"2023-01-24T21:56:29","guid":{"rendered":"https:\/\/radiorevelacionfm.cl\/?p=27030"},"modified":"2023-01-24T18:56:29","modified_gmt":"2023-01-24T21:56:29","slug":"tras-detencion-flagrante-por-receptacion-pdi-y-fiscalia-esclarecen-seis-robos-ocurridos-durante-el-fin-de-semana-en-diferentes-puntos-de-la-region","status":"publish","type":"post","link":"https:\/\/radiorevelacionfm.cl\/?p=27030","title":{"rendered":"Tras detenci\u00f3n flagrante por receptaci\u00f3n: PDI y Fiscal\u00eda esclarecen seis robos ocurridos durante el fin de semana en diferentes puntos de la regi\u00f3n"},"content":{"rendered":"<div class=\"flex_column av_one_full  flex_column_div av-zero-column-padding first  avia-builder-el-0  el_before_av_one_full  avia-builder-el-first  \" style='border-radius:0px; '><div  class='avia-image-container  av-styling-    avia-builder-el-1  avia-builder-el-no-sibling  avia-align-center '  itemprop=\"image\" itemscope=\"itemscope\" itemtype=\"https:\/\/schema.org\/ImageObject\"  ><div class='avia-image-container-inner'><div class='avia-image-overlay-wrap'><img decoding=\"async\" class='wp-image-27031 avia-img-lazy-loading-not-27031 avia_image' src=\"https:\/\/radiorevelacionfm.cl\/wp-content\/uploads\/2023\/01\/evidencia-tour-delictual-23-01-2023-005-1_optimized.jpg\" alt='' title='evidenc\u00eda-tour-delictual-23-01-2023-005-(1)_optimized' height=\"600\" width=\"900\"  itemprop=\"thumbnailUrl\" srcset=\"https:\/\/radiorevelacionfm.cl\/wp-content\/uploads\/2023\/01\/evidencia-tour-delictual-23-01-2023-005-1_optimized.jpg 900w, https:\/\/radiorevelacionfm.cl\/wp-content\/uploads\/2023\/01\/evidencia-tour-delictual-23-01-2023-005-1_optimized-300x200.jpg 300w, https:\/\/radiorevelacionfm.cl\/wp-content\/uploads\/2023\/01\/evidencia-tour-delictual-23-01-2023-005-1_optimized-768x512.jpg 768w, https:\/\/radiorevelacionfm.cl\/wp-content\/uploads\/2023\/01\/evidencia-tour-delictual-23-01-2023-005-1_optimized-705x470.jpg 705w, https:\/\/radiorevelacionfm.cl\/wp-content\/uploads\/2023\/01\/evidencia-tour-delictual-23-01-2023-005-1_optimized-600x400.jpg 600w\" sizes=\"(max-width: 900px) 100vw, 900px\" \/><\/div><\/div><\/div><\/div><div class=\"flex_column av_one_full  flex_column_div av-zero-column-padding first  avia-builder-el-2  el_after_av_one_full  el_before_av_one_full  column-top-margin\" style='border-radius:0px; '><section class=\"av_textblock_section \"  itemscope=\"itemscope\" itemtype=\"https:\/\/schema.org\/BlogPosting\" itemprop=\"blogPost\" ><div class='avia_textblock  '   itemprop=\"text\" ><p style=\"text-align: center;\"><span style=\"font-size: 18pt;\"><strong>Tras detenci\u00f3n flagrante por receptaci\u00f3n: PDI y Fiscal\u00eda esclarecen seis robos ocurridos durante el fin de semana en diferentes puntos de la regi\u00f3n<\/strong><\/span><\/p>\n<div id=\"gtx-trans\" style=\"position: absolute; left: -50px; top: 4.31534px;\">\n<div class=\"gtx-trans-icon\"><\/div>\n<\/div>\n<\/div><\/section><\/div><div class=\"flex_column av_one_full  flex_column_div av-zero-column-padding first  avia-builder-el-4  el_after_av_one_full  el_before_av_hr  column-top-margin\" style='border-radius:0px; '><section class=\"av_textblock_section \"  itemscope=\"itemscope\" itemtype=\"https:\/\/schema.org\/BlogPosting\" itemprop=\"blogPost\" ><div class='avia_textblock  '   itemprop=\"text\" ><p style=\"text-align: justify;\">Tras la detenci\u00f3n de una persona, de sexo masculino y mayor de edad, por el delito de receptaci\u00f3n flagrante de un veh\u00edculo motorizado, la Polic\u00eda de Investigaciones de Chile y el Ministerio P\u00fablico iniciaron una serie de diligencias con la finalidad de esclarecer distintos robos ocurridos en Puerto Ib\u00e1\u00f1ez, Lago Atravesado y Laguna Cea.<\/p>\n<p style=\"text-align: justify;\">Al respecto, el fiscal de Coyhaique, Jos\u00e9 Moris, indic\u00f3 que \u201cel d\u00eda s\u00e1bado 21 de enero se produjo una serie de robos, tanto en las comunas de R\u00edo Ib\u00e1\u00f1ez como de Coyhaique, donde un grupo de imputados sustrajo un veh\u00edculo en Puerto Ib\u00e1\u00f1ez y tambi\u00e9n especies desde un segundo m\u00f3vil que se encontraba en la v\u00eda p\u00fablica, posteriormente, se trasladaron a la zona de Lago Zenteno y Lago Atravesado donde robaron especies de dos domicilios y de tres veh\u00edculos que se encontraban estacionados en el sector rural\u201d.<\/p>\n<p style=\"text-align: justify;\">El persecutor penal a\u00f1adi\u00f3 que \u201cel accionar de Carabineros, a trav\u00e9s de patrullajes, permiti\u00f3 la ubicaci\u00f3n del veh\u00edculo sustra\u00eddo y la detenci\u00f3n de uno de los imputados, siendo el resto de las diligencias encargadas a la Brigada Investigadora de Robos de la PDI\u201d, quienes adoptaron el procedimiento y desarrollaron el trabajo de an\u00e1lisis criminal para aclarar los delitos.<\/p>\n<p style=\"text-align: justify;\">El veh\u00edculo, marca Nissan, modelo Terrano, hab\u00eda sido sustra\u00eddo -junto a otras especies- la madrugada del d\u00eda s\u00e1bado en la comuna de R\u00edo Ib\u00e1\u00f1ez por sujetos desconocidos.<\/p>\n<p style=\"text-align: justify;\">Luego de realizar el trabajo de sitio de suceso, \u201cse establece que este veh\u00edculo manten\u00eda en su interior diversas especies asociadas a delitos contra la propiedad y que correspond\u00edan a seis delitos cometidos durante la madrugada y el mediod\u00eda del s\u00e1bado en un tour delictual efectuado por al menos dos sujetos, desde Puerto Ib\u00e1\u00f1ez hasta los sectores de Lago Atravesado y Laguna Cea\u201d, se\u00f1al\u00f3 el subprefecto V\u00edctor Toledo, jefe de la BIRO Coyhaique.<\/p>\n<p style=\"text-align: justify;\">De acuerdo a la investigaci\u00f3n desarrollada por la PDI, a trav\u00e9s del trabajo de los detectives de la unidad especializada, el robo del veh\u00edculo ocurri\u00f3 en R\u00edo Ib\u00e1\u00f1ez, donde tambi\u00e9n se pudo comprobar la sustracci\u00f3n de diferentes especies que se encontraban en un veh\u00edculo estacionado.<\/p>\n<p style=\"text-align: justify;\">\u201cPosteriormente, los sujetos se habr\u00edan dirigido hacia el sector de Lago Atravesado, donde cometieron dos delitos de robo en lugar habitado, sustrayendo diferentes especies, y tambi\u00e9n en el sector de Laguna Cea se habr\u00edan producido otros delitos que afectaron a los veh\u00edculos que se encontraban estacionados\u201d, a\u00f1adi\u00f3 el jefe de la BIRO Coyhaique.<\/p>\n<p style=\"text-align: justify;\">As\u00ed, la PDI estableci\u00f3 los delitos de receptaci\u00f3n de veh\u00edculo motorizado, robo en lugar habitado o destinado a la habitaci\u00f3n, robo en bienes nacionales de uso p\u00fablico y receptaci\u00f3n de diversas especies, entregando todos los antecedentes al Ministerio P\u00fablico para la formalizaci\u00f3n del imputado.<\/p>\n<p style=\"text-align: justify;\">En la audiencia, desarrollada durante la tarde de este lunes, se control\u00f3 la detenci\u00f3n del imputado, la cual fue declarada legal por el Tribunal, procediendo a la formalizaci\u00f3n por parte del fiscal Jos\u00e9 Moris.<\/p>\n<p style=\"text-align: justify;\">\u201cGracias a este actuar conjunto de la Fiscal\u00eda, Carabineros y PDI, se logr\u00f3 la formalizaci\u00f3n de un imputado, el que efectivamente est\u00e1 sometido a prisi\u00f3n preventiva, ya que el tribunal accedi\u00f3 a la medida cautelar, fij\u00e1ndose un plazo de investigaci\u00f3n de 90 d\u00edas para desarrollar las diligencias\u201d, puntualiz\u00f3 el fiscal jefe de Coyhaique.<\/p>\n<p style=\"text-align: justify;\">La gran cantidad de especies incautadas mantienen un aval\u00fao aproximado de 15 millones de pesos en su totalidad, siendo entregadas a sus diferentes denunciantes, los que fueron ubicados durante el trabajo investigativo desarrollado por la brigada especializada de la PDI.<\/p>\n<\/div><\/section><\/div><div  style='height:50px' class='hr hr-invisible   avia-builder-el-6  el_after_av_one_full  el_before_av_social_share '><span class='hr-inner ' ><span class='hr-inner-style'><\/span><\/span><\/div><\/p>\n<div  class='av-social-sharing-box  avia-builder-el-7  el_after_av_hr  el_before_av_hr  '><div class='av-share-box'><h5 class='av-share-link-description av-no-toc '>Compartir esta noticia<\/h5><ul class='av-share-box-list noLightbox'><li class='av-share-link av-social-link-facebook' ><a target=\"_blank\" aria-label=\"Compartir en Facebook\" href='https:\/\/www.facebook.com\/sharer.php?u=https:\/\/radiorevelacionfm.cl\/?p=27030&#038;t=Tras%20detenci%C3%B3n%20flagrante%20por%20receptaci%C3%B3n%3A%20PDI%20y%20Fiscal%C3%ADa%20esclarecen%20seis%20robos%20ocurridos%20durante%20el%20fin%20de%20semana%20en%20diferentes%20puntos%20de%20la%20regi%C3%B3n' aria-hidden='false' data-av_icon='\ue8f3' data-av_iconfont='entypo-fontello' title='' data-avia-related-tooltip='Compartir en Facebook' rel=\"noopener\"><span class='avia_hidden_link_text'>Compartir en Facebook<\/span><\/a><\/li><li class='av-share-link av-social-link-twitter' ><a target=\"_blank\" aria-label=\"Compartir en Twitter\" href='https:\/\/twitter.com\/share?text=Tras%20detenci%C3%B3n%20flagrante%20por%20receptaci%C3%B3n%3A%20PDI%20y%20Fiscal%C3%ADa%20esclarecen%20seis%20robos%20ocurridos%20durante%20el%20fin%20de%20semana%20en%20diferentes%20puntos%20de%20la%20regi%C3%B3n&#038;url=https:\/\/radiorevelacionfm.cl\/?p=27030' aria-hidden='false' data-av_icon='\ue8f1' data-av_iconfont='entypo-fontello' title='' data-avia-related-tooltip='Compartir en Twitter' rel=\"noopener\"><span class='avia_hidden_link_text'>Compartir en Twitter<\/span><\/a><\/li><li class='av-share-link av-social-link-whatsapp' ><a target=\"_blank\" aria-label=\"Compartir en Whatsapp\" href='https:\/\/api.whatsapp.com\/send?text=https:\/\/radiorevelacionfm.cl\/?p=27030' aria-hidden='false' data-av_icon='\uf232' data-av_iconfont='entypo-fontello' title='' data-avia-related-tooltip='Compartir en Whatsapp' rel=\"noopener\"><span class='avia_hidden_link_text'>Compartir en Whatsapp<\/span><\/a><\/li><li class='av-share-link av-social-link-linkedin' ><a target=\"_blank\" aria-label=\"Compartir en LinkedIn\" href='https:\/\/linkedin.com\/shareArticle?mini=true&#038;title=Tras%20detenci%C3%B3n%20flagrante%20por%20receptaci%C3%B3n%3A%20PDI%20y%20Fiscal%C3%ADa%20esclarecen%20seis%20robos%20ocurridos%20durante%20el%20fin%20de%20semana%20en%20diferentes%20puntos%20de%20la%20regi%C3%B3n&#038;url=https:\/\/radiorevelacionfm.cl\/?p=27030' aria-hidden='false' data-av_icon='\ue8fc' data-av_iconfont='entypo-fontello' title='' data-avia-related-tooltip='Compartir en LinkedIn' rel=\"noopener\"><span class='avia_hidden_link_text'>Compartir en LinkedIn<\/span><\/a><\/li><li class='av-share-link av-social-link-mail' ><a  aria-label=\"Compartir por correo\" href='mailto:?subject=Tras%20detenci%C3%B3n%20flagrante%20por%20receptaci%C3%B3n%3A%20PDI%20y%20Fiscal%C3%ADa%20esclarecen%20seis%20robos%20ocurridos%20durante%20el%20fin%20de%20semana%20en%20diferentes%20puntos%20de%20la%20regi%C3%B3n&#038;body=https:\/\/radiorevelacionfm.cl\/?p=27030' aria-hidden='false' data-av_icon='\ue805' data-av_iconfont='entypo-fontello' title='' data-avia-related-tooltip='Compartir por correo'><span class='avia_hidden_link_text'>Compartir por correo<\/span><\/a><\/li><\/ul><\/div><\/div>\n<div  style='height:50px' class='hr hr-invisible   avia-builder-el-8  el_after_av_social_share  el_before_av_comments_list '><span class='hr-inner ' ><span class='hr-inner-style'><\/span><\/span><\/div>\n<div  class='av-buildercomment  av-blog-meta-html-info-disabled av-blog-meta-tag-disabled  '><\/div>\n","protected":false},"excerpt":{"rendered":"","protected":false},"author":1,"featured_media":27031,"comment_status":"open","ping_status":"open","sticky":false,"template":"","format":"standard","meta":{"footnotes":""},"categories":[36],"tags":[],"class_list":["post-27030","post","type-post","status-publish","format-standard","has-post-thumbnail","hentry","category-policial"],"jetpack_featured_media_url":"https:\/\/radiorevelacionfm.cl\/wp-content\/uploads\/2023\/01\/evidencia-tour-delictual-23-01-2023-005-1_optimized.jpg","_links":{"self":[{"href":"https:\/\/radiorevelacionfm.cl\/index.php?rest_route=\/wp\/v2\/posts\/27030","targetHints":{"allow":["GET"]}}],"collection":[{"href":"https:\/\/radiorevelacionfm.cl\/index.php?rest_route=\/wp\/v2\/posts"}],"about":[{"href":"https:\/\/radiorevelacionfm.cl\/index.php?rest_route=\/wp\/v2\/types\/post"}],"author":[{"embeddable":true,"href":"https:\/\/radiorevelacionfm.cl\/index.php?rest_route=\/wp\/v2\/users\/1"}],"replies":[{"embeddable":true,"href":"https:\/\/radiorevelacionfm.cl\/index.php?rest_route=%2Fwp%2Fv2%2Fcomments&post=27030"}],"version-history":[{"count":2,"href":"https:\/\/radiorevelacionfm.cl\/index.php?rest_route=\/wp\/v2\/posts\/27030\/revisions"}],"predecessor-version":[{"id":27033,"href":"https:\/\/radiorevelacionfm.cl\/index.php?rest_route=\/wp\/v2\/posts\/27030\/revisions\/27033"}],"wp:featuredmedia":[{"embeddable":true,"href":"https:\/\/radiorevelacionfm.cl\/index.php?rest_route=\/wp\/v2\/media\/27031"}],"wp:attachment":[{"href":"https:\/\/radiorevelacionfm.cl\/index.php?rest_route=%2Fwp%2Fv2%2Fmedia&parent=27030"}],"wp:term":[{"taxonomy":"category","embeddable":true,"href":"https:\/\/radiorevelacionfm.cl\/index.php?rest_route=%2Fwp%2Fv2%2Fcategories&post=27030"},{"taxonomy":"post_tag","embeddable":true,"href":"https:\/\/radiorevelacionfm.cl\/index.php?rest_route=%2Fwp%2Fv2%2Ftags&post=27030"}],"curies":[{"name":"wp","href":"https:\/\/api.w.org\/{rel}","templated":true}]}}