{"id":27022,"date":"2023-01-25T09:49:13","date_gmt":"2023-01-25T12:49:13","guid":{"rendered":"https:\/\/radiorevelacionfm.cl\/?p=27022"},"modified":"2023-01-25T09:49:13","modified_gmt":"2023-01-25T12:49:13","slug":"senda-realizo-lanzamiento-de-la-campana-verano-modoprevencion","status":"publish","type":"post","link":"https:\/\/radiorevelacionfm.cl\/?p=27022","title":{"rendered":"Senda realiz\u00f3 lanzamiento de la Campa\u00f1a Verano #MODOPREVENCI\u00d3N"},"content":{"rendered":"<div class=\"flex_column av_one_full  flex_column_div av-zero-column-padding first  avia-builder-el-0  el_before_av_one_full  avia-builder-el-first  \" style='border-radius:0px; '><div  class='avia-image-container  av-styling-    avia-builder-el-1  avia-builder-el-no-sibling  avia-align-center '  itemprop=\"image\" itemscope=\"itemscope\" itemtype=\"https:\/\/schema.org\/ImageObject\"  ><div class='avia-image-container-inner'><div class='avia-image-overlay-wrap'><img decoding=\"async\" class='wp-image-27023 avia-img-lazy-loading-not-27023 avia_image' src=\"https:\/\/radiorevelacionfm.cl\/wp-content\/uploads\/2023\/01\/1-2023-01-24t173233_optimized.608-1.jpg\" alt='' title='1---2023-01-24t173233_optimized.608-(1)' height=\"600\" width=\"800\"  itemprop=\"thumbnailUrl\" srcset=\"https:\/\/radiorevelacionfm.cl\/wp-content\/uploads\/2023\/01\/1-2023-01-24t173233_optimized.608-1.jpg 800w, https:\/\/radiorevelacionfm.cl\/wp-content\/uploads\/2023\/01\/1-2023-01-24t173233_optimized.608-1-300x225.jpg 300w, https:\/\/radiorevelacionfm.cl\/wp-content\/uploads\/2023\/01\/1-2023-01-24t173233_optimized.608-1-768x576.jpg 768w, https:\/\/radiorevelacionfm.cl\/wp-content\/uploads\/2023\/01\/1-2023-01-24t173233_optimized.608-1-705x529.jpg 705w, https:\/\/radiorevelacionfm.cl\/wp-content\/uploads\/2023\/01\/1-2023-01-24t173233_optimized.608-1-600x450.jpg 600w\" sizes=\"(max-width: 800px) 100vw, 800px\" \/><\/div><\/div><\/div><\/div><div class=\"flex_column av_one_full  flex_column_div av-zero-column-padding first  avia-builder-el-2  el_after_av_one_full  el_before_av_one_full  column-top-margin\" style='border-radius:0px; '><section class=\"av_textblock_section \"  itemscope=\"itemscope\" itemtype=\"https:\/\/schema.org\/BlogPosting\" itemprop=\"blogPost\" ><div class='avia_textblock  '   itemprop=\"text\" ><p style=\"text-align: center;\"><strong><span style=\"font-size: 18pt;\">Senda realiz\u00f3 lanzamiento de la Campa\u00f1a Verano #MODOPREVENCI\u00d3N<\/span><\/strong><\/p>\n<div id=\"gtx-trans\" style=\"position: absolute; left: -50px; top: 4.31534px;\">\n<div class=\"gtx-trans-icon\"><\/div>\n<\/div>\n<\/div><\/section><\/div><div class=\"flex_column av_one_full  flex_column_div av-zero-column-padding first  avia-builder-el-4  el_after_av_one_full  el_before_av_hr  column-top-margin\" style='border-radius:0px; '><section class=\"av_textblock_section \"  itemscope=\"itemscope\" itemtype=\"https:\/\/schema.org\/BlogPosting\" itemprop=\"blogPost\" ><div class='avia_textblock  '   itemprop=\"text\" ><p style=\"text-align: justify;\">El Director Regional (s) del Servicio Nacional para la Prevenci\u00f3n y Rehabilitaci\u00f3n del Consumo de Drogas y Alcohol Senda Carlos Jara Neguel, acompa\u00f1ado de la Coordinadora del programa comunal Senda Previene Ays\u00e9n. Hicieron el lanzamiento de la campa\u00f1a de SENDA Regi\u00f3n de Ays\u00e9n: verano Modo Prevenci\u00f3n, iniciativa que cont\u00f3 con diversos ni\u00f1os, ni\u00f1as y adolescentes que participan en la limpieza de la Playa Pen\u00ednsula, actividad que se llev\u00f3 a cabo en una tarde recreativa, con actividades para compartir y distraerse.<\/p>\n<p style=\"text-align: justify;\">Esta iniciativa se desarroll\u00f3 en Puerto Ays\u00e9n, en la rivera del r\u00edo Ays\u00e9n y tuvo como objetivo concientizar y sensibilizar sobre el buen uso del tiempo libre a los ni\u00f1os, ni\u00f1as y adolescentes, adem\u00e1s, del cuidado de los espacios de recreaci\u00f3n que se pueden utilizar durante el verano.<\/p>\n<p style=\"text-align: justify;\">Por su parte, el Director Regional (s) se\u00f1al\u00f3: \u201cEl verano es ideal para participar en actividades en nuestros barrios y en la comunidad en general, tales como, practicar deportes, participar en festivales culturales o incluso practicar nuevas habilidades que nos ayuden a crecer. Hay muchas alternativas y que se disfrutan mejor cuando estamos con todos nuestros sentidos\u201d.<\/p>\n<p style=\"text-align: justify;\">OBJETIVOS DE LA CAMPA\u00d1A<\/p>\n<p style=\"text-align: justify;\">En ni\u00f1os, ni\u00f1as, adolescentes y j\u00f3venes el objetivo es reforzar las habilidades personales y sociales para que resistan la presi\u00f3n de los pares y del ambiente por consumir drogas. Seg\u00fan las cifras de la encuesta Juventud y Bienestar de Senda 2022, el 62,9% de los adolescentes dice que uno de sus amigos ha bebido alcohol. El 45,2% dice que al menos uno de sus amigos se ha emborrachado y el 41,8% admite que uno de sus amigos ha consumido marihuana.<\/p>\n<p style=\"text-align: justify;\">Otro objetivo es promover alternativas al alcohol y otras drogas mediante reforzar el uso positivo del tiempo libre y promover estilos de vida saludables. Las cifras indican que el\u00a045,2% realiza actividades f\u00edsicas menos de 2 veces por semana, el 29,4% pasa al menos 3 horas diarias jugando videojuegos y el 60% pasa al menos 3 horas en redes sociales.<\/p>\n<p style=\"text-align: justify;\">Por otra parte, en padres y adultos significativos el objetivo es motivar el di\u00e1logo con los hijos\/adolescentes sobre el tema drogas. El 56,5% dice que es f\u00e1cil\/muy f\u00e1cil conversar temas personales con sus padres, madres o adultos cuidadores. El 83,6% declara que sus padres saben con qui\u00e9n est\u00e1 cuando sale de noche. El 95% reconoce que sus padres se preocupar\u00edan si se emborracha. Por otra parte, el objetivo es invitar a adultos a no normalizar el uso de alcohol y otras drogas frente a ni\u00f1os, ni\u00f1as y adolescentes. El 82,8% reconoce que ni su padre, madre o adultos se emborracharon el \u00faltimo mes.<\/p>\n<p style=\"text-align: justify;\">5 CONSEJOS PARA ACTIVAR TU MODO PREVENCI\u00d3N<\/p>\n<ul style=\"text-align: justify;\">\n<li>Usa bien tu tiempo libre.\u00a0Invol\u00facrate y participa en las actividades de tu barrio o comunidad.<\/li>\n<li>Haz valer tus decisiones. Recuerda que la mayor\u00eda de los adolescentes no consume alcohol ni otras drogas.<\/li>\n<li>Act\u00faa con todos tus sentidos.\u00a0El alcohol y las otras drogas afectan tu capacidad de tomar decisiones.<\/li>\n<li>Sin alcohol es mejor. Prefiere las bebidas sin alcohol. Son m\u00e1s saludables y no te exponen a riesgos.<\/li>\n<li>Evita normalizar el alcohol y otras drogas ante ni\u00f1os, ni\u00f1as y adolescentes.<\/li>\n<\/ul>\n<p style=\"text-align: justify;\">La campa\u00f1a #ModoPrevenci\u00f3n de Senda, se centrar\u00e1 en la entrega de informaci\u00f3n en diversos lugares de recreaci\u00f3n y fiestas costumbristas que existen a lo largo del pa\u00eds.<\/p>\n<p style=\"text-align: justify;\">Para mayor informaci\u00f3n puedes ingresar <a href=\"http:\/\/www.senda.gob.cl\">www.senda.gob.cl<\/a> o seguir las redes sociales de Senda Ays\u00e9n.<\/p>\n<\/div><\/section><\/div><div  style='height:50px' class='hr hr-invisible   avia-builder-el-6  el_after_av_one_full  el_before_av_social_share '><span class='hr-inner ' ><span class='hr-inner-style'><\/span><\/span><\/div><\/p>\n<div  class='av-social-sharing-box  avia-builder-el-7  el_after_av_hr  el_before_av_hr  '><div class='av-share-box'><h5 class='av-share-link-description av-no-toc '>Compartir esta noticia<\/h5><ul class='av-share-box-list noLightbox'><li class='av-share-link av-social-link-facebook' ><a target=\"_blank\" aria-label=\"Compartir en Facebook\" href='https:\/\/www.facebook.com\/sharer.php?u=https:\/\/radiorevelacionfm.cl\/?p=27022&#038;t=Senda%20realiz%C3%B3%20lanzamiento%20de%20la%20Campa%C3%B1a%20Verano%20%23MODOPREVENCI%C3%93N' aria-hidden='false' data-av_icon='\ue8f3' data-av_iconfont='entypo-fontello' title='' data-avia-related-tooltip='Compartir en Facebook' rel=\"noopener\"><span class='avia_hidden_link_text'>Compartir en Facebook<\/span><\/a><\/li><li class='av-share-link av-social-link-twitter' ><a target=\"_blank\" aria-label=\"Compartir en Twitter\" href='https:\/\/twitter.com\/share?text=Senda%20realiz%C3%B3%20lanzamiento%20de%20la%20Campa%C3%B1a%20Verano%20%23MODOPREVENCI%C3%93N&#038;url=https:\/\/radiorevelacionfm.cl\/?p=27022' aria-hidden='false' data-av_icon='\ue8f1' data-av_iconfont='entypo-fontello' title='' data-avia-related-tooltip='Compartir en Twitter' rel=\"noopener\"><span class='avia_hidden_link_text'>Compartir en Twitter<\/span><\/a><\/li><li class='av-share-link av-social-link-whatsapp' ><a target=\"_blank\" aria-label=\"Compartir en Whatsapp\" href='https:\/\/api.whatsapp.com\/send?text=https:\/\/radiorevelacionfm.cl\/?p=27022' aria-hidden='false' data-av_icon='\uf232' data-av_iconfont='entypo-fontello' title='' data-avia-related-tooltip='Compartir en Whatsapp' rel=\"noopener\"><span class='avia_hidden_link_text'>Compartir en Whatsapp<\/span><\/a><\/li><li class='av-share-link av-social-link-linkedin' ><a target=\"_blank\" aria-label=\"Compartir en LinkedIn\" href='https:\/\/linkedin.com\/shareArticle?mini=true&#038;title=Senda%20realiz%C3%B3%20lanzamiento%20de%20la%20Campa%C3%B1a%20Verano%20%23MODOPREVENCI%C3%93N&#038;url=https:\/\/radiorevelacionfm.cl\/?p=27022' aria-hidden='false' data-av_icon='\ue8fc' data-av_iconfont='entypo-fontello' title='' data-avia-related-tooltip='Compartir en LinkedIn' rel=\"noopener\"><span class='avia_hidden_link_text'>Compartir en LinkedIn<\/span><\/a><\/li><li class='av-share-link av-social-link-mail' ><a  aria-label=\"Compartir por correo\" href='mailto:?subject=Senda%20realiz%C3%B3%20lanzamiento%20de%20la%20Campa%C3%B1a%20Verano%20%23MODOPREVENCI%C3%93N&#038;body=https:\/\/radiorevelacionfm.cl\/?p=27022' aria-hidden='false' data-av_icon='\ue805' data-av_iconfont='entypo-fontello' title='' data-avia-related-tooltip='Compartir por correo'><span class='avia_hidden_link_text'>Compartir por correo<\/span><\/a><\/li><\/ul><\/div><\/div>\n<div  style='height:50px' class='hr hr-invisible   avia-builder-el-8  el_after_av_social_share  el_before_av_comments_list '><span class='hr-inner ' ><span class='hr-inner-style'><\/span><\/span><\/div>\n<div  class='av-buildercomment  av-blog-meta-html-info-disabled av-blog-meta-tag-disabled  '><\/div>\n","protected":false},"excerpt":{"rendered":"","protected":false},"author":1,"featured_media":27023,"comment_status":"open","ping_status":"open","sticky":false,"template":"","format":"standard","meta":{"footnotes":""},"categories":[38],"tags":[],"class_list":["post-27022","post","type-post","status-publish","format-standard","has-post-thumbnail","hentry","category-regional"],"jetpack_featured_media_url":"https:\/\/radiorevelacionfm.cl\/wp-content\/uploads\/2023\/01\/1-2023-01-24t173233_optimized.608-1.jpg","_links":{"self":[{"href":"https:\/\/radiorevelacionfm.cl\/index.php?rest_route=\/wp\/v2\/posts\/27022","targetHints":{"allow":["GET"]}}],"collection":[{"href":"https:\/\/radiorevelacionfm.cl\/index.php?rest_route=\/wp\/v2\/posts"}],"about":[{"href":"https:\/\/radiorevelacionfm.cl\/index.php?rest_route=\/wp\/v2\/types\/post"}],"author":[{"embeddable":true,"href":"https:\/\/radiorevelacionfm.cl\/index.php?rest_route=\/wp\/v2\/users\/1"}],"replies":[{"embeddable":true,"href":"https:\/\/radiorevelacionfm.cl\/index.php?rest_route=%2Fwp%2Fv2%2Fcomments&post=27022"}],"version-history":[{"count":2,"href":"https:\/\/radiorevelacionfm.cl\/index.php?rest_route=\/wp\/v2\/posts\/27022\/revisions"}],"predecessor-version":[{"id":27037,"href":"https:\/\/radiorevelacionfm.cl\/index.php?rest_route=\/wp\/v2\/posts\/27022\/revisions\/27037"}],"wp:featuredmedia":[{"embeddable":true,"href":"https:\/\/radiorevelacionfm.cl\/index.php?rest_route=\/wp\/v2\/media\/27023"}],"wp:attachment":[{"href":"https:\/\/radiorevelacionfm.cl\/index.php?rest_route=%2Fwp%2Fv2%2Fmedia&parent=27022"}],"wp:term":[{"taxonomy":"category","embeddable":true,"href":"https:\/\/radiorevelacionfm.cl\/index.php?rest_route=%2Fwp%2Fv2%2Fcategories&post=27022"},{"taxonomy":"post_tag","embeddable":true,"href":"https:\/\/radiorevelacionfm.cl\/index.php?rest_route=%2Fwp%2Fv2%2Ftags&post=27022"}],"curies":[{"name":"wp","href":"https:\/\/api.w.org\/{rel}","templated":true}]}}