{"id":27019,"date":"2023-01-25T09:27:52","date_gmt":"2023-01-25T12:27:52","guid":{"rendered":"https:\/\/radiorevelacionfm.cl\/?p=27019"},"modified":"2023-01-25T09:27:52","modified_gmt":"2023-01-25T12:27:52","slug":"realizan-visita-a-taller-laboral-patagonia-produciendo-desde-la-inclusion","status":"publish","type":"post","link":"https:\/\/radiorevelacionfm.cl\/?p=27019","title":{"rendered":"Realizan visita a taller Laboral Patagonia \u201cProduciendo desde la Inclusi\u00f3n\u201d"},"content":{"rendered":"<div class=\"flex_column av_one_full  flex_column_div av-zero-column-padding first  avia-builder-el-0  el_before_av_one_full  avia-builder-el-first  \" style='border-radius:0px; '><div  class='avia-image-container  av-styling-    avia-builder-el-1  avia-builder-el-no-sibling  avia-align-center '  itemprop=\"image\" itemscope=\"itemscope\" itemtype=\"https:\/\/schema.org\/ImageObject\"  ><div class='avia-image-container-inner'><div class='avia-image-overlay-wrap'><img decoding=\"async\" class='wp-image-27020 avia-img-lazy-loading-not-27020 avia_image' src=\"https:\/\/radiorevelacionfm.cl\/wp-content\/uploads\/2023\/01\/taller-laboral-1-1-1.jpg\" alt='' title='taller laboral 1 (1) (1)' height=\"600\" width=\"800\"  itemprop=\"thumbnailUrl\" srcset=\"https:\/\/radiorevelacionfm.cl\/wp-content\/uploads\/2023\/01\/taller-laboral-1-1-1.jpg 800w, https:\/\/radiorevelacionfm.cl\/wp-content\/uploads\/2023\/01\/taller-laboral-1-1-1-300x225.jpg 300w, https:\/\/radiorevelacionfm.cl\/wp-content\/uploads\/2023\/01\/taller-laboral-1-1-1-768x576.jpg 768w, https:\/\/radiorevelacionfm.cl\/wp-content\/uploads\/2023\/01\/taller-laboral-1-1-1-705x529.jpg 705w, https:\/\/radiorevelacionfm.cl\/wp-content\/uploads\/2023\/01\/taller-laboral-1-1-1-600x450.jpg 600w\" sizes=\"(max-width: 800px) 100vw, 800px\" \/><\/div><\/div><\/div><\/div><div class=\"flex_column av_one_full  flex_column_div av-zero-column-padding first  avia-builder-el-2  el_after_av_one_full  el_before_av_one_full  column-top-margin\" style='border-radius:0px; '><section class=\"av_textblock_section \"  itemscope=\"itemscope\" itemtype=\"https:\/\/schema.org\/BlogPosting\" itemprop=\"blogPost\" ><div class='avia_textblock  '   itemprop=\"text\" ><p style=\"text-align: center;\"><strong><span style=\"font-size: 18pt;\">Realizan visita a taller Laboral Patagonia \u201cProduciendo desde la Inclusi\u00f3n\u201d<\/span><\/strong><\/p>\n<div id=\"gtx-trans\" style=\"position: absolute; left: -50px; top: 4.31534px;\">\n<div class=\"gtx-trans-icon\"><\/div>\n<\/div>\n<\/div><\/section><\/div><div class=\"flex_column av_one_full  flex_column_div av-zero-column-padding first  avia-builder-el-4  el_after_av_one_full  el_before_av_hr  column-top-margin\" style='border-radius:0px; '><section class=\"av_textblock_section \"  itemscope=\"itemscope\" itemtype=\"https:\/\/schema.org\/BlogPosting\" itemprop=\"blogPost\" ><div class='avia_textblock  '   itemprop=\"text\" ><p style=\"text-align: justify;\"><span style=\"font-size: 12pt;\">Hasta los Ma\u00f1\u00edos N\u00b0485, en Coyhaique, se traslad\u00f3 la Seremi de Desarrollo Social y Familia, Karina Acevedo, junto a Directora Regional de Senadis (S) Viviana Mu\u00f1oz, y profesionales del mismo servicio, para constatar en terreno el trabajo que realizan los j\u00f3venes del Taller Laboral Patagonia, iniciativa que beneficia a 15 usuarios con discapacidad, quienes trabajan en conjunto a una Monitora de Reposter\u00eda, Terapeuta Ocupacional, Fonoaudi\u00f3loga y Directiva del Centro de Padres y Apoderados de la Fundaci\u00f3n Coanil.<\/span><\/p>\n<p style=\"text-align: justify;\"><span style=\"font-size: 12pt;\">Durante la jornada, la Seremi recorri\u00f3 las instalaciones, sala de venta y cocina, oportunidad en la que pudo conocer a cada uno de los usuarios y el trabajo que desempe\u00f1an en la elaboraci\u00f3n de los productos como: tartas, queque de zanahoria, de yogurt, galletas de coco, avena, alfajores, kuchen de frambuesa, pie de lim\u00f3n y pan, entre otros productos. Karina Acevedo, destac\u00f3 la trayectoria del taller el que tiene aproximadamente 25 a\u00f1os de funcionamiento y que adem\u00e1s desde hace dos a\u00f1os, se encuentra entregando una retribuci\u00f3n econ\u00f3mica a sus usuarios, los encargados de elaborar los productos de reposter\u00eda.<\/span><\/p>\n<p style=\"text-align: justify;\"><span style=\"font-size: 12pt;\">Los recursos que reciben los usuarios, seg\u00fan explic\u00f3 la Directora (S) de Senadis, son generados por el servicio y se generaron en el contexto de la pandemia, con el fin de contribuir al acceso al trabajo, y calidad de vida de los beneficiarios directos y sus familias. Asimismo, indic\u00f3 que esta iniciativa es financiada a trav\u00e9s del Fondo Nacional de Proyectos Inclusivos (FONAPI) 2021, y que el Centro de Padres y Apoderados Fundaci\u00f3n Coanil a cargo del taller, ha sido ejecutor de 5 proyectos FONAPI.<\/span><\/p>\n<p style=\"text-align: justify;\"><span style=\"font-size: 12pt;\">Marianela Yubano, Monitora de Reposter\u00eda, coment\u00f3 su experiencia trabajando en el taller con los 15 usuarios. \u201cEn total ya llevo como 5 a\u00f1os, es una experiencia s\u00faper linda, el trabajo en s\u00ed con los chicos es muy enriquecedor, poder ver que los chicos tienen potencial y que les gusta hacer esto y que vienen con todo el \u00e1nimo al taller, es s\u00faper lindo\u201d.<\/span><\/p>\n<p style=\"text-align: justify;\"><span style=\"font-size: 12pt;\">En tanto, la Presidenta del Centro de Padres y Apoderados Fundaci\u00f3n Coanil, Alejandra Canum\u00e1n, quien lleva 4 a\u00f1os a cargo del taller se refiri\u00f3 a la importancia que tiene el trabajo para las personas con discapacidad. \u201cPara nosotros es sumamente significativo porque si bien, este es un taller en que participan j\u00f3venes y adultos con discapacidad y que no tienen otro lugar donde trabajar, que ellos puedan realizarse, hacer galletas, ayudar, en lo que es el ambiente de cocina, para nosotros es s\u00faper importante y significa m\u00e1s para ellos, porque se sienten parte de la sociedad\u201d.<\/span><\/p>\n<p style=\"text-align: justify;\"><span style=\"font-size: 12pt;\">Por su parte, Karina Acevedo se\u00f1al\u00f3 que \u201cpara nosotros como Gobierno es tremendamente importante, no solamente visitar a las organizaciones, sino conocer sus realidades, estar atenta a que estos fondos de inclusividad que tiene Senadis, sean bien ocupados, y ver qu\u00e9 m\u00e1s requieren las comunidades. Lo importante ac\u00e1, es que pudimos ver la finalizaci\u00f3n de este proyecto, pero adem\u00e1s de eso constatamos, las necesidades que tiene como agrupaci\u00f3n, el taller laboral Patagonia, y las posibilidades que han ido creciendo, junto con el desarrollo de los fondos de Senadis. Para nosotros es un desaf\u00edo poder seguir trabajando mancomunadamente, entregando la colaboraci\u00f3n y apoyo que ellos requieren para fortalecer la institucionalidad y entregar habilidades laborales, e integraci\u00f3n social, a cada uno de sus integrantes, ese ha sido el mandato del Presidente Gabriel Boric\u201d.<\/span><\/p>\n<p style=\"text-align: justify;\"><span style=\"font-size: 12pt;\">Cabe se\u00f1alar que los productos se pueden comprar directamente en la sala de ventas del Taller Laboral Patagonia, ubicado en Los Ma\u00f1\u00edos N\u00b0485; y si desean solicitar alg\u00fan producto por encargo, se puede realizar a trav\u00e9s del correo electr\u00f3nico: <a href=\"mailto:tallerlaboralpatagonia@gmail.com\">tallerlaboralpatagonia@gmail.com<\/a>.<\/span><\/p>\n<p style=\"text-align: justify;\"><span style=\"font-size: 12pt;\">\u00a0<\/span><\/p>\n<p style=\"text-align: justify;\"><span style=\"font-size: 12pt;\">\u00a0<\/span><\/p>\n<p style=\"text-align: justify;\"><span style=\"font-size: 12pt;\">\u00a0<\/span><\/p>\n<p><strong>\u00a0<\/strong><\/p>\n<p><strong>\u00a0<\/strong><\/p>\n<\/div><\/section><\/div><div  style='height:50px' class='hr hr-invisible   avia-builder-el-6  el_after_av_one_full  el_before_av_social_share '><span class='hr-inner ' ><span class='hr-inner-style'><\/span><\/span><\/div><\/p>\n<div  class='av-social-sharing-box  avia-builder-el-7  el_after_av_hr  el_before_av_hr  '><div class='av-share-box'><h5 class='av-share-link-description av-no-toc '>Compartir esta noticia<\/h5><ul class='av-share-box-list noLightbox'><li class='av-share-link av-social-link-facebook' ><a target=\"_blank\" aria-label=\"Compartir en Facebook\" href='https:\/\/www.facebook.com\/sharer.php?u=https:\/\/radiorevelacionfm.cl\/?p=27019&#038;t=Realizan%20visita%20a%20taller%20Laboral%20Patagonia%20%E2%80%9CProduciendo%20desde%20la%20Inclusi%C3%B3n%E2%80%9D' aria-hidden='false' data-av_icon='\ue8f3' data-av_iconfont='entypo-fontello' title='' data-avia-related-tooltip='Compartir en Facebook' rel=\"noopener\"><span class='avia_hidden_link_text'>Compartir en Facebook<\/span><\/a><\/li><li class='av-share-link av-social-link-twitter' ><a target=\"_blank\" aria-label=\"Compartir en Twitter\" href='https:\/\/twitter.com\/share?text=Realizan%20visita%20a%20taller%20Laboral%20Patagonia%20%E2%80%9CProduciendo%20desde%20la%20Inclusi%C3%B3n%E2%80%9D&#038;url=https:\/\/radiorevelacionfm.cl\/?p=27019' aria-hidden='false' data-av_icon='\ue8f1' data-av_iconfont='entypo-fontello' title='' data-avia-related-tooltip='Compartir en Twitter' rel=\"noopener\"><span class='avia_hidden_link_text'>Compartir en Twitter<\/span><\/a><\/li><li class='av-share-link av-social-link-whatsapp' ><a target=\"_blank\" aria-label=\"Compartir en Whatsapp\" href='https:\/\/api.whatsapp.com\/send?text=https:\/\/radiorevelacionfm.cl\/?p=27019' aria-hidden='false' data-av_icon='\uf232' data-av_iconfont='entypo-fontello' title='' data-avia-related-tooltip='Compartir en Whatsapp' rel=\"noopener\"><span class='avia_hidden_link_text'>Compartir en Whatsapp<\/span><\/a><\/li><li class='av-share-link av-social-link-linkedin' ><a target=\"_blank\" aria-label=\"Compartir en LinkedIn\" href='https:\/\/linkedin.com\/shareArticle?mini=true&#038;title=Realizan%20visita%20a%20taller%20Laboral%20Patagonia%20%E2%80%9CProduciendo%20desde%20la%20Inclusi%C3%B3n%E2%80%9D&#038;url=https:\/\/radiorevelacionfm.cl\/?p=27019' aria-hidden='false' data-av_icon='\ue8fc' data-av_iconfont='entypo-fontello' title='' data-avia-related-tooltip='Compartir en LinkedIn' rel=\"noopener\"><span class='avia_hidden_link_text'>Compartir en LinkedIn<\/span><\/a><\/li><li class='av-share-link av-social-link-mail' ><a  aria-label=\"Compartir por correo\" href='mailto:?subject=Realizan%20visita%20a%20taller%20Laboral%20Patagonia%20%E2%80%9CProduciendo%20desde%20la%20Inclusi%C3%B3n%E2%80%9D&#038;body=https:\/\/radiorevelacionfm.cl\/?p=27019' aria-hidden='false' data-av_icon='\ue805' data-av_iconfont='entypo-fontello' title='' data-avia-related-tooltip='Compartir por correo'><span class='avia_hidden_link_text'>Compartir por correo<\/span><\/a><\/li><\/ul><\/div><\/div>\n<div  style='height:50px' class='hr hr-invisible   avia-builder-el-8  el_after_av_social_share  el_before_av_comments_list '><span class='hr-inner ' ><span class='hr-inner-style'><\/span><\/span><\/div>\n<div  class='av-buildercomment  av-blog-meta-html-info-disabled av-blog-meta-tag-disabled  '><\/div>\n","protected":false},"excerpt":{"rendered":"","protected":false},"author":1,"featured_media":27020,"comment_status":"open","ping_status":"open","sticky":false,"template":"","format":"standard","meta":{"footnotes":""},"categories":[38],"tags":[],"class_list":["post-27019","post","type-post","status-publish","format-standard","has-post-thumbnail","hentry","category-regional"],"jetpack_featured_media_url":"https:\/\/radiorevelacionfm.cl\/wp-content\/uploads\/2023\/01\/taller-laboral-1-1-1.jpg","_links":{"self":[{"href":"https:\/\/radiorevelacionfm.cl\/index.php?rest_route=\/wp\/v2\/posts\/27019","targetHints":{"allow":["GET"]}}],"collection":[{"href":"https:\/\/radiorevelacionfm.cl\/index.php?rest_route=\/wp\/v2\/posts"}],"about":[{"href":"https:\/\/radiorevelacionfm.cl\/index.php?rest_route=\/wp\/v2\/types\/post"}],"author":[{"embeddable":true,"href":"https:\/\/radiorevelacionfm.cl\/index.php?rest_route=\/wp\/v2\/users\/1"}],"replies":[{"embeddable":true,"href":"https:\/\/radiorevelacionfm.cl\/index.php?rest_route=%2Fwp%2Fv2%2Fcomments&post=27019"}],"version-history":[{"count":2,"href":"https:\/\/radiorevelacionfm.cl\/index.php?rest_route=\/wp\/v2\/posts\/27019\/revisions"}],"predecessor-version":[{"id":27036,"href":"https:\/\/radiorevelacionfm.cl\/index.php?rest_route=\/wp\/v2\/posts\/27019\/revisions\/27036"}],"wp:featuredmedia":[{"embeddable":true,"href":"https:\/\/radiorevelacionfm.cl\/index.php?rest_route=\/wp\/v2\/media\/27020"}],"wp:attachment":[{"href":"https:\/\/radiorevelacionfm.cl\/index.php?rest_route=%2Fwp%2Fv2%2Fmedia&parent=27019"}],"wp:term":[{"taxonomy":"category","embeddable":true,"href":"https:\/\/radiorevelacionfm.cl\/index.php?rest_route=%2Fwp%2Fv2%2Fcategories&post=27019"},{"taxonomy":"post_tag","embeddable":true,"href":"https:\/\/radiorevelacionfm.cl\/index.php?rest_route=%2Fwp%2Fv2%2Ftags&post=27019"}],"curies":[{"name":"wp","href":"https:\/\/api.w.org\/{rel}","templated":true}]}}