{"id":27015,"date":"2023-01-25T10:00:20","date_gmt":"2023-01-25T13:00:20","guid":{"rendered":"https:\/\/radiorevelacionfm.cl\/?p=27015"},"modified":"2023-01-25T10:00:20","modified_gmt":"2023-01-25T13:00:20","slug":"empresas-con-mas-de-100-trabajadores-as-deben-incluir-a-un-gestor-de-inclusion-laboral","status":"publish","type":"post","link":"https:\/\/radiorevelacionfm.cl\/?p=27015","title":{"rendered":"Empresas con m\u00e1s de 100 trabajadores\/as deben incluir a un gestor de Inclusi\u00f3n Laboral"},"content":{"rendered":"<div class=\"flex_column av_one_full  flex_column_div av-zero-column-padding first  avia-builder-el-0  el_before_av_one_full  avia-builder-el-first  \" style='border-radius:0px; '><div  class='avia-image-container  av-styling-    avia-builder-el-1  avia-builder-el-no-sibling  avia-align-center '  itemprop=\"image\" itemscope=\"itemscope\" itemtype=\"https:\/\/schema.org\/ImageObject\"  ><div class='avia-image-container-inner'><div class='avia-image-overlay-wrap'><img decoding=\"async\" class='wp-image-27016 avia-img-lazy-loading-not-27016 avia_image' src=\"https:\/\/radiorevelacionfm.cl\/wp-content\/uploads\/2023\/01\/charla_gestorinclusionlaboral_1-1_optimized.jpg\" alt='' title='charla_gestorinclusionlaboral_1-(1)_optimized' height=\"600\" width=\"800\"  itemprop=\"thumbnailUrl\" srcset=\"https:\/\/radiorevelacionfm.cl\/wp-content\/uploads\/2023\/01\/charla_gestorinclusionlaboral_1-1_optimized.jpg 800w, https:\/\/radiorevelacionfm.cl\/wp-content\/uploads\/2023\/01\/charla_gestorinclusionlaboral_1-1_optimized-300x225.jpg 300w, https:\/\/radiorevelacionfm.cl\/wp-content\/uploads\/2023\/01\/charla_gestorinclusionlaboral_1-1_optimized-768x576.jpg 768w, https:\/\/radiorevelacionfm.cl\/wp-content\/uploads\/2023\/01\/charla_gestorinclusionlaboral_1-1_optimized-705x529.jpg 705w, https:\/\/radiorevelacionfm.cl\/wp-content\/uploads\/2023\/01\/charla_gestorinclusionlaboral_1-1_optimized-600x450.jpg 600w\" sizes=\"(max-width: 800px) 100vw, 800px\" \/><\/div><\/div><\/div><\/div><div class=\"flex_column av_one_full  flex_column_div av-zero-column-padding first  avia-builder-el-2  el_after_av_one_full  el_before_av_one_full  column-top-margin\" style='border-radius:0px; '><section class=\"av_textblock_section \"  itemscope=\"itemscope\" itemtype=\"https:\/\/schema.org\/BlogPosting\" itemprop=\"blogPost\" ><div class='avia_textblock  '   itemprop=\"text\" ><p style=\"text-align: center;\"><span style=\"font-size: 18pt;\"><strong><span lang=\"ES-TRAD\">Empresas con m\u00e1s de 100 trabajadores\/as deben incluir a un gestor de Inclusi\u00f3n Laboral<\/span><\/strong><\/span><\/p>\n<div id=\"gtx-trans\" style=\"position: absolute; left: -50px; top: 4.31534px;\">\n<div class=\"gtx-trans-icon\"><\/div>\n<\/div>\n<\/div><\/section><\/div><div class=\"flex_column av_one_full  flex_column_div av-zero-column-padding first  avia-builder-el-4  el_after_av_one_full  el_before_av_hr  column-top-margin\" style='border-radius:0px; '><section class=\"av_textblock_section \"  itemscope=\"itemscope\" itemtype=\"https:\/\/schema.org\/BlogPosting\" itemprop=\"blogPost\" ><div class='avia_textblock  '   itemprop=\"text\" ><p class=\"v1MsoNormal\" style=\"text-align: justify;\"><span lang=\"ES\">Con la participaci\u00f3n de empresas, instituciones y organizaciones como Senadis, Rehabilita, el COSOC del Servicio Nacional de Capacitaci\u00f3n y Empleo, Sence, OMIL Coyhaique, entre otros, se desarroll\u00f3 en Coyhaique la primera charla sobre el Gestor\/a de Inclusi\u00f3n laboral, organizada por ChileValora, Sence y la Direcci\u00f3n del Trabajo.<\/span><\/p>\n<p class=\"v1MsoNormal\" style=\"text-align: justify;\"><span lang=\"ES\">Los detalles de la actividad los entreg\u00f3 la coordinadora regional de ChileValora, Valeska Valenzuela, \u00abFue una charla informativa en el marco de la Ley 21.275 de inclusi\u00f3n laboral, que exige a las empresas de m\u00e1s de 100 trabajadores, incluir en su \u00e1rea de recursos humanos, a un gestor\/a de inclusi\u00f3n laboral. Es por ello que ChileValora, en conjunto con la Direcci\u00f3n del Trabajo como organismo fiscalizador, y Sence, como parte del organismo sectorial de competencias laborales, realiz\u00f3 este primer encuentro que tuvo como prop\u00f3sito difundir el proceso de evaluaci\u00f3n y certificaci\u00f3n de competencias laborales del perfil ocupacional de gestor\/a de inclusi\u00f3n laboral, debido a que es un requisito que este gestor est\u00e9 certificado por el Sistema Nacional de Competencias Laborales, ChileValora, y cuyo objetivo en la empresa, ser\u00e1 crear e implementar este plan de inclusi\u00f3n laboral\u00bb, asegur\u00f3.<\/span><\/p>\n<p class=\"v1MsoNormal\" style=\"text-align: justify;\"><span lang=\"ES\">Con respecto a la norma, el Seremi de Trabajo y Previsi\u00f3n Social, Rodrigo D\u00edaz, aclar\u00f3, \u00abesta modificaci\u00f3n al C\u00f3digo del Trabajo, que entr\u00f3 en vigencia en noviembre del 2022, busca promover pol\u00edticas en materia de inclusi\u00f3n laboral y diversidad, donde este gestor de inclusi\u00f3n laboral -que debe estar contratado por la empresa- deber\u00e1 desarrollar un plan anual de capacitaci\u00f3n a los dem\u00e1s trabajadores en materia de inclusi\u00f3n, debe tener conocimientos espec\u00edficos para fomentar la inclusi\u00f3n de personas con discapacidad, como en la selecci\u00f3n de personal, lo cual se demuestra a trav\u00e9s de esta certificaci\u00f3n de competencias que entrega ChileValora. Destacamos enormemente la responsabilidad que ha tomado ChileValora en cuanto a apoyar la implementaci\u00f3n de esta normativa, para que as\u00ed esta ley se materialice de buena manera y que sea un aporte real a la inclusi\u00f3n de las personas con discapacidad. Aqu\u00ed todos debemos aportar en incluir a todas las personas, potenciando sus habilidades, en el mundo laboral y como Gobierno estamos reforzando este tipo de medidas, que promuevan oportunidades reales y concretas. En nuestra Regi\u00f3n de Ays\u00e9n ya hay varias empresas que est\u00e1n acreditando a trabajadores\/as o que ya cuentan con un gestor y esperamos que m\u00e1s empresas se sumen lo antes posible, para cumplir as\u00ed con la ley\u00bb, afirm\u00f3.<\/span><\/p>\n<p class=\"v1MsoNormal\" style=\"text-align: justify;\"><span lang=\"ES\">Por su parte, la Direcci\u00f3n del Trabajo, DT, realiz\u00f3 una capacitaci\u00f3n con respecto a ley n\u00b0 21.275 de inclusi\u00f3n laboral y su rol como fiscalizador de su cumplimiento.<\/span><\/p>\n<p class=\"v1MsoNormal\" style=\"text-align: justify;\"><span lang=\"ES\">En este sentido el Director regional(s) de la DT, Christian Aros, realiz\u00f3 un llamado a las empresas a informarse, recordando que \u00ablos empleadores del sector privado con m\u00e1s de 100 trabajadores, deben realizar una comunicaci\u00f3n electr\u00f3nica a la Direcci\u00f3n del Trabajo, durante el mes de enero de cada a\u00f1o -reportando la informaci\u00f3n del a\u00f1o anterior-, informando el n\u00famero total de trabajadores, n\u00famero de personas en situaci\u00f3n de discapacidad que deb\u00edan ser contratadas y el n\u00famero de contratos vigentes que mantienen con personas en situaci\u00f3n de discapacidad o asignatarias de una pensi\u00f3n de invalidez.\u00bb, puntualiz\u00f3.<\/span><\/p>\n<p class=\"v1MsoNormal\" style=\"text-align: justify;\"><span lang=\"ES\">Aros se\u00f1al\u00f3 que las empresas que efectuaron esta comunicaci\u00f3n durante el a\u00f1o 2022 alcanzaron un total de 2.357 a nivel nacional, siendo 7 de nuestra Regi\u00f3n de Ays\u00e9n. Respecto a la cantidad de contratos de personas en situaci\u00f3n de discapacidad y\/o asignatarios de pensi\u00f3n de invalidez, registrados, indic\u00f3 que ascienden a un total de 686 trabajadores\/as en la regi\u00f3n desde la entrada en vigencia de la ley al a\u00f1o 2022; existiendo actualmente 422 contratos vigentes, en un total de 184 empresas regionalmente.<\/span><\/p>\n<p class=\"v1MsoNormal\" style=\"text-align: justify;\"><span lang=\"ES\">Valeska Valenzuela adem\u00e1s se refiri\u00f3 a c\u00f3mo acceder a la informaci\u00f3n para acreditarse, \u00abPara m\u00e1s informaci\u00f3n pueden acceder a\u00a0<a href=\"http:\/\/www.chilevalora.cl\/\" target=\"_blank\" rel=\"noopener noreferrer\">www.chilevalora.cl<\/a>, donde podr\u00e1n encontrar datos de contacto de los diferentes centros evaluadores que se encuentran acreditados por este sistema de certificaci\u00f3n de evaluaci\u00f3n de competencias laborales\u00bb, teniendo en cuenta que actualmente son 10 los centros evaluadores que poseen este perfil en Chile. Para quienes requieran informaci\u00f3n, tambi\u00e9n pueden enviar un correo electr\u00f3nico a\u00a0<\/span><span lang=\"ES\"><a href=\"mailto:vvalenzuela@chilevalora.cl\" rel=\"noreferrer\">vvalenzuela@chilevalora.cl<\/a><\/span><span lang=\"ES\">.<\/span><\/p>\n<\/div><\/section><\/div><div  style='height:50px' class='hr hr-invisible   avia-builder-el-6  el_after_av_one_full  el_before_av_social_share '><span class='hr-inner ' ><span class='hr-inner-style'><\/span><\/span><\/div><\/p>\n<div  class='av-social-sharing-box  avia-builder-el-7  el_after_av_hr  el_before_av_hr  '><div class='av-share-box'><h5 class='av-share-link-description av-no-toc '>Compartir esta noticia<\/h5><ul class='av-share-box-list noLightbox'><li class='av-share-link av-social-link-facebook' ><a target=\"_blank\" aria-label=\"Compartir en Facebook\" href='https:\/\/www.facebook.com\/sharer.php?u=https:\/\/radiorevelacionfm.cl\/?p=27015&#038;t=Empresas%20con%20m%C3%A1s%20de%20100%20trabajadores%2Fas%20deben%20incluir%20a%20un%20gestor%20de%20Inclusi%C3%B3n%20Laboral' aria-hidden='false' data-av_icon='\ue8f3' data-av_iconfont='entypo-fontello' title='' data-avia-related-tooltip='Compartir en Facebook' rel=\"noopener\"><span class='avia_hidden_link_text'>Compartir en Facebook<\/span><\/a><\/li><li class='av-share-link av-social-link-twitter' ><a target=\"_blank\" aria-label=\"Compartir en Twitter\" href='https:\/\/twitter.com\/share?text=Empresas%20con%20m%C3%A1s%20de%20100%20trabajadores%2Fas%20deben%20incluir%20a%20un%20gestor%20de%20Inclusi%C3%B3n%20Laboral&#038;url=https:\/\/radiorevelacionfm.cl\/?p=27015' aria-hidden='false' data-av_icon='\ue8f1' data-av_iconfont='entypo-fontello' title='' data-avia-related-tooltip='Compartir en Twitter' rel=\"noopener\"><span class='avia_hidden_link_text'>Compartir en Twitter<\/span><\/a><\/li><li class='av-share-link av-social-link-whatsapp' ><a target=\"_blank\" aria-label=\"Compartir en Whatsapp\" href='https:\/\/api.whatsapp.com\/send?text=https:\/\/radiorevelacionfm.cl\/?p=27015' aria-hidden='false' data-av_icon='\uf232' data-av_iconfont='entypo-fontello' title='' data-avia-related-tooltip='Compartir en Whatsapp' rel=\"noopener\"><span class='avia_hidden_link_text'>Compartir en Whatsapp<\/span><\/a><\/li><li class='av-share-link av-social-link-linkedin' ><a target=\"_blank\" aria-label=\"Compartir en LinkedIn\" href='https:\/\/linkedin.com\/shareArticle?mini=true&#038;title=Empresas%20con%20m%C3%A1s%20de%20100%20trabajadores%2Fas%20deben%20incluir%20a%20un%20gestor%20de%20Inclusi%C3%B3n%20Laboral&#038;url=https:\/\/radiorevelacionfm.cl\/?p=27015' aria-hidden='false' data-av_icon='\ue8fc' data-av_iconfont='entypo-fontello' title='' data-avia-related-tooltip='Compartir en LinkedIn' rel=\"noopener\"><span class='avia_hidden_link_text'>Compartir en LinkedIn<\/span><\/a><\/li><li class='av-share-link av-social-link-mail' ><a  aria-label=\"Compartir por correo\" href='mailto:?subject=Empresas%20con%20m%C3%A1s%20de%20100%20trabajadores%2Fas%20deben%20incluir%20a%20un%20gestor%20de%20Inclusi%C3%B3n%20Laboral&#038;body=https:\/\/radiorevelacionfm.cl\/?p=27015' aria-hidden='false' data-av_icon='\ue805' data-av_iconfont='entypo-fontello' title='' data-avia-related-tooltip='Compartir por correo'><span class='avia_hidden_link_text'>Compartir por correo<\/span><\/a><\/li><\/ul><\/div><\/div>\n<div  style='height:50px' class='hr hr-invisible   avia-builder-el-8  el_after_av_social_share  el_before_av_comments_list '><span class='hr-inner ' ><span class='hr-inner-style'><\/span><\/span><\/div>\n<div  class='av-buildercomment  av-blog-meta-html-info-disabled av-blog-meta-tag-disabled  '><\/div>\n","protected":false},"excerpt":{"rendered":"","protected":false},"author":1,"featured_media":27016,"comment_status":"open","ping_status":"open","sticky":false,"template":"","format":"standard","meta":{"footnotes":""},"categories":[56],"tags":[],"class_list":["post-27015","post","type-post","status-publish","format-standard","has-post-thumbnail","hentry","category-trabajo"],"jetpack_featured_media_url":"https:\/\/radiorevelacionfm.cl\/wp-content\/uploads\/2023\/01\/charla_gestorinclusionlaboral_1-1_optimized.jpg","_links":{"self":[{"href":"https:\/\/radiorevelacionfm.cl\/index.php?rest_route=\/wp\/v2\/posts\/27015","targetHints":{"allow":["GET"]}}],"collection":[{"href":"https:\/\/radiorevelacionfm.cl\/index.php?rest_route=\/wp\/v2\/posts"}],"about":[{"href":"https:\/\/radiorevelacionfm.cl\/index.php?rest_route=\/wp\/v2\/types\/post"}],"author":[{"embeddable":true,"href":"https:\/\/radiorevelacionfm.cl\/index.php?rest_route=\/wp\/v2\/users\/1"}],"replies":[{"embeddable":true,"href":"https:\/\/radiorevelacionfm.cl\/index.php?rest_route=%2Fwp%2Fv2%2Fcomments&post=27015"}],"version-history":[{"count":2,"href":"https:\/\/radiorevelacionfm.cl\/index.php?rest_route=\/wp\/v2\/posts\/27015\/revisions"}],"predecessor-version":[{"id":27038,"href":"https:\/\/radiorevelacionfm.cl\/index.php?rest_route=\/wp\/v2\/posts\/27015\/revisions\/27038"}],"wp:featuredmedia":[{"embeddable":true,"href":"https:\/\/radiorevelacionfm.cl\/index.php?rest_route=\/wp\/v2\/media\/27016"}],"wp:attachment":[{"href":"https:\/\/radiorevelacionfm.cl\/index.php?rest_route=%2Fwp%2Fv2%2Fmedia&parent=27015"}],"wp:term":[{"taxonomy":"category","embeddable":true,"href":"https:\/\/radiorevelacionfm.cl\/index.php?rest_route=%2Fwp%2Fv2%2Fcategories&post=27015"},{"taxonomy":"post_tag","embeddable":true,"href":"https:\/\/radiorevelacionfm.cl\/index.php?rest_route=%2Fwp%2Fv2%2Ftags&post=27015"}],"curies":[{"name":"wp","href":"https:\/\/api.w.org\/{rel}","templated":true}]}}