{"id":27012,"date":"2023-01-24T18:17:38","date_gmt":"2023-01-24T21:17:38","guid":{"rendered":"https:\/\/radiorevelacionfm.cl\/?p=27012"},"modified":"2023-01-24T18:17:38","modified_gmt":"2023-01-24T21:17:38","slug":"ximena-ordenes-llama-dejar-la-indiferencia-por-la-unidad-de-cardiologia-y-priorizar-de-manera-urgente-un-angiografo-para-la-region-de-aysen","status":"publish","type":"post","link":"https:\/\/radiorevelacionfm.cl\/?p=27012","title":{"rendered":"Ximena Ordenes llama dejar la indiferencia por la Unidad de Cardiolog\u00eda y priorizar de manera urgente un angi\u00f3grafo para la regi\u00f3n de Ays\u00e9n"},"content":{"rendered":"<div class=\"flex_column av_one_full  flex_column_div av-zero-column-padding first  avia-builder-el-0  el_before_av_one_full  avia-builder-el-first  \" style='border-radius:0px; '><div  class='avia-image-container  av-styling-    avia-builder-el-1  avia-builder-el-no-sibling  avia-align-center '  itemprop=\"image\" itemscope=\"itemscope\" itemtype=\"https:\/\/schema.org\/ImageObject\"  ><div class='avia-image-container-inner'><div class='avia-image-overlay-wrap'><img decoding=\"async\" class='wp-image-27013 avia-img-lazy-loading-not-27013 avia_image' src=\"https:\/\/radiorevelacionfm.cl\/wp-content\/uploads\/2023\/01\/XIMENA-ORDENES3-1-1.jpg\" alt='' title='XIMENA ORDENES3 (1) (1)' height=\"600\" width=\"900\"  itemprop=\"thumbnailUrl\" srcset=\"https:\/\/radiorevelacionfm.cl\/wp-content\/uploads\/2023\/01\/XIMENA-ORDENES3-1-1.jpg 900w, https:\/\/radiorevelacionfm.cl\/wp-content\/uploads\/2023\/01\/XIMENA-ORDENES3-1-1-300x200.jpg 300w, https:\/\/radiorevelacionfm.cl\/wp-content\/uploads\/2023\/01\/XIMENA-ORDENES3-1-1-768x512.jpg 768w, https:\/\/radiorevelacionfm.cl\/wp-content\/uploads\/2023\/01\/XIMENA-ORDENES3-1-1-705x470.jpg 705w, https:\/\/radiorevelacionfm.cl\/wp-content\/uploads\/2023\/01\/XIMENA-ORDENES3-1-1-600x400.jpg 600w\" sizes=\"(max-width: 900px) 100vw, 900px\" \/><\/div><\/div><\/div><\/div><div class=\"flex_column av_one_full  flex_column_div av-zero-column-padding first  avia-builder-el-2  el_after_av_one_full  el_before_av_one_full  column-top-margin\" style='border-radius:0px; '><section class=\"av_textblock_section \"  itemscope=\"itemscope\" itemtype=\"https:\/\/schema.org\/BlogPosting\" itemprop=\"blogPost\" ><div class='avia_textblock  '   itemprop=\"text\" ><p style=\"text-align: center;\"><strong><span style=\"font-size: 18pt;\">Ximena Ordenes llama dejar la indiferencia por la Unidad de Cardiolog\u00eda y priorizar de manera urgente un angi\u00f3grafo para la regi\u00f3n de Ays\u00e9n<\/span><\/strong><\/p>\n<div id=\"gtx-trans\" style=\"position: absolute; left: -50px; top: 4.31534px;\">\n<div class=\"gtx-trans-icon\"><\/div>\n<\/div>\n<\/div><\/section><\/div><div class=\"flex_column av_one_full  flex_column_div av-zero-column-padding first  avia-builder-el-4  el_after_av_one_full  el_before_av_hr  column-top-margin\" style='border-radius:0px; '><section class=\"av_textblock_section \"  itemscope=\"itemscope\" itemtype=\"https:\/\/schema.org\/BlogPosting\" itemprop=\"blogPost\" ><div class='avia_textblock  '   itemprop=\"text\" ><p style=\"text-align: justify;\">Este equipamiento sumado al equipo de especialistas, permitir\u00e1 atenci\u00f3n oportuna a pacientes con problemas cardiovasculares, evitando as\u00ed, un traslado, que muchas veces empeora m\u00e1s su condici\u00f3n y a la vez deja la dependencia de un avi\u00f3n ambulancia, considerando los altos costos que ello significa.<\/p>\n<p style=\"text-align: justify;\">Las enfermedades cardiovasculares representan la principal causa de mortalidad en la poblaci\u00f3n adulta en Chile. En ese sentido, la poblaci\u00f3n de la regi\u00f3n de Ays\u00e9n no cuenta con acceso oportuno a diagn\u00f3stico y tratamiento avanzado en patolog\u00edas cardiovasculares, debiendo salir de la regi\u00f3n, considerando los altos costos que ello significa y el desarraigo familiar, donde los tiempos del tratamiento generalmente son extensos.<\/p>\n<p style=\"text-align: justify;\">Es importante mencionar que los efectos del problema son, los elevados tiempos de espera en pacientes cardiovasculares, las complicaciones y reiteraciones de epis\u00f3dicos patol\u00f3gicos que generar deterioro progresivo en su calidad de vida y la mortalidad en espera de un tratamiento o diagn\u00f3stico avanzado.<\/p>\n<p style=\"text-align: justify;\">Por ello la urgencia de contar con equipamiento de alta tecnolog\u00eda y que permitir\u00eda atender en la regi\u00f3n estos graves y recurrentes problemas de salud, hablamos de un angiografo, el que, adem\u00e1s, debe considerar un equipo de profesionales, ya que, hoy existen los especialistas, pero no el equipamiento. Esto es algo que la Senadora por Ays\u00e9n Ximena Ordenes ha manifestado a nivel regional y con las m\u00e1s altas autoridades del pa\u00eds.<\/p>\n<p style=\"text-align: justify;\">La Parlamentaria se\u00f1al\u00f3 que, \u201cestamos en el peor de los mundos para enfrentar las enfermedades cardiovasculares de la regi\u00f3n, hace un a\u00f1o y medio ten\u00edamos los presupuestos, el Decreto del Ministerio de Hacienda y dos cardi\u00f3logos, y hoy d\u00eda nos vamos a quedar sin nada, porque ha existido una permanente indiferencia desde el sector salud para comprar un angi\u00f3grafo, para diagnosticar y tratar las enfermedades cardiovasculares, produciendo un gasto enorme en traslado de pacientes que llegan con secuelas y sin tratamiento oportuno\u201d.<\/p>\n<p style=\"text-align: justify;\">En la actualidad para abordar urgencias de enfermedades cardiovasculares se utiliza un avi\u00f3n ambulancia, que por lo dem\u00e1s, no est\u00e1 totalmente habilitado para aquello, sino m\u00e1s bien es un medio comercial que se utiliza para traslados aerom\u00e9dicos. Tambi\u00e9n el avi\u00f3n ambulancia tienen no solo costos econ\u00f3micos, sino que las personas llegan con secuelas productos del tard\u00edo tratamiento, por eso es una ilusi\u00f3n de mejora. Si se eval\u00faan los costos de traslados por cada paciente y acompa\u00f1ante, m\u00e1s el alojamiento en regi\u00f3n destino, son en promedio m\u00e1s seis millones de pesos solo en el avi\u00f3n ambulancia, que realiza al menos 25 traslados anuales de pacientes fuera de la regi\u00f3n.<\/p>\n<p style=\"text-align: justify;\">La Unidad de Hemodin\u00e1mia tendr\u00eda un costo aproximando de cerca de cuatro mil millones, recursos que fueron comprometidos en el a\u00f1o 2021 por la Directora de Presupuesto Cristina Torres Delgado quien inform\u00f3 al Subsecretario de Redes Asistenciales la priorizaci\u00f3n para la unidad de hemodin\u00e1mia para la regi\u00f3n de Ays\u00e9n, situaci\u00f3n que a\u00fan no se materializa.<\/p>\n<\/div><\/section><\/div><div  style='height:50px' class='hr hr-invisible   avia-builder-el-6  el_after_av_one_full  el_before_av_social_share '><span class='hr-inner ' ><span class='hr-inner-style'><\/span><\/span><\/div><\/p>\n<div  class='av-social-sharing-box  avia-builder-el-7  el_after_av_hr  el_before_av_hr  '><div class='av-share-box'><h5 class='av-share-link-description av-no-toc '>Compartir esta noticia<\/h5><ul class='av-share-box-list noLightbox'><li class='av-share-link av-social-link-facebook' ><a target=\"_blank\" aria-label=\"Compartir en Facebook\" href='https:\/\/www.facebook.com\/sharer.php?u=https:\/\/radiorevelacionfm.cl\/?p=27012&#038;t=Ximena%20Ordenes%20llama%20dejar%20la%20indiferencia%20por%20la%20Unidad%20de%20Cardiolog%C3%ADa%20y%20priorizar%20de%20manera%20urgente%20un%20angi%C3%B3grafo%20para%20la%20regi%C3%B3n%20de%20Ays%C3%A9n' aria-hidden='false' data-av_icon='\ue8f3' data-av_iconfont='entypo-fontello' title='' data-avia-related-tooltip='Compartir en Facebook' rel=\"noopener\"><span class='avia_hidden_link_text'>Compartir en Facebook<\/span><\/a><\/li><li class='av-share-link av-social-link-twitter' ><a target=\"_blank\" aria-label=\"Compartir en Twitter\" href='https:\/\/twitter.com\/share?text=Ximena%20Ordenes%20llama%20dejar%20la%20indiferencia%20por%20la%20Unidad%20de%20Cardiolog%C3%ADa%20y%20priorizar%20de%20manera%20urgente%20un%20angi%C3%B3grafo%20para%20la%20regi%C3%B3n%20de%20Ays%C3%A9n&#038;url=https:\/\/radiorevelacionfm.cl\/?p=27012' aria-hidden='false' data-av_icon='\ue8f1' data-av_iconfont='entypo-fontello' title='' data-avia-related-tooltip='Compartir en Twitter' rel=\"noopener\"><span class='avia_hidden_link_text'>Compartir en Twitter<\/span><\/a><\/li><li class='av-share-link av-social-link-whatsapp' ><a target=\"_blank\" aria-label=\"Compartir en Whatsapp\" href='https:\/\/api.whatsapp.com\/send?text=https:\/\/radiorevelacionfm.cl\/?p=27012' aria-hidden='false' data-av_icon='\uf232' data-av_iconfont='entypo-fontello' title='' data-avia-related-tooltip='Compartir en Whatsapp' rel=\"noopener\"><span class='avia_hidden_link_text'>Compartir en Whatsapp<\/span><\/a><\/li><li class='av-share-link av-social-link-linkedin' ><a target=\"_blank\" aria-label=\"Compartir en LinkedIn\" href='https:\/\/linkedin.com\/shareArticle?mini=true&#038;title=Ximena%20Ordenes%20llama%20dejar%20la%20indiferencia%20por%20la%20Unidad%20de%20Cardiolog%C3%ADa%20y%20priorizar%20de%20manera%20urgente%20un%20angi%C3%B3grafo%20para%20la%20regi%C3%B3n%20de%20Ays%C3%A9n&#038;url=https:\/\/radiorevelacionfm.cl\/?p=27012' aria-hidden='false' data-av_icon='\ue8fc' data-av_iconfont='entypo-fontello' title='' data-avia-related-tooltip='Compartir en LinkedIn' rel=\"noopener\"><span class='avia_hidden_link_text'>Compartir en LinkedIn<\/span><\/a><\/li><li class='av-share-link av-social-link-mail' ><a  aria-label=\"Compartir por correo\" href='mailto:?subject=Ximena%20Ordenes%20llama%20dejar%20la%20indiferencia%20por%20la%20Unidad%20de%20Cardiolog%C3%ADa%20y%20priorizar%20de%20manera%20urgente%20un%20angi%C3%B3grafo%20para%20la%20regi%C3%B3n%20de%20Ays%C3%A9n&#038;body=https:\/\/radiorevelacionfm.cl\/?p=27012' aria-hidden='false' data-av_icon='\ue805' data-av_iconfont='entypo-fontello' title='' data-avia-related-tooltip='Compartir por correo'><span class='avia_hidden_link_text'>Compartir por correo<\/span><\/a><\/li><\/ul><\/div><\/div>\n<div  style='height:50px' class='hr hr-invisible   avia-builder-el-8  el_after_av_social_share  el_before_av_comments_list '><span class='hr-inner ' ><span class='hr-inner-style'><\/span><\/span><\/div>\n<div  class='av-buildercomment  av-blog-meta-html-info-disabled av-blog-meta-tag-disabled  '><\/div>\n","protected":false},"excerpt":{"rendered":"","protected":false},"author":1,"featured_media":27013,"comment_status":"open","ping_status":"open","sticky":false,"template":"","format":"standard","meta":{"footnotes":""},"categories":[35],"tags":[],"class_list":["post-27012","post","type-post","status-publish","format-standard","has-post-thumbnail","hentry","category-politica"],"jetpack_featured_media_url":"https:\/\/radiorevelacionfm.cl\/wp-content\/uploads\/2023\/01\/XIMENA-ORDENES3-1-1.jpg","_links":{"self":[{"href":"https:\/\/radiorevelacionfm.cl\/index.php?rest_route=\/wp\/v2\/posts\/27012","targetHints":{"allow":["GET"]}}],"collection":[{"href":"https:\/\/radiorevelacionfm.cl\/index.php?rest_route=\/wp\/v2\/posts"}],"about":[{"href":"https:\/\/radiorevelacionfm.cl\/index.php?rest_route=\/wp\/v2\/types\/post"}],"author":[{"embeddable":true,"href":"https:\/\/radiorevelacionfm.cl\/index.php?rest_route=\/wp\/v2\/users\/1"}],"replies":[{"embeddable":true,"href":"https:\/\/radiorevelacionfm.cl\/index.php?rest_route=%2Fwp%2Fv2%2Fcomments&post=27012"}],"version-history":[{"count":2,"href":"https:\/\/radiorevelacionfm.cl\/index.php?rest_route=\/wp\/v2\/posts\/27012\/revisions"}],"predecessor-version":[{"id":27029,"href":"https:\/\/radiorevelacionfm.cl\/index.php?rest_route=\/wp\/v2\/posts\/27012\/revisions\/27029"}],"wp:featuredmedia":[{"embeddable":true,"href":"https:\/\/radiorevelacionfm.cl\/index.php?rest_route=\/wp\/v2\/media\/27013"}],"wp:attachment":[{"href":"https:\/\/radiorevelacionfm.cl\/index.php?rest_route=%2Fwp%2Fv2%2Fmedia&parent=27012"}],"wp:term":[{"taxonomy":"category","embeddable":true,"href":"https:\/\/radiorevelacionfm.cl\/index.php?rest_route=%2Fwp%2Fv2%2Fcategories&post=27012"},{"taxonomy":"post_tag","embeddable":true,"href":"https:\/\/radiorevelacionfm.cl\/index.php?rest_route=%2Fwp%2Fv2%2Ftags&post=27012"}],"curies":[{"name":"wp","href":"https:\/\/api.w.org\/{rel}","templated":true}]}}