{"id":2701,"date":"2021-02-15T19:52:47","date_gmt":"2021-02-15T22:52:47","guid":{"rendered":"https:\/\/radiorevelacionfm.cl\/?p=2701"},"modified":"2021-02-17T11:59:59","modified_gmt":"2021-02-17T14:59:59","slug":"pdi-aysen-recorre-el-sector-norte-de-la-region-fiscalizando-condicion-migratoria-de-ciudadanos-extranjeros","status":"publish","type":"post","link":"https:\/\/radiorevelacionfm.cl\/?p=2701","title":{"rendered":"PDI Ays\u00e9n recorre el sector norte de la regi\u00f3n fiscalizando condici\u00f3n migratoria de ciudadanos extranjeros"},"content":{"rendered":"<div class=\"flex_column av_one_full  flex_column_div av-zero-column-padding first  avia-builder-el-0  el_before_av_one_full  avia-builder-el-first  \" style='border-radius:0px; '><div  class='avia-image-container  av-styling-    avia-builder-el-1  avia-builder-el-no-sibling  avia-align-center '  itemprop=\"image\" itemscope=\"itemscope\" itemtype=\"https:\/\/schema.org\/ImageObject\"  ><div class='avia-image-container-inner'><div class='avia-image-overlay-wrap'><img decoding=\"async\" class='wp-image-0 avia-img-lazy-loading-not-0 avia_image' src=\"https:\/\/radiorevelacionfm.cl\/wp-content\/uploads\/2021\/02\/PDI-fiscalizaciones.jpg\" alt='' title=''   itemprop=\"thumbnailUrl\"  \/><\/div><\/div><\/div><\/div><div class=\"flex_column av_one_full  flex_column_div av-zero-column-padding first  avia-builder-el-2  el_after_av_one_full  el_before_av_one_full  column-top-margin\" style='border-radius:0px; '><section class=\"av_textblock_section \"  itemscope=\"itemscope\" itemtype=\"https:\/\/schema.org\/BlogPosting\" itemprop=\"blogPost\" ><div class='avia_textblock  '   itemprop=\"text\" ><p style=\"text-align: center;\"><span style=\"font-size: 18pt;\"><strong>PDI Ays\u00e9n recorre el sector norte de la regi\u00f3n fiscalizando condici\u00f3n migratoria de ciudadanos extranjeros<\/strong><\/span><\/p>\n<div id=\"gtx-trans\" style=\"position: absolute; left: -50px; top: 4.31534px;\">\n<div class=\"gtx-trans-icon\"><\/div>\n<\/div>\n<\/div><\/section><\/div><div class=\"flex_column av_one_full  flex_column_div av-zero-column-padding first  avia-builder-el-4  el_after_av_one_full  el_before_av_hr  column-top-margin\" style='border-radius:0px; '><section class=\"av_textblock_section \"  itemscope=\"itemscope\" itemtype=\"https:\/\/schema.org\/BlogPosting\" itemprop=\"blogPost\" ><div class='avia_textblock  '   itemprop=\"text\" ><p style=\"text-align: justify;\">Con el fin de verificar en terreno la condici\u00f3n migratoria de ciudadanos extranjeros que residen en diferentes puntos de la provincia de Ays\u00e9n, o de turistas que visitan los distintos puntos de la zona, detectives de la Secci\u00f3n de Migraciones y Polic\u00eda Internacional Ays\u00e9n de la PDI recorrieron las localidades del extremo norte de la regi\u00f3n.<\/p>\n<p style=\"text-align: justify;\">Al respecto, el jefe de la Secci\u00f3n Migraciones Ays\u00e9n, subcomisario Hans Suazo, indic\u00f3 que entre los d\u00edas lunes 8 y martes 9 de febrero, \u201cse efectu\u00f3 un servicio de fiscalizaci\u00f3n en distintos puntos, tanto urbanos como rurales, en las localidades de Cisnes, La Junta y Tapera de las comunas de Puerto Cisnes y Lago Verde, controlando a las personas para verificar su situaci\u00f3n migratoria y el cumplimiento de las medidas sanitarias\u201d. En ese sentido, \u201cse les recomend\u00f3 informarse de la documentaci\u00f3n y de las normas que rigen dentro de la regi\u00f3n para poder desplazarse de un lugar a otro\u201d, a\u00f1adi\u00f3 el jefe de la unidad.<\/p>\n<p style=\"text-align: justify;\">Entre los consultados destacaron ciudadanos franceses, alemanes, haitianos, colombianos, brit\u00e1nicos y chilenos, quienes pr\u00e1cticamente en su totalidad manten\u00edan su situaci\u00f3n migratoria al d\u00eda, denunciando a la autoridad administrativa solamente a una persona de nacionalidad colombiana por infringir el art\u00edculo N\u00b0 71 de la Ley de Extranjer\u00eda, al permanecer de forma irregular en el pa\u00eds.<\/p>\n<p style=\"text-align: justify;\">Adem\u00e1s, durante el servicio se les recomend\u00f3 a los ciudadanos extranjeros \u201cmantener permanentemente actualizada su informaci\u00f3n para no incurrir en infracciones a la normativa vigente\u201d, puntualiz\u00f3 el subcomisario Suazo, ya que una de las infracciones m\u00e1s frecuente por parte de los ciudadanos extranjeros es no informar el cambio de su domicilio y\/o empleador, contemplado en el art\u00edculo N\u00b0 72 de la Ley de Extranjer\u00eda, instando a las personas a mantener actualizada su informaci\u00f3n en los registros que la PDI mantiene al respecto, para evitar irregularidades e incumplimientos al cuerpo legal.<\/p>\n<p style=\"text-align: justify;\">De acuerdo a lo informado por el jefe de la unidad especializada, este tipo de servicios focalizados se seguir\u00e1n realizando, \u201cno solo con el fin de cumplir con el rol fiscalizador de la PDI en distintos puntos de la provincia, sino que tambi\u00e9n con la finalidad de orientar a los ciudadanos extranjeros frente a la Ley de Extranjer\u00eda, educando sobre los principales aspectos a considerar para no cometer irregularidades\u201d, se\u00f1al\u00f3 el subcomisario Suazo, realizando un llamado a las personas que no se encuentren con su documentaci\u00f3n al d\u00eda a que \u201cse acerquen a alguna unidad de la PDI, tanto de Coyhaique como de Puerto Ays\u00e9n, para poder orientarlos y que puedan regularizar su situaci\u00f3n en nuestro pa\u00eds\u201d, finaliz\u00f3 el jefe de la unidad especializada.<\/p>\n<\/div><\/section><\/div><div  style='height:50px' class='hr hr-invisible   avia-builder-el-6  el_after_av_one_full  el_before_av_social_share '><span class='hr-inner ' ><span class='hr-inner-style'><\/span><\/span><\/div><\/p>\n<div  class='av-social-sharing-box  avia-builder-el-7  el_after_av_hr  el_before_av_hr  '><div class='av-share-box'><h5 class='av-share-link-description av-no-toc '>Compartir esta noticia<\/h5><ul class='av-share-box-list noLightbox'><li class='av-share-link av-social-link-facebook' ><a target=\"_blank\" aria-label=\"Compartir en Facebook\" href='https:\/\/www.facebook.com\/sharer.php?u=https:\/\/radiorevelacionfm.cl\/?p=2701&#038;t=PDI%20Ays%C3%A9n%20recorre%20el%20sector%20norte%20de%20la%20regi%C3%B3n%20fiscalizando%20condici%C3%B3n%20migratoria%20de%20ciudadanos%20extranjeros' aria-hidden='false' data-av_icon='\ue8f3' data-av_iconfont='entypo-fontello' title='' data-avia-related-tooltip='Compartir en Facebook' rel=\"noopener\"><span class='avia_hidden_link_text'>Compartir en Facebook<\/span><\/a><\/li><li class='av-share-link av-social-link-twitter' ><a target=\"_blank\" aria-label=\"Compartir en Twitter\" href='https:\/\/twitter.com\/share?text=PDI%20Ays%C3%A9n%20recorre%20el%20sector%20norte%20de%20la%20regi%C3%B3n%20fiscalizando%20condici%C3%B3n%20migratoria%20de%20ciudadanos%20extranjeros&#038;url=https:\/\/radiorevelacionfm.cl\/?p=2701' aria-hidden='false' data-av_icon='\ue8f1' data-av_iconfont='entypo-fontello' title='' data-avia-related-tooltip='Compartir en Twitter' rel=\"noopener\"><span class='avia_hidden_link_text'>Compartir en Twitter<\/span><\/a><\/li><li class='av-share-link av-social-link-whatsapp' ><a target=\"_blank\" aria-label=\"Compartir en Whatsapp\" href='https:\/\/api.whatsapp.com\/send?text=https:\/\/radiorevelacionfm.cl\/?p=2701' aria-hidden='false' data-av_icon='\uf232' data-av_iconfont='entypo-fontello' title='' data-avia-related-tooltip='Compartir en Whatsapp' rel=\"noopener\"><span class='avia_hidden_link_text'>Compartir en Whatsapp<\/span><\/a><\/li><li class='av-share-link av-social-link-linkedin' ><a target=\"_blank\" aria-label=\"Compartir en LinkedIn\" href='https:\/\/linkedin.com\/shareArticle?mini=true&#038;title=PDI%20Ays%C3%A9n%20recorre%20el%20sector%20norte%20de%20la%20regi%C3%B3n%20fiscalizando%20condici%C3%B3n%20migratoria%20de%20ciudadanos%20extranjeros&#038;url=https:\/\/radiorevelacionfm.cl\/?p=2701' aria-hidden='false' data-av_icon='\ue8fc' data-av_iconfont='entypo-fontello' title='' data-avia-related-tooltip='Compartir en LinkedIn' rel=\"noopener\"><span class='avia_hidden_link_text'>Compartir en LinkedIn<\/span><\/a><\/li><li class='av-share-link av-social-link-mail' ><a  aria-label=\"Compartir por correo\" href='mailto:?subject=PDI%20Ays%C3%A9n%20recorre%20el%20sector%20norte%20de%20la%20regi%C3%B3n%20fiscalizando%20condici%C3%B3n%20migratoria%20de%20ciudadanos%20extranjeros&#038;body=https:\/\/radiorevelacionfm.cl\/?p=2701' aria-hidden='false' data-av_icon='\ue805' data-av_iconfont='entypo-fontello' title='' data-avia-related-tooltip='Compartir por correo'><span class='avia_hidden_link_text'>Compartir por correo<\/span><\/a><\/li><\/ul><\/div><\/div>\n<div  style='height:50px' class='hr hr-invisible   avia-builder-el-8  el_after_av_social_share  el_before_av_comments_list '><span class='hr-inner ' ><span class='hr-inner-style'><\/span><\/span><\/div>\n<div  class='av-buildercomment  av-blog-meta-html-info-disabled av-blog-meta-tag-disabled  '><\/div>\n<div  style='height:50px' class='hr hr-invisible   avia-builder-el-10  el_after_av_comments_list  avia-builder-el-last '><span class='hr-inner ' ><span class='hr-inner-style'><\/span><\/span><\/div>\n","protected":false},"excerpt":{"rendered":"","protected":false},"author":1,"featured_media":0,"comment_status":"open","ping_status":"open","sticky":false,"template":"","format":"standard","meta":{"footnotes":""},"categories":[36],"tags":[],"class_list":["post-2701","post","type-post","status-publish","format-standard","hentry","category-policial"],"jetpack_featured_media_url":"","_links":{"self":[{"href":"https:\/\/radiorevelacionfm.cl\/index.php?rest_route=\/wp\/v2\/posts\/2701","targetHints":{"allow":["GET"]}}],"collection":[{"href":"https:\/\/radiorevelacionfm.cl\/index.php?rest_route=\/wp\/v2\/posts"}],"about":[{"href":"https:\/\/radiorevelacionfm.cl\/index.php?rest_route=\/wp\/v2\/types\/post"}],"author":[{"embeddable":true,"href":"https:\/\/radiorevelacionfm.cl\/index.php?rest_route=\/wp\/v2\/users\/1"}],"replies":[{"embeddable":true,"href":"https:\/\/radiorevelacionfm.cl\/index.php?rest_route=%2Fwp%2Fv2%2Fcomments&post=2701"}],"version-history":[{"count":1,"href":"https:\/\/radiorevelacionfm.cl\/index.php?rest_route=\/wp\/v2\/posts\/2701\/revisions"}],"predecessor-version":[{"id":2703,"href":"https:\/\/radiorevelacionfm.cl\/index.php?rest_route=\/wp\/v2\/posts\/2701\/revisions\/2703"}],"wp:attachment":[{"href":"https:\/\/radiorevelacionfm.cl\/index.php?rest_route=%2Fwp%2Fv2%2Fmedia&parent=2701"}],"wp:term":[{"taxonomy":"category","embeddable":true,"href":"https:\/\/radiorevelacionfm.cl\/index.php?rest_route=%2Fwp%2Fv2%2Fcategories&post=2701"},{"taxonomy":"post_tag","embeddable":true,"href":"https:\/\/radiorevelacionfm.cl\/index.php?rest_route=%2Fwp%2Fv2%2Ftags&post=2701"}],"curies":[{"name":"wp","href":"https:\/\/api.w.org\/{rel}","templated":true}]}}